{"id":26368,"date":"2026-04-29T23:16:55","date_gmt":"2026-04-30T03:16:55","guid":{"rendered":"https:\/\/ermdigital.com\/?p=26368"},"modified":"2026-04-29T23:16:55","modified_gmt":"2026-04-30T03:16:55","slug":"abinader-condecora-de-manera-postuma-al-expresidente-ulises-francisco-espaillat","status":"publish","type":"post","link":"https:\/\/ermdigital.com\/?p=26368","title":{"rendered":"Abinader condecora de manera p\u00f3stuma al expresidente Ulises Francisco Espaillat"},"content":{"rendered":"<p><strong>Santo\u00a0Domingo<\/strong>.-\u00a0<strong>El presidente Luis\u00a0Abinader<\/strong>\u00a0encabez\u00f3 el acto de conmemoraci\u00f3n del\u00a0<strong>150 aniversario del <a href=\"https:\/\/www.presidencia.gob.do\/noticias\/presidente-abinader-condecora-de-manera-postuma-al-expresidente-ulises-francisco-espaillat\" target=\"_blank\" rel=\"noopener\">gobierno<\/a> de\u00a0<\/strong>Ulises Francisco Espaillat, a quien calific\u00f3 como el mayor referente \u00e9tico de la naci\u00f3n dominicana y, adem\u00e1s, otorg\u00f3 de manera p\u00f3stuma, mediante el\u00a0<strong>Decreto 279-26<\/strong>, la condecoraci\u00f3n de la\u00a0<strong>Orden del M\u00e9rito de Duarte, S\u00e1nchez y Mella\u00a0<\/strong>en el Grado de Gran Cruz Placa de Oro.\u00a0<\/p>\n<p>Esta distinci\u00f3n fue recibida en custodia por la\u00a0<strong>Academia Dominicana de la Historia<\/strong>, donde ser\u00e1 exhibida junto a otras reliquias institucionales.\u00a0<\/p>\n<p>El acto se celebr\u00f3 hoy, 29 de abril,\u00a0<strong>D\u00eda Nacional de la \u00c9tica Ciudadana.<\/strong>\u00a0<\/p>\n<p>Basado en el legado de pulcritud de Francisco Ulises Espaillat, el jefe de Estado destac\u00f3 que su gesti\u00f3n de Gobierno se desarrolla en una pr\u00e1ctica cotidiana de\u00a0<strong>honestidad e integridad<\/strong>\u00a0que fortalece el\u00a0<strong>ejercicio pol\u00edtico, la gesti\u00f3n p\u00fablica y la democracia<\/strong>, en favor de todos y todas, llevando transformaci\u00f3n, justicia y dignidad en tiempos en\u00a0<em>\u201cque la ciudadan\u00eda exige, y con raz\u00f3n, instituciones que funcionen, Gobiernos que respondan y l\u00edderes que act\u00faen con coherencia\u201d.<\/em>\u00a0<\/p>\n<p><em>\u201cY es ah\u00ed donde el legado de Espaillat encuentra un eco directo en el presente. Cuando impulsamos una gesti\u00f3n p\u00fablica basada en la transparencia, cuando fortalecemos los mecanismos de rendici\u00f3n de cuentas, cuando defendemos la independencia del Ministerio P\u00fablico, y promovemos que la ley se aplique sin excepciones\u201d.<\/em>\u00a0<\/p>\n<h5 class=\"wp-block-heading\"><strong>Recomendamos leer:<a href=\"https:\/\/deultimominuto.net\/nacionales\/abinader-comision-plan-san-juan\/\">Abinader crea comisi\u00f3n del Plan San Juan y designa a Carlos Alessandry Roa Howley como director ejecutivo<\/a><\/strong><\/h5>\n<p>Durante la ceremonia, el presidente\u00a0Abinader\u00a0recibi\u00f3 tambi\u00e9n, por el ministro de Cultura,\u00a0<strong>Roberto \u00c1ngel Salcedo<\/strong>, una\u00a0<strong>medalla conmemorativa<\/strong>\u00a0por el sesquicentenario del gobierno de Espaillat, un gesto que refuerza su compromiso con los\u00a0<strong>valores democr\u00e1ticos<\/strong>\u00a0y con la preservaci\u00f3n del patrimonio hist\u00f3rico nacional.\u00a0<\/p>\n<p><strong>Preservaci\u00f3n del patrimonio hist\u00f3rico<\/strong>\u00a0<\/p>\n<p>De su lado, el presidente de la Academia Dominicana de la Historia reconoci\u00f3 al mandatario Luis\u00a0Abinader\u00a0como \u201c<em>uno de los estadistas dominicanos que m\u00e1s ha propiciado la preservaci\u00f3n del patrimonio hist\u00f3rico, construyendo un legado hermoso y de orgullo\u201d<\/em>\u00a0y fortaleciendo as\u00ed la identidad nacional. En este contexto, resalt\u00f3 la rehabilitaci\u00f3n del\u00a0<strong>Museo Nacional de Historia y Geograf\u00eda<\/strong>, en la Plaza de la Cultura Juan Pablo Duarte; el de\u00a0<strong>Horacio V\u00e1zquez,<\/strong>\u00a0en Tamboril; el\u00a0<strong>Museo de Arte<\/strong>, en Santiago; la\u00a0<strong>Sala Memorial de\u00a0<\/strong><strong>Mayobanex<\/strong><strong>\u00a0Vargas<\/strong>, en Bonao; el\u00a0<strong>Museo del Oro y la Plata<\/strong>\u00a0de Cotu\u00ed; el\u00a0<strong>Museo de Historia y Tradiciones<\/strong>\u00a0de Santiago, as\u00ed como el proyectado recientemente,\u00a0<strong>Museo de la Gesta de Abril<\/strong>, entre otros.\u00a0\u00a0<\/p>\n<p><strong>Recordando legado de Espaillat<\/strong>\u00a0<\/p>\n<p>Finalmente, el\u00a0<strong>ministro de Cultura<\/strong>, Roberto \u00c1ngel Salcedo, quien preside la Comisi\u00f3n para la Conmemoraci\u00f3n del sesquicentenario del gobierno de Ulises Francisco Espaillat, creada mediante el\u00a0<strong>Decreto 640-25<\/strong>, expres\u00f3 su satisfacci\u00f3n por el cumplimiento de los objetivos de\u00a0la misma, al desarrollar una serie de actividades que resaltan\u00a0<strong>la figura y legado de Ulises Francisco Espaillat.<\/strong>\u00a0<\/p>\n<p>Cit\u00f3 entonces la reci\u00e9n finalizada\u00a0<strong>Feria Regional del Libro y la Cultura Cibao 2026,<\/strong>\u00a0que dedic\u00f3 gran parte de su\u00a0<strong>agenda cultural y program\u00e1tica<\/strong>\u00a0a la figura del expresidente, se impartieron charlas y conferencias ventilando los ideales de Espaillat y se imprimieron y distribuyeron varias obras alrededor de su pensamiento.\u00a0<\/p>\n<p><strong>Tambi\u00e9n puedes leer: <a href=\"https:\/\/deultimominuto.net\/nacionales\/abinader-y-collado-entregan-renovada-playa-de-sosua-y-moderna-plaza-de-vendedores\/\">Abinader y Collado entregan renovada playa de Sos\u00faa y moderna plaza de vendedores<\/a><\/strong><\/p>\n<p>En el acto tambi\u00e9n estuvieron presentes el ministro Administrativo de la Presidencia,\u00a0<strong>Andr\u00e9s Bautista<\/strong>, y la directora de \u00c9tica e Integridad Gubernamental,\u00a0<strong>Milagros Ortiz Bosch.<\/strong>\u00a0<\/p>\n<figure class=\"wp-block-gallery has-nested-images columns-default is-cropped wp-block-gallery-1 is-layout-flex wp-block-gallery-is-layout-flex\">\n<figure class=\"wp-block-image size-large\"><img loading=\"lazy\" decoding=\"async\" width=\"1024\" height=\"575\" data-id=\"648297\" src=\"https:\/\/cdn.deultimominuto.net\/wp-content\/uploads\/2026\/04\/Diseno-sin-titulo-10_0-1024x575.jpg\" alt=\"Abinader condecora de manera p\u00f3stuma al expresidente Ulises Francisco Espaillat - Noticias de hoy en Rep\u00fablica Dominicana | De \u00daltimo Minuto\" class=\"wp-image-648297\" title=\"Abinader condecora de manera p\u00f3stuma al expresidente Ulises Francisco Espaillat | 1 |\"><\/figure>\n<figure class=\"wp-block-image size-large\"><img loading=\"lazy\" decoding=\"async\" width=\"1024\" height=\"575\" data-id=\"648298\" src=\"https:\/\/cdn.deultimominuto.net\/wp-content\/uploads\/2026\/04\/Diseno-sin-titulo-11_0-1024x575.jpg\" alt=\"Abinader condecora de manera p\u00f3stuma al expresidente Ulises Francisco Espaillat - Noticias de hoy en Rep\u00fablica Dominicana | De \u00daltimo Minuto\" class=\"wp-image-648298\" title=\"Abinader condecora de manera p\u00f3stuma al expresidente Ulises Francisco Espaillat | 2 |\"><\/figure>\n<\/figure>\n<p>\u200bSanto\u00a0Domingo.-\u00a0El presidente Luis\u00a0Abinader\u00a0encabez\u00f3 el acto de conmemoraci\u00f3n del\u00a0150 aniversario del gobierno de\u00a0Ulises Francisco Espaillat, a quien calific\u00f3 como el mayor referente \u00e9tico de la naci\u00f3n dominicana y, adem\u00e1s, otorg\u00f3 de manera p\u00f3stuma, mediante el\u00a0Decreto 279-26, la condecoraci\u00f3n de la\u00a0Orden del M\u00e9rito de Duarte, S\u00e1nchez y Mella\u00a0en el Grado de Gran Cruz Placa de Oro.\u00a0 Esta\u00a0\u00a0Nacionales, Luis\u00a0Abinader, Ulises Francisco Espaillat\u00a0\u00a0<\/p>\n","protected":false},"excerpt":{"rendered":"<p>Santo\u00a0Domingo.-\u00a0El presidente Luis\u00a0Abinader\u00a0encabez\u00f3 el acto de conmemoraci\u00f3n del\u00a0150 aniversario del gobierno de\u00a0Ulises Francisco Espaillat, a quien calific\u00f3 como el mayor referente \u00e9tico de la naci\u00f3n dominicana y, adem\u00e1s, otorg\u00f3 de manera p\u00f3stuma, mediante el\u00a0Decreto 279-26, la condecoraci\u00f3n de la\u00a0Orden del M\u00e9rito de Duarte, S\u00e1nchez y Mella\u00a0en el Grado de Gran Cruz Placa de Oro.\u00a0 Esta [&hellip;]<\/p>\n","protected":false},"author":1,"featured_media":26369,"comment_status":"open","ping_status":"open","sticky":false,"template":"","format":"standard","meta":{"amp_status":"","footnotes":""},"categories":[3],"tags":[],"class_list":["post-26368","post","type-post","status-publish","format-standard","has-post-thumbnail","hentry","category-de-ultimo-minuto"],"_links":{"self":[{"href":"https:\/\/ermdigital.com\/index.php?rest_route=\/wp\/v2\/posts\/26368","targetHints":{"allow":["GET"]}}],"collection":[{"href":"https:\/\/ermdigital.com\/index.php?rest_route=\/wp\/v2\/posts"}],"about":[{"href":"https:\/\/ermdigital.com\/index.php?rest_route=\/wp\/v2\/types\/post"}],"author":[{"embeddable":true,"href":"https:\/\/ermdigital.com\/index.php?rest_route=\/wp\/v2\/users\/1"}],"replies":[{"embeddable":true,"href":"https:\/\/ermdigital.com\/index.php?rest_route=%2Fwp%2Fv2%2Fcomments&post=26368"}],"version-history":[{"count":0,"href":"https:\/\/ermdigital.com\/index.php?rest_route=\/wp\/v2\/posts\/26368\/revisions"}],"wp:featuredmedia":[{"embeddable":true,"href":"https:\/\/ermdigital.com\/index.php?rest_route=\/wp\/v2\/media\/26369"}],"wp:attachment":[{"href":"https:\/\/ermdigital.com\/index.php?rest_route=%2Fwp%2Fv2%2Fmedia&parent=26368"}],"wp:term":[{"taxonomy":"category","embeddable":true,"href":"https:\/\/ermdigital.com\/index.php?rest_route=%2Fwp%2Fv2%2Fcategories&post=26368"},{"taxonomy":"post_tag","embeddable":true,"href":"https:\/\/ermdigital.com\/index.php?rest_route=%2Fwp%2Fv2%2Ftags&post=26368"}],"curies":[{"name":"wp","href":"https:\/\/api.w.org\/{rel}","templated":true}]}}