{"id":26355,"date":"2026-04-29T13:10:51","date_gmt":"2026-04-29T17:10:51","guid":{"rendered":"https:\/\/ermdigital.com\/?p=26355"},"modified":"2026-04-29T13:10:51","modified_gmt":"2026-04-29T17:10:51","slug":"fjg-sugiere-al-gobierno-poner-atencion-a-la-alerta-de-rainieri-sobre-falta-de-planificacion","status":"publish","type":"post","link":"https:\/\/ermdigital.com\/?p=26355","title":{"rendered":"FJG sugiere al Gobierno poner atenci\u00f3n a la alerta de Rainieri sobre falta de planificaci\u00f3n"},"content":{"rendered":"<p>\u200b<\/p>\n<p class=\"relacionadosSingle\">Temas relacionados: <b><a href=\"https:\/\/www.arecoa.com\/tag\/francisco-javier-garcia\/\" rel=\"tag\">Francisco Javier Garc\u00eda<\/a>, <a href=\"https:\/\/www.arecoa.com\/tag\/frank-rainieri\/\" rel=\"tag\">Frank Rainieri<\/a>, <a href=\"https:\/\/www.arecoa.com\/tag\/grupo-puntacana\/\" rel=\"tag\">Grupo PUNTACANA<\/a>, <a href=\"https:\/\/www.arecoa.com\/tag\/pld\/\" rel=\"tag\">PLD<\/a>, <a href=\"https:\/\/www.arecoa.com\/tag\/punta-cana\/\" rel=\"tag\">Punta Cana<\/a>, <a href=\"https:\/\/www.arecoa.com\/tag\/santo-domingo\/\" rel=\"tag\">Santo Domingo<\/a><\/b><\/p>\n<p><small>29 abril, 2026<\/small><a href=\"https:\/\/www.arecoa.com\/personalidades\/2026\/04\/29\/fjg-sugiere-al-gobierno-poner-atencion-a-la-alerta-de-rainieri-sobre-falta-de-planificacion\/#respond\"><br \/>\n    <img decoding=\"async\" src=\"https:\/\/www.arecoa.com\/wp-content\/themes\/arecoa\/images\/comment.png\" alt=\"image\" style=\"text-align: absmiddle\" \/> Deja un comentario\t\t<\/a><\/p>\n<div class=\"post content\">\n<p>El aspirante presidencial del Partido de la Liberaci\u00f3n Dominicana (<strong>PLD<\/strong>), <strong>Francisco Javier Garc\u00eda<\/strong>, consider\u00f3 que el gobierno debe prestar atenci\u00f3n a la alerta hecha por el empresario <strong>Frank Rainieri<\/strong> en relaci\u00f3n con la falta de planificaci\u00f3n en aspectos vitales del turismo.<\/p>\n<p><a href=\"https:\/\/www.arecoa.com\/wp-content\/uploads\/2026\/04\/Francisco-Javier.webp\"><img loading=\"lazy\" decoding=\"async\" class=\"alignleft size-full wp-image-215630\" src=\"https:\/\/www.arecoa.com\/wp-content\/uploads\/2026\/04\/Francisco-Javier.webp\" alt=\"\" width=\"1024\" height=\"575\" \/><\/a>El exministro de Turismo dijo que, si hay una actividad generadora de riqueza que no debe ser descuidada, es la tur\u00edstica, debido al impacto positivo que tiene en la econom\u00eda dominicana.<\/p>\n<p>\u201cHa pasado una semana del planteamiento del empresario Frank Rainieri y no he visto, al menos p\u00fablicamente, la reacci\u00f3n de las autoridades gubernamentales. Una comisi\u00f3n de altos funcionarios deber\u00eda ir a hablar con \u00e9l sobre el alcance de lo que ha dicho con la finalidad de solucionar cualquier situaci\u00f3n que no marche bien\u201d, expres\u00f3.<\/p>\n<p>Garc\u00eda afirm\u00f3 que la industria tur\u00edstica es fundamental para la econ\u00f3mica, en vista de su aporte significativo al Producto Interno Bruto (PIB) del pa\u00eds.<\/p>\n<p>Sostuvo que, ciertamente, un desarrollo tur\u00edstico desordenado, carente de planificaci\u00f3n ni supervisi\u00f3n podr\u00eda da\u00f1ar un determinado destino tur\u00edstico.<\/p>\n<\/div>\n<hr class=\"noCss\" \/>\u00a0<\/p>\n","protected":false},"excerpt":{"rendered":"<p>\u200b Temas relacionados: Francisco Javier Garc\u00eda, Frank Rainieri, Grupo PUNTACANA, PLD, Punta Cana, Santo Domingo 29 abril, 2026 Deja un comentario El aspirante presidencial del Partido de la Liberaci\u00f3n Dominicana (PLD), Francisco Javier Garc\u00eda, consider\u00f3 que el gobierno debe prestar atenci\u00f3n a la alerta hecha por el empresario Frank Rainieri en relaci\u00f3n con la falta [&hellip;]<\/p>\n","protected":false},"author":1,"featured_media":26356,"comment_status":"open","ping_status":"open","sticky":false,"template":"","format":"standard","meta":{"amp_status":"","footnotes":""},"categories":[10],"tags":[],"class_list":["post-26355","post","type-post","status-publish","format-standard","has-post-thumbnail","hentry","category-food-travel"],"_links":{"self":[{"href":"https:\/\/ermdigital.com\/index.php?rest_route=\/wp\/v2\/posts\/26355","targetHints":{"allow":["GET"]}}],"collection":[{"href":"https:\/\/ermdigital.com\/index.php?rest_route=\/wp\/v2\/posts"}],"about":[{"href":"https:\/\/ermdigital.com\/index.php?rest_route=\/wp\/v2\/types\/post"}],"author":[{"embeddable":true,"href":"https:\/\/ermdigital.com\/index.php?rest_route=\/wp\/v2\/users\/1"}],"replies":[{"embeddable":true,"href":"https:\/\/ermdigital.com\/index.php?rest_route=%2Fwp%2Fv2%2Fcomments&post=26355"}],"version-history":[{"count":0,"href":"https:\/\/ermdigital.com\/index.php?rest_route=\/wp\/v2\/posts\/26355\/revisions"}],"wp:featuredmedia":[{"embeddable":true,"href":"https:\/\/ermdigital.com\/index.php?rest_route=\/wp\/v2\/media\/26356"}],"wp:attachment":[{"href":"https:\/\/ermdigital.com\/index.php?rest_route=%2Fwp%2Fv2%2Fmedia&parent=26355"}],"wp:term":[{"taxonomy":"category","embeddable":true,"href":"https:\/\/ermdigital.com\/index.php?rest_route=%2Fwp%2Fv2%2Fcategories&post=26355"},{"taxonomy":"post_tag","embeddable":true,"href":"https:\/\/ermdigital.com\/index.php?rest_route=%2Fwp%2Fv2%2Ftags&post=26355"}],"curies":[{"name":"wp","href":"https:\/\/api.w.org\/{rel}","templated":true}]}}