{"id":26347,"date":"2026-04-29T22:25:48","date_gmt":"2026-04-30T02:25:48","guid":{"rendered":"https:\/\/ermdigital.com\/?p=26347"},"modified":"2026-04-29T22:25:48","modified_gmt":"2026-04-30T02:25:48","slug":"suspenden-docencia-para-montecristi-santiago-rodriguez-y-valverde-por-alerta-roja","status":"publish","type":"post","link":"https:\/\/ermdigital.com\/?p=26347","title":{"rendered":"Suspenden docencia para Montecristi, Santiago Rodr\u00edguez y Valverde por alerta roja\u00a0"},"content":{"rendered":"<p>&lt;![CDATA[<\/p>\n<p>El Ministerio de Educaci\u00f3n de la Rep\u00fablica Dominicana (MINERD) inform\u00f3 la suspensi\u00f3n de docencia para este jueves en las provincias de Montecristi, Santiago Rodr\u00edguez y Valverde, tras ser declaradas en alerta roja en el bolet\u00edn del Centro de Operaciones de Emergencias (COE) debido a las condiciones meteorol\u00f3gicas actuales.<\/p>\n<p><a href=\"https:\/\/listindiario.com\/la-republica\/educacion\/20260429\/suspenden-docencia-montecristi-santiago-rodriguez-valverde-alerta-roja_903856.html\">wf_cms.rss.read_more<\/a><\/p>\n<p>]]&gt;<\/p>\n<p>\u200bEl Ministerio llam\u00f3 a la comunidad educativa a mantenerse atenta a los boletines oficiales y a seguir las orientaciones de los organismos de protecci\u00f3n civil.\u00a0\u00a0Educaci\u00f3n\u00a0<\/p>\n","protected":false},"excerpt":{"rendered":"<p>&lt;![CDATA[ El Ministerio de Educaci\u00f3n de la Rep\u00fablica Dominicana (MINERD) inform\u00f3 la suspensi\u00f3n de docencia para este jueves en las provincias de Montecristi, Santiago Rodr\u00edguez y Valverde, tras ser declaradas en alerta roja en el bolet\u00edn del Centro de Operaciones de Emergencias (COE) debido a las condiciones meteorol\u00f3gicas actuales. wf_cms.rss.read_more ]]&gt; \u200bEl Ministerio llam\u00f3 a [&hellip;]<\/p>\n","protected":false},"author":1,"featured_media":26348,"comment_status":"open","ping_status":"open","sticky":false,"template":"","format":"standard","meta":{"amp_status":"","footnotes":""},"categories":[5],"tags":[],"class_list":["post-26347","post","type-post","status-publish","format-standard","has-post-thumbnail","hentry","category-politica"],"_links":{"self":[{"href":"https:\/\/ermdigital.com\/index.php?rest_route=\/wp\/v2\/posts\/26347","targetHints":{"allow":["GET"]}}],"collection":[{"href":"https:\/\/ermdigital.com\/index.php?rest_route=\/wp\/v2\/posts"}],"about":[{"href":"https:\/\/ermdigital.com\/index.php?rest_route=\/wp\/v2\/types\/post"}],"author":[{"embeddable":true,"href":"https:\/\/ermdigital.com\/index.php?rest_route=\/wp\/v2\/users\/1"}],"replies":[{"embeddable":true,"href":"https:\/\/ermdigital.com\/index.php?rest_route=%2Fwp%2Fv2%2Fcomments&post=26347"}],"version-history":[{"count":0,"href":"https:\/\/ermdigital.com\/index.php?rest_route=\/wp\/v2\/posts\/26347\/revisions"}],"wp:featuredmedia":[{"embeddable":true,"href":"https:\/\/ermdigital.com\/index.php?rest_route=\/wp\/v2\/media\/26348"}],"wp:attachment":[{"href":"https:\/\/ermdigital.com\/index.php?rest_route=%2Fwp%2Fv2%2Fmedia&parent=26347"}],"wp:term":[{"taxonomy":"category","embeddable":true,"href":"https:\/\/ermdigital.com\/index.php?rest_route=%2Fwp%2Fv2%2Fcategories&post=26347"},{"taxonomy":"post_tag","embeddable":true,"href":"https:\/\/ermdigital.com\/index.php?rest_route=%2Fwp%2Fv2%2Ftags&post=26347"}],"curies":[{"name":"wp","href":"https:\/\/api.w.org\/{rel}","templated":true}]}}