{"id":26345,"date":"2026-04-29T22:35:24","date_gmt":"2026-04-30T02:35:24","guid":{"rendered":"https:\/\/ermdigital.com\/?p=26345"},"modified":"2026-04-29T22:35:24","modified_gmt":"2026-04-30T02:35:24","slug":"policia-identifica-haitiano-waifai-como-presunto-autor-de-desaparicion-de-nina-de-6-anos-en-sdo","status":"publish","type":"post","link":"https:\/\/ermdigital.com\/?p=26345","title":{"rendered":"Polic\u00eda identifica haitiano \"Waifai\" como presunto autor de desaparici\u00f3n de ni\u00f1a de 6 a\u00f1os en SDO\u00a0"},"content":{"rendered":"<p>&lt;![CDATA[<\/p>\n<p>La Polic\u00eda Nacional inform\u00f3 que activa la localizaci\u00f3n del haitiano Wolfay Emmanuel alias \u201cWaifai\u201d, se\u00f1alado como el autor de la desaparici\u00f3n de una ni\u00f1a de seis a\u00f1os, de quien es  t\u00edo.<\/p>\n<p><a href=\"https:\/\/listindiario.com\/la-republica\/ciudad\/20260429\/policia-identifica-haitiano-waifai-presunto-autor-desaparicion-nina-6-anos-sdo_903840.html\">wf_cms.rss.read_more<\/a><\/p>\n<p>]]&gt;<\/p>\n<p>\u200bDesde all\u00ed traslad\u00f3 a la ni\u00f1a en una motocicleta hacia un rumbo desconocido, sin la debida autorizaci\u00f3n de sus familiares o tutores.\u00a0\u00a0Ciudad\u00a0<\/p>\n","protected":false},"excerpt":{"rendered":"<p>&lt;![CDATA[ La Polic\u00eda Nacional inform\u00f3 que activa la localizaci\u00f3n del haitiano Wolfay Emmanuel alias \u201cWaifai\u201d, se\u00f1alado como el autor de la desaparici\u00f3n de una ni\u00f1a de seis a\u00f1os, de quien es t\u00edo. wf_cms.rss.read_more ]]&gt; \u200bDesde all\u00ed traslad\u00f3 a la ni\u00f1a en una motocicleta hacia un rumbo desconocido, sin la debida autorizaci\u00f3n de sus familiares o [&hellip;]<\/p>\n","protected":false},"author":1,"featured_media":26346,"comment_status":"open","ping_status":"open","sticky":false,"template":"","format":"standard","meta":{"amp_status":"","footnotes":""},"categories":[5],"tags":[],"class_list":["post-26345","post","type-post","status-publish","format-standard","has-post-thumbnail","hentry","category-politica"],"_links":{"self":[{"href":"https:\/\/ermdigital.com\/index.php?rest_route=\/wp\/v2\/posts\/26345","targetHints":{"allow":["GET"]}}],"collection":[{"href":"https:\/\/ermdigital.com\/index.php?rest_route=\/wp\/v2\/posts"}],"about":[{"href":"https:\/\/ermdigital.com\/index.php?rest_route=\/wp\/v2\/types\/post"}],"author":[{"embeddable":true,"href":"https:\/\/ermdigital.com\/index.php?rest_route=\/wp\/v2\/users\/1"}],"replies":[{"embeddable":true,"href":"https:\/\/ermdigital.com\/index.php?rest_route=%2Fwp%2Fv2%2Fcomments&post=26345"}],"version-history":[{"count":0,"href":"https:\/\/ermdigital.com\/index.php?rest_route=\/wp\/v2\/posts\/26345\/revisions"}],"wp:featuredmedia":[{"embeddable":true,"href":"https:\/\/ermdigital.com\/index.php?rest_route=\/wp\/v2\/media\/26346"}],"wp:attachment":[{"href":"https:\/\/ermdigital.com\/index.php?rest_route=%2Fwp%2Fv2%2Fmedia&parent=26345"}],"wp:term":[{"taxonomy":"category","embeddable":true,"href":"https:\/\/ermdigital.com\/index.php?rest_route=%2Fwp%2Fv2%2Fcategories&post=26345"},{"taxonomy":"post_tag","embeddable":true,"href":"https:\/\/ermdigital.com\/index.php?rest_route=%2Fwp%2Fv2%2Ftags&post=26345"}],"curies":[{"name":"wp","href":"https:\/\/api.w.org\/{rel}","templated":true}]}}