{"id":26343,"date":"2026-04-29T22:38:13","date_gmt":"2026-04-30T02:38:13","guid":{"rendered":"https:\/\/ermdigital.com\/?p=26343"},"modified":"2026-04-29T22:38:13","modified_gmt":"2026-04-30T02:38:13","slug":"abinader-otorga-condecoracion-postuma-de-la-orden-del-merito-de-duarte-sanchez-y-mella","status":"publish","type":"post","link":"https:\/\/ermdigital.com\/?p=26343","title":{"rendered":"Abinader otorga condecoraci\u00f3n p\u00f3stuma de la Orden del M\u00e9rito de Duarte, S\u00e1nchez y Mella\u00a0"},"content":{"rendered":"<p>&lt;![CDATA[<\/p>\n<p>El presidente <b>Luis Abinader<\/b> encabez\u00f3 el acto de conmemoraci\u00f3n del 150 aniversario del gobierno de <b>Francisco Ulises Espaillat<\/b>, a quien calific\u00f3 como el mayor referente \u00e9tico de la naci\u00f3n dominicana y, adem\u00e1s, otorg\u00f3 de manera p\u00f3stuma, mediante el <b>Decreto 279-26<\/b>, la <b>Condecoraci\u00f3n <\/b>de la Orden del <b>M\u00e9rito de Duarte<\/b>, <b>S\u00e1nchez <\/b>y <b>Mella <\/b>en el grado de Gran Cruz Placa de Oro.<\/p>\n<p><a href=\"https:\/\/listindiario.com\/la-republica\/20260429\/presidente-abinader-otorga-condecoracion-postuma-orden-merito-duarte-sanchez-mella_903833.html\">wf_cms.rss.read_more<\/a><\/p>\n<p>]]&gt;<\/p>\n<p>\u200bEsta distinci\u00f3n fue recibida en custodia por la Academia Dominicana de la Historia, donde ser\u00e1 exhibida junto a otras reliquias institucionales.\u00a0\u00a0La Rep\u00fablica\u00a0<\/p>\n","protected":false},"excerpt":{"rendered":"<p>&lt;![CDATA[ El presidente Luis Abinader encabez\u00f3 el acto de conmemoraci\u00f3n del 150 aniversario del gobierno de Francisco Ulises Espaillat, a quien calific\u00f3 como el mayor referente \u00e9tico de la naci\u00f3n dominicana y, adem\u00e1s, otorg\u00f3 de manera p\u00f3stuma, mediante el Decreto 279-26, la Condecoraci\u00f3n de la Orden del M\u00e9rito de Duarte, S\u00e1nchez y Mella en el [&hellip;]<\/p>\n","protected":false},"author":1,"featured_media":26344,"comment_status":"open","ping_status":"open","sticky":false,"template":"","format":"standard","meta":{"amp_status":"","footnotes":""},"categories":[5],"tags":[],"class_list":["post-26343","post","type-post","status-publish","format-standard","has-post-thumbnail","hentry","category-politica"],"_links":{"self":[{"href":"https:\/\/ermdigital.com\/index.php?rest_route=\/wp\/v2\/posts\/26343","targetHints":{"allow":["GET"]}}],"collection":[{"href":"https:\/\/ermdigital.com\/index.php?rest_route=\/wp\/v2\/posts"}],"about":[{"href":"https:\/\/ermdigital.com\/index.php?rest_route=\/wp\/v2\/types\/post"}],"author":[{"embeddable":true,"href":"https:\/\/ermdigital.com\/index.php?rest_route=\/wp\/v2\/users\/1"}],"replies":[{"embeddable":true,"href":"https:\/\/ermdigital.com\/index.php?rest_route=%2Fwp%2Fv2%2Fcomments&post=26343"}],"version-history":[{"count":0,"href":"https:\/\/ermdigital.com\/index.php?rest_route=\/wp\/v2\/posts\/26343\/revisions"}],"wp:featuredmedia":[{"embeddable":true,"href":"https:\/\/ermdigital.com\/index.php?rest_route=\/wp\/v2\/media\/26344"}],"wp:attachment":[{"href":"https:\/\/ermdigital.com\/index.php?rest_route=%2Fwp%2Fv2%2Fmedia&parent=26343"}],"wp:term":[{"taxonomy":"category","embeddable":true,"href":"https:\/\/ermdigital.com\/index.php?rest_route=%2Fwp%2Fv2%2Fcategories&post=26343"},{"taxonomy":"post_tag","embeddable":true,"href":"https:\/\/ermdigital.com\/index.php?rest_route=%2Fwp%2Fv2%2Ftags&post=26343"}],"curies":[{"name":"wp","href":"https:\/\/api.w.org\/{rel}","templated":true}]}}