{"id":26341,"date":"2026-04-29T22:49:53","date_gmt":"2026-04-30T02:49:53","guid":{"rendered":"https:\/\/ermdigital.com\/?p=26341"},"modified":"2026-04-29T22:49:53","modified_gmt":"2026-04-30T02:49:53","slug":"republica-dominicana-se-suma-a-gran-operativo-internacional-contra-la-explotacion-sexual-infantil","status":"publish","type":"post","link":"https:\/\/ermdigital.com\/?p=26341","title":{"rendered":"Rep\u00fablica Dominicana se suma a gran operativo internacional contra la explotaci\u00f3n sexual infantil\u00a0"},"content":{"rendered":"<p>&lt;![CDATA[<\/p>\n<p>El Ministerio P\u00fablico de la Rep\u00fablica Dominicana, a trav\u00e9s de la Procuradur\u00eda Especializada contra Cr\u00edmenes y Delitos de Alta Tecnolog\u00eda (Pedatec), particip\u00f3 en la sexta fase del operativo internacional \u201cAliados por la Infancia VI\u201d.\u00a0<\/p>\n<p><a href=\"https:\/\/listindiario.com\/la-republica\/justicia\/20260429\/republica-dominicana-suma-gran-operativo-internacional-explotacion-sexual-infantil_903864.html\">wf_cms.rss.read_more<\/a><\/p>\n<p>]]&gt;<\/p>\n<p>\u200bLa operaci\u00f3n, que abarc\u00f3 16 pa\u00edses, tiene como objetivo desmantelar redes de explotaci\u00f3n sexual infantil en internet.\u00a0\u00a0Justicia\u00a0<\/p>\n","protected":false},"excerpt":{"rendered":"<p>&lt;![CDATA[ El Ministerio P\u00fablico de la Rep\u00fablica Dominicana, a trav\u00e9s de la Procuradur\u00eda Especializada contra Cr\u00edmenes y Delitos de Alta Tecnolog\u00eda (Pedatec), particip\u00f3 en la sexta fase del operativo internacional \u201cAliados por la Infancia VI\u201d.\u00a0 wf_cms.rss.read_more ]]&gt; \u200bLa operaci\u00f3n, que abarc\u00f3 16 pa\u00edses, tiene como objetivo desmantelar redes de explotaci\u00f3n sexual infantil en internet.\u00a0\u00a0Justicia\u00a0<\/p>\n","protected":false},"author":1,"featured_media":26342,"comment_status":"open","ping_status":"open","sticky":false,"template":"","format":"standard","meta":{"amp_status":"","footnotes":""},"categories":[5],"tags":[],"class_list":["post-26341","post","type-post","status-publish","format-standard","has-post-thumbnail","hentry","category-politica"],"_links":{"self":[{"href":"https:\/\/ermdigital.com\/index.php?rest_route=\/wp\/v2\/posts\/26341","targetHints":{"allow":["GET"]}}],"collection":[{"href":"https:\/\/ermdigital.com\/index.php?rest_route=\/wp\/v2\/posts"}],"about":[{"href":"https:\/\/ermdigital.com\/index.php?rest_route=\/wp\/v2\/types\/post"}],"author":[{"embeddable":true,"href":"https:\/\/ermdigital.com\/index.php?rest_route=\/wp\/v2\/users\/1"}],"replies":[{"embeddable":true,"href":"https:\/\/ermdigital.com\/index.php?rest_route=%2Fwp%2Fv2%2Fcomments&post=26341"}],"version-history":[{"count":0,"href":"https:\/\/ermdigital.com\/index.php?rest_route=\/wp\/v2\/posts\/26341\/revisions"}],"wp:featuredmedia":[{"embeddable":true,"href":"https:\/\/ermdigital.com\/index.php?rest_route=\/wp\/v2\/media\/26342"}],"wp:attachment":[{"href":"https:\/\/ermdigital.com\/index.php?rest_route=%2Fwp%2Fv2%2Fmedia&parent=26341"}],"wp:term":[{"taxonomy":"category","embeddable":true,"href":"https:\/\/ermdigital.com\/index.php?rest_route=%2Fwp%2Fv2%2Fcategories&post=26341"},{"taxonomy":"post_tag","embeddable":true,"href":"https:\/\/ermdigital.com\/index.php?rest_route=%2Fwp%2Fv2%2Ftags&post=26341"}],"curies":[{"name":"wp","href":"https:\/\/api.w.org\/{rel}","templated":true}]}}