{"id":26339,"date":"2026-04-29T21:35:07","date_gmt":"2026-04-30T01:35:07","guid":{"rendered":"https:\/\/ermdigital.com\/?p=26339"},"modified":"2026-04-29T21:35:07","modified_gmt":"2026-04-30T01:35:07","slug":"policia-identifica-a-haitiano-waifai-como-presunto-responsable-de-desaparicion-de-nina-de-6-anos-en-sdo","status":"publish","type":"post","link":"https:\/\/ermdigital.com\/?p=26339","title":{"rendered":"Polic\u00eda identifica a haitiano \"Waifai\" como presunto responsable de desaparici\u00f3n de ni\u00f1a de 6 a\u00f1os en SDO"},"content":{"rendered":"<p><strong>Santo Domingo<\/strong>.- La <strong><a href=\"https:\/\/www.instagram.com\/policiard\/\" target=\"_blank\" rel=\"noopener\">Polic\u00eda Nacional<\/a><\/strong> inform\u00f3 que ha identificado a <strong>Wolfay Emmanuel<\/strong>, alias \"<strong>Waifai<\/strong>\", como el principal sospechoso en el caso de la desaparici\u00f3n de una ni\u00f1a de 6 a\u00f1os en Santo Domingo Oeste. Seg\u00fan las autoridades, el sospechoso es t\u00edo de la menor y se encuentra pr\u00f3fugo.<\/p>\n<p>El informe preliminar detalla que la ni\u00f1a fue reportada como desaparecida la noche del martes 28 de abril, luego de salir de su casa por la ma\u00f1ana junto a su hermano de 11 a\u00f1os, con destino a su escuela, pero nunca lleg\u00f3. Las investigaciones, basadas en im\u00e1genes de c\u00e1maras de videovigilancia, revelaron que en el trayecto, la menor se detuvo y cambi\u00f3 su uniforme escolar por un vestido que su t\u00edo le entreg\u00f3. Luego, \"Waifai\" la traslad\u00f3 en una motocicleta hacia un lugar desconocido, sin el consentimiento de los padres o tutores de la ni\u00f1a.<\/p>\n<h5 class=\"wp-block-heading\"><strong>Recomendamos leer: <a href=\"https:\/\/deultimominuto.net\/nacionales\/policia-ultimado-hecho-violento\/\">Polic\u00eda identifica a \u201cJairo el Sicario\u201d como hombre ultimado en hecho violento en Santo Domingo Norte<\/a><\/strong><\/h5>\n<p>En respuesta al caso, la Polic\u00eda ha desplegado equipos de la Subdirecci\u00f3n de Investigaci\u00f3n (DICRIM), junto a unidades especializadas, Defensa Civil y una Unidad Canina, para rastrear y buscar a la ni\u00f1a en diferentes \u00e1reas. La instituci\u00f3n destac\u00f3 que \"Waifai\" es considerado de alto inter\u00e9s en la investigaci\u00f3n y permanece pr\u00f3fugo.<\/p>\n<p>Adem\u00e1s, varios individuos han sido detenidos para fines de investigaci\u00f3n y ser\u00e1n enviados a las autoridades correspondientes a medida que contin\u00faan las pesquisas.<\/p>\n<p>\u200bSanto Domingo.- La Polic\u00eda Nacional inform\u00f3 que ha identificado a Wolfay Emmanuel, alias \"Waifai\", como el principal sospechoso en el caso de la desaparici\u00f3n de una ni\u00f1a de 6 a\u00f1os en Santo Domingo Oeste. Seg\u00fan las autoridades, el sospechoso es t\u00edo de la menor y se encuentra pr\u00f3fugo. El informe preliminar detalla que la ni\u00f1a\u00a0\u00a0Nacionales, desaparici\u00f3n, Haitiano, ni\u00f1a, Policia\u00a0\u00a0<\/p>\n","protected":false},"excerpt":{"rendered":"<p>Santo Domingo.- La Polic\u00eda Nacional inform\u00f3 que ha identificado a Wolfay Emmanuel, alias \"Waifai\", como el principal sospechoso en el caso de la desaparici\u00f3n de una ni\u00f1a de 6 a\u00f1os en Santo Domingo Oeste. Seg\u00fan las autoridades, el sospechoso es t\u00edo de la menor y se encuentra pr\u00f3fugo. El informe preliminar detalla que la ni\u00f1a [&hellip;]<\/p>\n","protected":false},"author":1,"featured_media":26340,"comment_status":"open","ping_status":"open","sticky":false,"template":"","format":"standard","meta":{"amp_status":"","footnotes":""},"categories":[3],"tags":[],"class_list":["post-26339","post","type-post","status-publish","format-standard","has-post-thumbnail","hentry","category-de-ultimo-minuto"],"_links":{"self":[{"href":"https:\/\/ermdigital.com\/index.php?rest_route=\/wp\/v2\/posts\/26339","targetHints":{"allow":["GET"]}}],"collection":[{"href":"https:\/\/ermdigital.com\/index.php?rest_route=\/wp\/v2\/posts"}],"about":[{"href":"https:\/\/ermdigital.com\/index.php?rest_route=\/wp\/v2\/types\/post"}],"author":[{"embeddable":true,"href":"https:\/\/ermdigital.com\/index.php?rest_route=\/wp\/v2\/users\/1"}],"replies":[{"embeddable":true,"href":"https:\/\/ermdigital.com\/index.php?rest_route=%2Fwp%2Fv2%2Fcomments&post=26339"}],"version-history":[{"count":0,"href":"https:\/\/ermdigital.com\/index.php?rest_route=\/wp\/v2\/posts\/26339\/revisions"}],"wp:featuredmedia":[{"embeddable":true,"href":"https:\/\/ermdigital.com\/index.php?rest_route=\/wp\/v2\/media\/26340"}],"wp:attachment":[{"href":"https:\/\/ermdigital.com\/index.php?rest_route=%2Fwp%2Fv2%2Fmedia&parent=26339"}],"wp:term":[{"taxonomy":"category","embeddable":true,"href":"https:\/\/ermdigital.com\/index.php?rest_route=%2Fwp%2Fv2%2Fcategories&post=26339"},{"taxonomy":"post_tag","embeddable":true,"href":"https:\/\/ermdigital.com\/index.php?rest_route=%2Fwp%2Fv2%2Ftags&post=26339"}],"curies":[{"name":"wp","href":"https:\/\/api.w.org\/{rel}","templated":true}]}}