{"id":26333,"date":"2026-04-29T22:03:12","date_gmt":"2026-04-30T02:03:12","guid":{"rendered":"https:\/\/ermdigital.com\/?p=26333"},"modified":"2026-04-29T22:03:12","modified_gmt":"2026-04-30T02:03:12","slug":"el-senado-de-brasil-rechazo-al-candidato-de-lula-para-la-corte-suprema-y-marco-el-primer-veto-en-132-anos","status":"publish","type":"post","link":"https:\/\/ermdigital.com\/?p=26333","title":{"rendered":"El Senado de Brasil rechaz\u00f3 al candidato de Lula para la Corte Suprema y marc\u00f3 el primer veto en 132 a\u00f1os"},"content":{"rendered":"<p>El Senado de\u00a0<strong>Brasil\u00a0<\/strong>rechaz\u00f3 la nominaci\u00f3n de\u00a0<strong>Jorge Messias<\/strong>, propuesto por el<a href=\"https:\/\/deultimominuto.net\/internacionales\/rd-fortalece-su-presencia\/\"> presidente<\/a> Luiz In\u00e1cio Lula da Silva, para ocupar un lugar en la Corte Suprema.<\/p>\n<p><a href=\"https:\/\/www.infobae.com\/america\/america-latina\/2026\/04\/29\/la-policia-de-brasil-le-devolvio-las-credenciales-a-un-agente-estadounidense-tras-haber-aplicado-el-principio-de-reciprocidad\/\" target=\"_blank\" rel=\"noreferrer noopener\"><\/a>Con una votaci\u00f3n secreta,\u00a0<strong>42 senadores se pronunciaron en contra y 34 a favor<\/strong>, bloqueando el nombramiento que requer\u00eda 41 votos afirmativos para su aprobaci\u00f3n.<\/p>\n<p>La decisi\u00f3n marca un hecho in\u00e9dito en la historia reciente de Brasil:\u00a0<strong>el Senado no vetaba un candidato a la Corte Suprema desde 1894<\/strong>, seg\u00fan el registro oficial del Legislativo. El rechazo obliga al presidente Lula a presentar un\u00a0<strong>nuevo nombre<\/strong>, que deber\u00e1 pasar por el mismo proceso de evaluaci\u00f3n y votaci\u00f3n en la c\u00e1mara alta.<\/p>\n<p><a href=\"https:\/\/www.infobae.com\/america\/america-latina\/2026\/04\/28\/el-magnate-anant-ambani-ofrecio-trasladar-80-hipopotamos-colombianos-a-su-reserva-natural-en-la-india\/\" target=\"_blank\" rel=\"noreferrer noopener\"><\/a>Jorge Messias, procurador general de Brasil desde 2023 y colaborador cercano de Lula, hab\u00eda sido inicialmente aprobado por la Comisi\u00f3n de Constituci\u00f3n y Justicia del Senado con\u00a0<strong>16 votos a favor y 11 en contra<\/strong>.<\/p>\n<p><strong>Recomendamos leer: <a href=\"https:\/\/deultimominuto.net\/deportes\/moncho-monsalve-ex-tecnico-de-republica-dominicana-y-brasil-fallece-a-los-81-anos\/\">Moncho Monsalve, ex t\u00e9cnico de Rep\u00fablica Dominicana y Brasil, fallece a los 81 a\u00f1os<\/a><\/strong><\/p>\n<p>Durante su presentaci\u00f3n en el Senado, Messias destac\u00f3 su perfil t\u00e9cnico y su origen evang\u00e9lico (Reuters)<\/p>\n<p>Sin embargo, el pleno no ratific\u00f3 la decisi\u00f3n, dejando vacante el cargo que antes ocupaba\u00a0<strong>Lu\u00eds Roberto Barroso<\/strong>, jubilado recientemente. Desde entonces, la Corte Suprema funciona con solo 10 miembros.<\/p>\n<p><a href=\"https:\/\/www.infobae.com\/america\/america-latina\/2026\/04\/28\/crisis-en-cuba-el-turismo-se-desplomo-un-48-en-el-primer-trimestre-del-ano-y-golpeo-una-de-las-principales-fuentes-de-divisas-del-pais\/\" target=\"_blank\" rel=\"noreferrer noopener\"><\/a>El contexto pol\u00edtico de la votaci\u00f3n estuvo condicionado por la cercan\u00eda de las elecciones presidenciales de octubre, en las que Lula aspira a la reelecci\u00f3n para un cuarto mandato no consecutivo.<\/p>\n<p>La nominaci\u00f3n de Messias se anunci\u00f3 en noviembre, pero la sesi\u00f3n se posterg\u00f3 durante meses por las tensas relaciones entre el Gobierno y el Senado, dominado por fuerzas de derecha y centro-derecha. La oposici\u00f3n sostiene que la vacante en la Corte Suprema deber\u00eda definirse despu\u00e9s de los comicios.<\/p>\n<p>Messias, de 45 a\u00f1os, cuenta con una trayectoria relevante en la administraci\u00f3n p\u00fablica e inici\u00f3 su carrera como procurador de la Fazenda Nacional en 2007.<\/p>\n<p>Messias fue aprobado previamente por la Comisi\u00f3n de Constituci\u00f3n y Justicia antes de ser rechazado en el pleno (Reuters)<\/p>\n<p>Posee estudios en Derecho y posgrados en Desarrollo y Cooperaci\u00f3n Internacional por la Universidad de Brasilia. Ocup\u00f3 cargos en gobiernos del Partido de los Trabajadores, como subchefe para Asuntos Jur\u00eddicos de la Presidencia y secretario en el Ministerio de Educaci\u00f3n, adem\u00e1s de consultor jur\u00eddico en distintos ministerios.<\/p>\n<p>En la audiencia ante los senadores, Messias afirm\u00f3 que no impulsar\u00eda cambios en la legislaci\u00f3n sobre el aborto y subray\u00f3 su respeto a la Constituci\u00f3n y la jurisprudencia vigente, aunque reconoci\u00f3 que su postura personal es contraria a la legalizaci\u00f3n. Tambi\u00e9n mencion\u00f3 su\u00a0<strong>origen evang\u00e9lico<\/strong>\u00a0y se defini\u00f3 como\u00a0<strong>\u201csiervo de Dios\u201d<\/strong>, en un mensaje dirigido a los sectores religiosos conservadores.<\/p>\n<p>La figura de\u00a0<strong>Messias gan\u00f3 notoriedad nacional<\/strong>\u00a0durante la crisis pol\u00edtica de 2016, cuando el entonces juez federal S\u00e9rgio Moro divulg\u00f3 una grabaci\u00f3n telef\u00f3nica entre Lula y la presidenta Dilma Rousseff. En esa conversaci\u00f3n, Rousseff mencionaba que Messias entregar\u00eda a Lula un documento para su posible asunci\u00f3n como ministro, en medio de la investigaci\u00f3n de la operaci\u00f3n\u00a0<strong>Lava Jato.<\/strong>La candidatura de Messias fue defendida p\u00fablicamente tanto por Lula como por miembros de la Corte Suprema<\/p>\n<h5 class=\"wp-block-heading\"><strong>Tambi\u00e9n puedes leer: <a href=\"https:\/\/deultimominuto.net\/deportes\/futbol\/brasil-arrasa-y-se-corona-campeon-en-los-juegos-suramericanos-de-la-juventud-panama-2026\/\">Brasil arrasa y se corona campe\u00f3n en los Juegos Suramericanos de la Juventud Panam\u00e1 2026<\/a><\/strong><\/h5>\n<p>El episodio gener\u00f3 debate sobre la intenci\u00f3n de otorgar fuero privilegiado a Lula, aunque ambos negaron que se tratara de una maniobra para dificultar las investigaciones judiciales.<\/p>\n<p>\u200bEl Senado de\u00a0Brasil\u00a0rechaz\u00f3 la nominaci\u00f3n de\u00a0Jorge Messias, propuesto por el presidente Luiz In\u00e1cio Lula da Silva, para ocupar un lugar en la Corte Suprema. Con una votaci\u00f3n secreta,\u00a042 senadores se pronunciaron en contra y 34 a favor, bloqueando el nombramiento que requer\u00eda 41 votos afirmativos para su aprobaci\u00f3n. La decisi\u00f3n marca un hecho in\u00e9dito en\u00a0\u00a0Internacionales, Jorge Messias\u00a0\u00a0<\/p>\n","protected":false},"excerpt":{"rendered":"<p>El Senado de\u00a0Brasil\u00a0rechaz\u00f3 la nominaci\u00f3n de\u00a0Jorge Messias, propuesto por el presidente Luiz In\u00e1cio Lula da Silva, para ocupar un lugar en la Corte Suprema. Con una votaci\u00f3n secreta,\u00a042 senadores se pronunciaron en contra y 34 a favor, bloqueando el nombramiento que requer\u00eda 41 votos afirmativos para su aprobaci\u00f3n. La decisi\u00f3n marca un hecho in\u00e9dito en [&hellip;]<\/p>\n","protected":false},"author":1,"featured_media":26334,"comment_status":"open","ping_status":"open","sticky":false,"template":"","format":"standard","meta":{"amp_status":"","footnotes":""},"categories":[3],"tags":[],"class_list":["post-26333","post","type-post","status-publish","format-standard","has-post-thumbnail","hentry","category-de-ultimo-minuto"],"_links":{"self":[{"href":"https:\/\/ermdigital.com\/index.php?rest_route=\/wp\/v2\/posts\/26333","targetHints":{"allow":["GET"]}}],"collection":[{"href":"https:\/\/ermdigital.com\/index.php?rest_route=\/wp\/v2\/posts"}],"about":[{"href":"https:\/\/ermdigital.com\/index.php?rest_route=\/wp\/v2\/types\/post"}],"author":[{"embeddable":true,"href":"https:\/\/ermdigital.com\/index.php?rest_route=\/wp\/v2\/users\/1"}],"replies":[{"embeddable":true,"href":"https:\/\/ermdigital.com\/index.php?rest_route=%2Fwp%2Fv2%2Fcomments&post=26333"}],"version-history":[{"count":0,"href":"https:\/\/ermdigital.com\/index.php?rest_route=\/wp\/v2\/posts\/26333\/revisions"}],"wp:featuredmedia":[{"embeddable":true,"href":"https:\/\/ermdigital.com\/index.php?rest_route=\/wp\/v2\/media\/26334"}],"wp:attachment":[{"href":"https:\/\/ermdigital.com\/index.php?rest_route=%2Fwp%2Fv2%2Fmedia&parent=26333"}],"wp:term":[{"taxonomy":"category","embeddable":true,"href":"https:\/\/ermdigital.com\/index.php?rest_route=%2Fwp%2Fv2%2Fcategories&post=26333"},{"taxonomy":"post_tag","embeddable":true,"href":"https:\/\/ermdigital.com\/index.php?rest_route=%2Fwp%2Fv2%2Ftags&post=26333"}],"curies":[{"name":"wp","href":"https:\/\/api.w.org\/{rel}","templated":true}]}}