{"id":26323,"date":"2026-04-29T21:50:27","date_gmt":"2026-04-30T01:50:27","guid":{"rendered":"https:\/\/ermdigital.com\/?p=26323"},"modified":"2026-04-29T21:50:27","modified_gmt":"2026-04-30T01:50:27","slug":"embajadora-de-ee-uu-acoge-ceremonia-de-bendicion-y-presenta-coleccion-arte-en-embajadas","status":"publish","type":"post","link":"https:\/\/ermdigital.com\/?p=26323","title":{"rendered":"Embajadora de EE.UU. acoge ceremonia de bendici\u00f3n y presenta colecci\u00f3n \"Arte en Embajadas\"\u00a0"},"content":{"rendered":"<p>&lt;![CDATA[<\/p>\n<p>En una ceremonia solemne y de alto contenido simb\u00f3lico, la embajadora de los Estados Unidos en la Rep\u00fablica Dominicana, Leah Francis Campos, encabez\u00f3 la bendici\u00f3n de su residencia oficial, con la presencia de la primera dama de la Rep\u00fablica, Raquel Arbaje, la vicepresidenta Raquel Pe\u00f1a, as\u00ed como representantes de la Iglesia cat\u00f3lica, del Gobierno dominicano, del cuerpo diplom\u00e1tico y destacadas figuras de los sectores cultural, acad\u00e9mico y empresarial.<\/p>\n<p><a href=\"https:\/\/listindiario.com\/la-republica\/20260429\/embajadora-ee-uu-acoge-ceremonia-bendicion-presenta-coleccion-arte-embajadas_903842.html\">wf_cms.rss.read_more<\/a><\/p>\n<p>]]&gt;<\/p>\n<p>\u200bLa bendici\u00f3n fue oficiada por el reverendo padre David Soriano, p\u00e1rroco de la Catedral Primada de Am\u00e9rica, en un acto de profundo recogimiento espiritual que incluy\u00f3 oraciones, lecturas y la aspersi\u00f3n de agua bendita.\u00a0\u00a0La Rep\u00fablica\u00a0<\/p>\n","protected":false},"excerpt":{"rendered":"<p>&lt;![CDATA[ En una ceremonia solemne y de alto contenido simb\u00f3lico, la embajadora de los Estados Unidos en la Rep\u00fablica Dominicana, Leah Francis Campos, encabez\u00f3 la bendici\u00f3n de su residencia oficial, con la presencia de la primera dama de la Rep\u00fablica, Raquel Arbaje, la vicepresidenta Raquel Pe\u00f1a, as\u00ed como representantes de la Iglesia cat\u00f3lica, del Gobierno [&hellip;]<\/p>\n","protected":false},"author":1,"featured_media":26324,"comment_status":"open","ping_status":"open","sticky":false,"template":"","format":"standard","meta":{"amp_status":"","footnotes":""},"categories":[5],"tags":[],"class_list":["post-26323","post","type-post","status-publish","format-standard","has-post-thumbnail","hentry","category-politica"],"_links":{"self":[{"href":"https:\/\/ermdigital.com\/index.php?rest_route=\/wp\/v2\/posts\/26323","targetHints":{"allow":["GET"]}}],"collection":[{"href":"https:\/\/ermdigital.com\/index.php?rest_route=\/wp\/v2\/posts"}],"about":[{"href":"https:\/\/ermdigital.com\/index.php?rest_route=\/wp\/v2\/types\/post"}],"author":[{"embeddable":true,"href":"https:\/\/ermdigital.com\/index.php?rest_route=\/wp\/v2\/users\/1"}],"replies":[{"embeddable":true,"href":"https:\/\/ermdigital.com\/index.php?rest_route=%2Fwp%2Fv2%2Fcomments&post=26323"}],"version-history":[{"count":0,"href":"https:\/\/ermdigital.com\/index.php?rest_route=\/wp\/v2\/posts\/26323\/revisions"}],"wp:featuredmedia":[{"embeddable":true,"href":"https:\/\/ermdigital.com\/index.php?rest_route=\/wp\/v2\/media\/26324"}],"wp:attachment":[{"href":"https:\/\/ermdigital.com\/index.php?rest_route=%2Fwp%2Fv2%2Fmedia&parent=26323"}],"wp:term":[{"taxonomy":"category","embeddable":true,"href":"https:\/\/ermdigital.com\/index.php?rest_route=%2Fwp%2Fv2%2Fcategories&post=26323"},{"taxonomy":"post_tag","embeddable":true,"href":"https:\/\/ermdigital.com\/index.php?rest_route=%2Fwp%2Fv2%2Ftags&post=26323"}],"curies":[{"name":"wp","href":"https:\/\/api.w.org\/{rel}","templated":true}]}}