{"id":26321,"date":"2026-04-29T21:54:31","date_gmt":"2026-04-30T01:54:31","guid":{"rendered":"https:\/\/ermdigital.com\/?p=26321"},"modified":"2026-04-29T21:54:31","modified_gmt":"2026-04-30T01:54:31","slug":"medio-ambiente-asegura-valle-nuevo-no-ha-sido-privatizado-dice-pago-por-acampar-solo-aplica-en-jardin-del-eden","status":"publish","type":"post","link":"https:\/\/ermdigital.com\/?p=26321","title":{"rendered":"Medio Ambiente asegura Valle Nuevo no ha sido privatizado; dice pago por acampar solo aplica en Jard\u00edn del Ed\u00e9n\u00a0"},"content":{"rendered":"<p>&lt;![CDATA[<\/p>\n<p>El Ministerio de Medio Ambiente y Recursos Naturales afirm\u00f3 que el Parque Nacional Valle Nuevo no ha sido privatizado y que la ciudadan\u00eda puede visitar el \u00e1rea protegida para disfrutar su uso p\u00fablico, pagando RD$ 150 por la entrada general.<\/p>\n<p><a href=\"https:\/\/listindiario.com\/la-republica\/gobierno\/20260429\/medio-ambiente-asegura-valle-nuevo-sido-privatizado-dice-pago-acampar-aplica-jardin-eden_903844.html\">wf_cms.rss.read_more<\/a><\/p>\n<p>]]&gt;<\/p>\n<p>\u200bLa organizaci\u00f3n de la acampada en el \u00e1rea Jard\u00edn del Ed\u00e9n forma parte de un modelo de gesti\u00f3n que ordena el uso p\u00fablico sin limitar el acceso al \u00e1rea protegida.\u00a0\u00a0Gobierno\u00a0<\/p>\n","protected":false},"excerpt":{"rendered":"<p>&lt;![CDATA[ El Ministerio de Medio Ambiente y Recursos Naturales afirm\u00f3 que el Parque Nacional Valle Nuevo no ha sido privatizado y que la ciudadan\u00eda puede visitar el \u00e1rea protegida para disfrutar su uso p\u00fablico, pagando RD$ 150 por la entrada general. wf_cms.rss.read_more ]]&gt; \u200bLa organizaci\u00f3n de la acampada en el \u00e1rea Jard\u00edn del Ed\u00e9n forma [&hellip;]<\/p>\n","protected":false},"author":1,"featured_media":26322,"comment_status":"open","ping_status":"open","sticky":false,"template":"","format":"standard","meta":{"amp_status":"","footnotes":""},"categories":[5],"tags":[],"class_list":["post-26321","post","type-post","status-publish","format-standard","has-post-thumbnail","hentry","category-politica"],"_links":{"self":[{"href":"https:\/\/ermdigital.com\/index.php?rest_route=\/wp\/v2\/posts\/26321","targetHints":{"allow":["GET"]}}],"collection":[{"href":"https:\/\/ermdigital.com\/index.php?rest_route=\/wp\/v2\/posts"}],"about":[{"href":"https:\/\/ermdigital.com\/index.php?rest_route=\/wp\/v2\/types\/post"}],"author":[{"embeddable":true,"href":"https:\/\/ermdigital.com\/index.php?rest_route=\/wp\/v2\/users\/1"}],"replies":[{"embeddable":true,"href":"https:\/\/ermdigital.com\/index.php?rest_route=%2Fwp%2Fv2%2Fcomments&post=26321"}],"version-history":[{"count":0,"href":"https:\/\/ermdigital.com\/index.php?rest_route=\/wp\/v2\/posts\/26321\/revisions"}],"wp:featuredmedia":[{"embeddable":true,"href":"https:\/\/ermdigital.com\/index.php?rest_route=\/wp\/v2\/media\/26322"}],"wp:attachment":[{"href":"https:\/\/ermdigital.com\/index.php?rest_route=%2Fwp%2Fv2%2Fmedia&parent=26321"}],"wp:term":[{"taxonomy":"category","embeddable":true,"href":"https:\/\/ermdigital.com\/index.php?rest_route=%2Fwp%2Fv2%2Fcategories&post=26321"},{"taxonomy":"post_tag","embeddable":true,"href":"https:\/\/ermdigital.com\/index.php?rest_route=%2Fwp%2Fv2%2Ftags&post=26321"}],"curies":[{"name":"wp","href":"https:\/\/api.w.org\/{rel}","templated":true}]}}