{"id":26313,"date":"2026-04-29T20:44:49","date_gmt":"2026-04-30T00:44:49","guid":{"rendered":"https:\/\/ermdigital.com\/?p=26313"},"modified":"2026-04-29T20:44:49","modified_gmt":"2026-04-30T00:44:49","slug":"landron-sabia-que-esta-huelga-llegaria-enfermeras-paralizan-servicios-por-24-horas","status":"publish","type":"post","link":"https:\/\/ermdigital.com\/?p=26313","title":{"rendered":"\u201cLandr\u00f3n sab\u00eda que esta huelga llegar\u00eda\u201d: enfermeras paralizan servicios por 24 horas"},"content":{"rendered":"<p><strong>Santo Domingo.\u2013<\/strong> A una sola voz, enfermeras de distintos centros de salud del pa\u00eds iniciaron este mi\u00e9rcoles un paro nacional de 24 horas en reclamo de respuestas concretas por parte de las autoridades, a quienes acusan de ignorar reiteradas advertencias sobre la situaci\u00f3n.<\/p>\n<p>Durante la jornada de protesta, el personal de enfermer\u00eda asegur\u00f3 que el director del Servicio Nacional de Salud (SNS), Julio C\u00e9sar Landr\u00f3n, ten\u00eda conocimiento previo de que la huelga se producir\u00eda, debido a la falta de respuesta tras exponer sus demandas sin recibir soluciones.<\/p>\n<p>Recordaron que, en m\u00faltiples ocasiones, el funcionario ha manifestado que el sistema de salud se encuentra en buen estado y que las necesidades est\u00e1n siendo resueltas, situaci\u00f3n que \u2014afirman\u2014 no concuerda con la realidad que enfrentan enfermeras y auxiliares ante los paros constantes que afectan a la ciudadan\u00eda.<\/p>\n<p>\u201cSe nos convoc\u00f3 a reuniones donde pr\u00e1cticamente fuimos ignorados. En ocasiones se nos informaba que los responsables no pod\u00edan recibirnos, mientras nuestras exigencias segu\u00edan sin respuesta\u201d, expresaron representantes del gremio.<\/p>\n<h4 class=\"wp-block-heading\"><strong>Recomendamos leer: <a href=\"https:\/\/deultimominuto.net\/enlaces\/\" data-type=\"page\" data-id=\"491852\">Dr. Julio Landr\u00f3n supervisa hospital \u00c1ngel Mar\u00eda Gat\u00f3n y anuncia apertura segunda fase<\/a><\/strong><a href=\"https:\/\/deultimominuto.net\/category\/nacionales\/\"><\/a><\/h4>\n<p>El paro, que afecta hospitales p\u00fablicos en distintas provincias, surge como respuesta a la falta de atenci\u00f3n a demandas hist\u00f3ricas del sector, entre ellas mejoras salariales, condiciones laborales dignas, nombramientos de personal y el abastecimiento adecuado de insumos en los centros de salud. Entre las principales exigencias, el personal de enfermer\u00eda destac\u00f3 la aplicaci\u00f3n del incentivo por tiempo en servicio, el cual \u2014seg\u00fan afirmaron\u2014 nunca ha sido implementado en ese centro hospitalario. Indicaron que este beneficio deber\u00eda otorgarse cada cinco a\u00f1os como reconocimiento a la antig\u00fcedad laboral.<\/p>\n<p>Los manifestantes reiteraron que la paralizaci\u00f3n fue una medida obligada ante la falta de voluntad de las autoridades para atender sus reclamos, pese a que seg\u00fan indican el conflicto hab\u00eda sido advertido con antelaci\u00f3n.<\/p>\n<p>Advirtieron que, de no obtener respuestas satisfactorias, podr\u00edan radicalizar las acciones en los pr\u00f3ximos d\u00edas.<\/p>\n<figure class=\"wp-block-image size-full\"><img loading=\"lazy\" decoding=\"async\" width=\"1000\" height=\"500\" src=\"https:\/\/cdn.deultimominuto.net\/wp-content\/uploads\/2026\/04\/WhatsApp-Image-2026-04-29-at-8.36.41-PM.jpeg\" alt=\"\u201cLandr\u00f3n sab\u00eda que esta huelga llegar\u00eda\u201d: enfermeras paralizan servicios por 24 horas\" class=\"wp-image-648216\" title=\"\u201cLandr\u00f3n sab\u00eda que esta huelga llegar\u00eda\u201d: enfermeras paralizan servicios por 24 horas | 3 |\"><figcaption class=\"wp-element-caption\">\u201cLandr\u00f3n sab\u00eda que esta huelga llegar\u00eda\u201d: enfermeras paralizan servicios por 24 horas<\/figcaption><\/figure>\n<p>\u200bSanto Domingo.\u2013 A una sola voz, enfermeras de distintos centros de salud del pa\u00eds iniciaron este mi\u00e9rcoles un paro nacional de 24 horas en reclamo de respuestas concretas por parte de las autoridades, a quienes acusan de ignorar reiteradas advertencias sobre la situaci\u00f3n. Durante la jornada de protesta, el personal de enfermer\u00eda asegur\u00f3 que el\u00a0\u00a0Nacionales, enfermeras, huelga, Landr\u00f3n\u00a0\u00a0<\/p>\n","protected":false},"excerpt":{"rendered":"<p>Santo Domingo.\u2013 A una sola voz, enfermeras de distintos centros de salud del pa\u00eds iniciaron este mi\u00e9rcoles un paro nacional de 24 horas en reclamo de respuestas concretas por parte de las autoridades, a quienes acusan de ignorar reiteradas advertencias sobre la situaci\u00f3n. Durante la jornada de protesta, el personal de enfermer\u00eda asegur\u00f3 que el [&hellip;]<\/p>\n","protected":false},"author":1,"featured_media":26314,"comment_status":"open","ping_status":"open","sticky":false,"template":"","format":"standard","meta":{"amp_status":"","footnotes":""},"categories":[3],"tags":[],"class_list":["post-26313","post","type-post","status-publish","format-standard","has-post-thumbnail","hentry","category-de-ultimo-minuto"],"_links":{"self":[{"href":"https:\/\/ermdigital.com\/index.php?rest_route=\/wp\/v2\/posts\/26313","targetHints":{"allow":["GET"]}}],"collection":[{"href":"https:\/\/ermdigital.com\/index.php?rest_route=\/wp\/v2\/posts"}],"about":[{"href":"https:\/\/ermdigital.com\/index.php?rest_route=\/wp\/v2\/types\/post"}],"author":[{"embeddable":true,"href":"https:\/\/ermdigital.com\/index.php?rest_route=\/wp\/v2\/users\/1"}],"replies":[{"embeddable":true,"href":"https:\/\/ermdigital.com\/index.php?rest_route=%2Fwp%2Fv2%2Fcomments&post=26313"}],"version-history":[{"count":0,"href":"https:\/\/ermdigital.com\/index.php?rest_route=\/wp\/v2\/posts\/26313\/revisions"}],"wp:featuredmedia":[{"embeddable":true,"href":"https:\/\/ermdigital.com\/index.php?rest_route=\/wp\/v2\/media\/26314"}],"wp:attachment":[{"href":"https:\/\/ermdigital.com\/index.php?rest_route=%2Fwp%2Fv2%2Fmedia&parent=26313"}],"wp:term":[{"taxonomy":"category","embeddable":true,"href":"https:\/\/ermdigital.com\/index.php?rest_route=%2Fwp%2Fv2%2Fcategories&post=26313"},{"taxonomy":"post_tag","embeddable":true,"href":"https:\/\/ermdigital.com\/index.php?rest_route=%2Fwp%2Fv2%2Ftags&post=26313"}],"curies":[{"name":"wp","href":"https:\/\/api.w.org\/{rel}","templated":true}]}}