{"id":26311,"date":"2026-04-29T21:00:00","date_gmt":"2026-04-30T01:00:00","guid":{"rendered":"https:\/\/ermdigital.com\/?p=26311"},"modified":"2026-04-29T21:00:00","modified_gmt":"2026-04-30T01:00:00","slug":"el-jefe-de-gabinete-argentino-respaldado-por-milei-se-defiende-de-acusaciones-de-corrupcion","status":"publish","type":"post","link":"https:\/\/ermdigital.com\/?p=26311","title":{"rendered":"El jefe de Gabinete argentino, respaldado por Milei, se defiende de acusaciones de corrupci\u00f3n"},"content":{"rendered":"<p><strong>Buenos Aires .- <\/strong>El jefe <a href=\"https:\/\/efe.com\/mundo\/2026-04-30\/argentina-manuel-adorni-jefe-gabinete-milei-corrupcion\/\" data-type=\"link\" data-id=\"https:\/\/efe.com\/mundo\/2026-04-30\/argentina-manuel-adorni-jefe-gabinete-milei-corrupcion\/\" target=\"_blank\" rel=\"noopener\">de Gabinete del Gobierno argentino<\/a>, Manuel Adorni, se defendi\u00f3 este mi\u00e9rcoles de las acusaciones en su contra por presunto enriquecimiento il\u00edcito en una tensa sesi\u00f3n en la C\u00e1mara de Diputados a la que asisti\u00f3 el presidente Javier Milei para darle su respaldo.<\/p>\n<p>\u00abNo comet\u00ed ning\u00fan delito y lo voy a probar en la Justicia\u00bb, afirm\u00f3 Adorni en el tramo final de su exposici\u00f3n en la C\u00e1mara Baja del informe de gesti\u00f3n gubernamental.<\/p>\n<p>Adorni, cuyo patrimonio est\u00e1 bajo investigaci\u00f3n judicial a partir de denuncias por la compra de propiedades y suntuosos viajes al exterior, acudi\u00f3 al Congreso acompa\u00f1ado por Milei y miembros del Gabinete de ministros en se\u00f1al de respaldo.<\/p>\n<p>Una vez concluida la exposici\u00f3n inicial de Adorni, Milei se retir\u00f3 de la sede parlamentaria, en medio de un fuerte operativo de seguridad, dentro y fuera del Congreso.<\/p>\n<p>La sesi\u00f3n se reinici\u00f3 con punzantes preguntas de los diputados opositores, ante las cuales el jefe de Gabinete reiter\u00f3, sin dar detalles de sus movimientos patrimoniales, que no cometi\u00f3 delito alguno y que ser\u00e1 en los tribunales donde esclarecer\u00e1 su situaci\u00f3n.<\/p>\n<p>\u00abCumpl\u00ed con mis obligaciones que est\u00e1 regulada por la ley de \u00e9tica p\u00fablica. A\u00fan no venci\u00f3 el plazo de mi declaraci\u00f3n jurada. Los bienes de mi familia est\u00e1n en el anexo reservado y ha sido informados a la Justicia\u00bb, afirm\u00f3 Adorni, que asegur\u00f3 que no va a renunciar.<\/p>\n<h4 class=\"wp-block-heading\"><strong>Recomendamos leer: <a href=\"https:\/\/deultimominuto.net\/enlaces\/\" data-type=\"page\" data-id=\"491852\">Milei impulsar\u00e1 un proyecto de reforma del sistema electoral de Argentina<\/a><\/strong><a href=\"https:\/\/deultimominuto.net\/category\/internacionales\/\"><\/a><\/h4>\n<h3 class=\"wp-block-heading\"><strong>Tensa sesi\u00f3n\u00a0<\/strong><\/h3>\n<p>La sesi\u00f3n en la C\u00e1mara de Diputados, que dur\u00f3 varias horas, tuvo tramos tensos.<\/p>\n<p>Al ingresar, Milei, de compleja relaci\u00f3n con la prensa, dijo a los periodistas acreditados \u00abustedes son los corruptos\u00bb, cuando \u00e9stos le preguntaron al jefe de Estado por las denuncias contra Adorni.<\/p>\n<p>Ya dentro del recinto legislativo, Milei tuvo cruces con el bloque de izquierda, que cuestion\u00f3 el alineamiento del ultraderechista con Israel. \u00abUstedes son los asesinos\u00bb, les respondi\u00f3 el presidente a los diputados de izquierda.<\/p>\n<figure class=\"wp-block-image\"><img decoding=\"async\" src=\"https:\/\/i0.wp.com\/efe.com\/wp-content\/uploads\/2026\/04\/protesta-2.webp?resize=900%2C600&amp;ssl=1\" alt=\"Argentina corrupci\u00f3n\" class=\"wp-image-2645109\" title=\"El jefe de Gabinete argentino, respaldado por Milei, se defiende de acusaciones de corrupci\u00f3n | 2 |\"><figcaption class=\"wp-element-caption\">Personas sostienen carteles este mi\u00e9rcoles, durante una manifestaci\u00f3n afuera del Congreso de la Naci\u00f3n, mientras se realiza el informe de gesti\u00f3n del jefe de Gabinete del Gobierno argentino, Manuel Adorni, en Buenos Aires (Argentina). EFE\/ Mat\u00edas Mart\u00edn Campaya<\/figcaption><\/figure>\n<p>Varios legisladores opositores hicieron referencia no solo al esc\u00e1ndalo que envuelve a Adorni sino a otras investigaciones judiciales que salpican al Gobierno, como el caso por el fallido lanzamiento de la criptomoneda $Libra y las presuntas irregularidades en la Agencia Nacional de Discapacidad.<\/p>\n<p>\u00abEs indudable que el Gobierno quiere sostener a una pieza clave de la alta corrupci\u00f3n del Estado. (\u2026) Adorni est\u00e1 mostrando un r\u00e9gimen entero, del cual el presidente Milei es el v\u00e9rtice supremo de ese estado de corrupci\u00f3n\u00bb, asever\u00f3 el diputado N\u00e9stor Pitrola, del Partido Obrero, quien tach\u00f3 a Adorni de \u00abcad\u00e1ver pol\u00edtico\u00bb.<\/p>\n<p>Al cerrar la sesi\u00f3n, Adorni afirm\u00f3 que, en caso de ser citado por el Parlamento para dar explicaciones, acudir\u00e1 pero sin dejarse \u00abamedrentar\u00bb por el uso de los mecanismos constitucionales \u00abutilizados como excusas con fines claramente desestabilizadores\u00bb.<\/p>\n<h3 class=\"wp-block-heading\"><strong>Descontento social\u00a0<\/strong><\/h3>\n<p><a href=\"https:\/\/efe.com\/mundo\/2026-04-22\/milei-argentina-reforma-electoral\/\" target=\"_blank\" rel=\"noopener\">A las puertas del Parlamento,<\/a>\u00a0rodeado por vallas y decenas de polic\u00edas y donde cada mi\u00e9rcoles los jubilados protestas por pensiones por debajo del coste de la cesta b\u00e1sica, algunos ciudadanos se acercaron tambi\u00e9n para expresar su descontento con el jefe de Gabinete.<\/p>\n<p>\u00abEstaba en mi casa escuchando el discurso de Adorni y me dio dolor de est\u00f3mago. Pero con la bronca no alcanza. Es el momento de actuar. Por eso dej\u00e9 lo que estaba haciendo y vine\u00bb, dijo a EFE Miriam Salvo a las puertas del Congreso.<\/p>\n<p>Salvo, que qued\u00f3 desempleada en febrero pasado, se\u00f1al\u00f3 que \u00abel relato de Adorni y de este Gobierno que hoy se escuch\u00f3 es insostenible\u00bb.<\/p>\n<p>\u00abSe tienen que ir ya mismo. El pueblo argentino tiene que reaccionar. Basta de quejarse adentro de la casa y por redes\u00bb, afirm\u00f3.\u00a0<\/p>\n<p>Seg\u00fan un sondeo de la consultora Zentrix difundidos el pasado domingo, Adorni tiene una imagen negativa del 73,9 %, superando el 59,3 % de imagen negativa de Milei.<\/p>\n<p>De acuerdo a la misma encuesta, el nivel de desaprobaci\u00f3n a la gesti\u00f3n del presidente trep\u00f3 en abril unos siete puntos, al 60,6 %, en coincidencia con el estallido del esc\u00e1ndalo que rodea a Adorni.<\/p>\n<p>Seg\u00fan el sondeo, el 57,3 % de los consultados percibe corrupci\u00f3n generalizada en la gesti\u00f3n gubernamental.<\/p>\n<p>\u200bBuenos Aires .- El jefe de Gabinete del Gobierno argentino, Manuel Adorni, se defendi\u00f3 este mi\u00e9rcoles de las acusaciones en su contra por presunto enriquecimiento il\u00edcito en una tensa sesi\u00f3n en la C\u00e1mara de Diputados a la que asisti\u00f3 el presidente Javier Milei para darle su respaldo. \u00abNo comet\u00ed ning\u00fan delito y lo voy a\u00a0\u00a0Internacionales, Acusaciones, el jefe, Milei\u00a0\u00a0<\/p>\n","protected":false},"excerpt":{"rendered":"<p>Buenos Aires .- El jefe de Gabinete del Gobierno argentino, Manuel Adorni, se defendi\u00f3 este mi\u00e9rcoles de las acusaciones en su contra por presunto enriquecimiento il\u00edcito en una tensa sesi\u00f3n en la C\u00e1mara de Diputados a la que asisti\u00f3 el presidente Javier Milei para darle su respaldo. \u00abNo comet\u00ed ning\u00fan delito y lo voy a [&hellip;]<\/p>\n","protected":false},"author":1,"featured_media":26312,"comment_status":"open","ping_status":"open","sticky":false,"template":"","format":"standard","meta":{"amp_status":"","footnotes":""},"categories":[3],"tags":[],"class_list":["post-26311","post","type-post","status-publish","format-standard","has-post-thumbnail","hentry","category-de-ultimo-minuto"],"_links":{"self":[{"href":"https:\/\/ermdigital.com\/index.php?rest_route=\/wp\/v2\/posts\/26311","targetHints":{"allow":["GET"]}}],"collection":[{"href":"https:\/\/ermdigital.com\/index.php?rest_route=\/wp\/v2\/posts"}],"about":[{"href":"https:\/\/ermdigital.com\/index.php?rest_route=\/wp\/v2\/types\/post"}],"author":[{"embeddable":true,"href":"https:\/\/ermdigital.com\/index.php?rest_route=\/wp\/v2\/users\/1"}],"replies":[{"embeddable":true,"href":"https:\/\/ermdigital.com\/index.php?rest_route=%2Fwp%2Fv2%2Fcomments&post=26311"}],"version-history":[{"count":0,"href":"https:\/\/ermdigital.com\/index.php?rest_route=\/wp\/v2\/posts\/26311\/revisions"}],"wp:featuredmedia":[{"embeddable":true,"href":"https:\/\/ermdigital.com\/index.php?rest_route=\/wp\/v2\/media\/26312"}],"wp:attachment":[{"href":"https:\/\/ermdigital.com\/index.php?rest_route=%2Fwp%2Fv2%2Fmedia&parent=26311"}],"wp:term":[{"taxonomy":"category","embeddable":true,"href":"https:\/\/ermdigital.com\/index.php?rest_route=%2Fwp%2Fv2%2Fcategories&post=26311"},{"taxonomy":"post_tag","embeddable":true,"href":"https:\/\/ermdigital.com\/index.php?rest_route=%2Fwp%2Fv2%2Ftags&post=26311"}],"curies":[{"name":"wp","href":"https:\/\/api.w.org\/{rel}","templated":true}]}}