{"id":26295,"date":"2026-04-29T19:42:01","date_gmt":"2026-04-29T23:42:01","guid":{"rendered":"https:\/\/ermdigital.com\/?p=26295"},"modified":"2026-04-29T19:42:01","modified_gmt":"2026-04-29T23:42:01","slug":"ecuador-se-alista-para-un-nuevo-toque-de-queda-nocturno-en-casi-la-mitad-del-pais","status":"publish","type":"post","link":"https:\/\/ermdigital.com\/?p=26295","title":{"rendered":"Ecuador se alista para un nuevo toque de queda nocturno en casi la mitad del pa\u00eds"},"content":{"rendered":"<p><strong>Guayaquil.- <\/strong>Nueve provincias y otros cuatro municipios de Ecuador estar\u00e1n desde este domingo, y durante quince d\u00edas, bajo un nuevo toque de queda nocturno en el que las fuerzas de seguridad buscar\u00e1n intensificar el combate al crimen organizado, que mantiene al pa\u00eds en un nivel de violencia sin precedentes.<\/p>\n<p>Esta es la segunda vez en el a\u00f1o que el presidente Daniel Noboa decide aplicar esta restricci\u00f3n de movilidad entre las 23:00 hora local (4:00 GMT) y las 5:00 hora local (10:00 GMT) porque, aunque seg\u00fan el Gobierno ha tenido buenos resultados, la violencia persiste y los grupos criminales han adaptado sus estrategias para seguir operando, seg\u00fan el decreto con el que el mandatario oficializ\u00f3 este martes la medida.<\/p>\n<p>Nivel de violencia<\/p>\n<p>El primer toque de queda en\u00a0<a href=\"https:\/\/efe.com\/noticias\/ecuador\/\" target=\"_blank\" rel=\"noopener\">Ecuador<\/a>, que fue entre el 15 y 30 de marzo, se aplic\u00f3 en las provincias de Guayas, Los R\u00edos, Santo Domingo de los Ts\u00e1chilas y El Oro, fronteriza con Per\u00fa; pero esta nueva medida, que estar\u00e1 vigente entre el 3 y 18 de mayo, se ampli\u00f3 a Santa Elena, Pichincha, Manab\u00ed, Sucumb\u00edos y Esmeraldas, fronterizas con Colombia.<\/p>\n<p>Estos territorios, donde se encuentran Quito y Guayaquil, las dos mayores ciudades del pa\u00eds, concentran el 90 % de la violencia y el 86,70 % de la delincuencia que registra el pa\u00eds, de acuerdo a informes oficiales citados en el decreto.<\/p>\n<figure class=\"wp-block-image\"><img decoding=\"async\" src=\"https:\/\/i0.wp.com\/efe.com\/wp-content\/uploads\/2026\/04\/OBJ_20260324T152135S0005I_1_1_1_34_7_6.webp?resize=900%2C600&amp;ssl=1\" alt=\"Toque de queda Ecuador\" class=\"wp-image-2645087\" title=\"Ecuador se alista para un nuevo toque de queda nocturno en casi la mitad del pa\u00eds | 3 |\"><figcaption class=\"wp-element-caption\">Integrantes del Ejercito de Ecuador participan en un operativo en Guayaquil (Ecuador). EFE\/ Gerardo Menoscal<\/figcaption><\/figure>\n<p>La restricci\u00f3n tambi\u00e9n regir\u00e1 en los municipios de La Man\u00e1 (Cotopaxi), Las Naves y Echeand\u00eda (Bol\u00edvar) y La Troncal (Ca\u00f1ar).<br \/>El Gobierno asegura que los grupos criminales \u00abredireccionaron sus actividades\u00bb a zonas que no estaban cubiertas por el primer toque de queda, por lo que \u00abno existi\u00f3 una neutralizaci\u00f3n estructural sino un desplazamiento geogr\u00e1fico\u00bb de los cr\u00edmenes.<\/p>\n<h4 class=\"wp-block-heading\"><strong>Recomendamos leer:<a href=\"https:\/\/deultimominuto.net\/enlaces\/\" data-type=\"page\" data-id=\"491852\"> Corte de Ecuador autoriza a Noboa a convocar refer\u00e9ndum sobre designaci\u00f3n de autoridades<\/a><\/strong><a href=\"https:\/\/deultimominuto.net\/category\/internacionales\/\"><\/a><\/h4>\n<h3 class=\"wp-block-heading\">Disputas entre bandas y alianzas<\/h3>\n<p>Ecuador cerr\u00f3 2025 con un r\u00e9cord de 9.269 homicidios y registr\u00f3 2.086 asesinatos en el primer trimestre de 2026. De acuerdo a las autoridades, la violencia es provocada por disputas entre l\u00edderes de las mismas bandas que quieren afianzar su poder o por enfrentamientos entre grupos rivales.<\/p>\n<p>En Guayaquil, la ciudad m\u00e1s poblada del pa\u00eds, hay al menos nueve grupos que se disputan la ciudad y son considerados como una \u00abamenaza cr\u00edtica para la seguridad nacional\u00bb.<\/p>\n<p>En otras partes, como en Manab\u00ed, El Oro o Quito, la capital del pa\u00eds, alianzas temporales entre grupos peque\u00f1os y Los Choneros, el m\u00e1s antiguo del pa\u00eds, o Los Lobos, el m\u00e1s grande actualmente, ha provocado tambi\u00e9n un alza de extorsiones y hechos violentos.<\/p>\n<h3 class=\"wp-block-heading\"><strong>Grupos extranjeros<\/strong><\/h3>\n<p>Las organizaciones ecuatorianas se enfrentan principalmente por el control de las rutas del narcotr\u00e1fico, pero en las provincias de Esmeraldas y Sucumb\u00edos, ubicadas en la frontera norte, y esa disputa se extiende a grupos colombianos, como los Comandos de la Frontera, una disidencia de la extinta guerrilla de las FARC.<\/p>\n<p>En la zona de la Amazon\u00eda, los Comandos de la Frontera \u00abcontrolan la producci\u00f3n droga y su salida desde Colombia hacia Ecuador\u00bb y mantiene enfrentamientos con grupos como Los \u00c1guilas.<\/p>\n<figure class=\"wp-block-image\"><img decoding=\"async\" src=\"https:\/\/i0.wp.com\/efe.com\/wp-content\/uploads\/2026\/04\/OBJ_20260324T153136S0004I_1_1_1_34_7_6.webp?resize=900%2C600&amp;ssl=1\" alt=\"Toque de queda Ecuador\" class=\"wp-image-2645088\" title=\"Ecuador se alista para un nuevo toque de queda nocturno en casi la mitad del pa\u00eds | 4 |\"><figcaption class=\"wp-element-caption\">Un integrante de la Polic\u00eda de Ecuador requisa a una persona durante un operativo, en Guayaquil (Ecuador). EFE\/ Gerardo Menoscal<\/figcaption><\/figure>\n<h3 class=\"wp-block-heading\"><strong>Excepciones al toque de queda en Ecuador<\/strong><\/h3>\n<p>Durante las noches de estos 15 d\u00edas solo podr\u00e1n circular polic\u00edas, militares y el personal de salud y emergencias, pese al pedido que hizo el sector comercial y exportador, principalmente vinculado al banano y al camar\u00f3n, los productos estrella del pa\u00eds andino, de encontrar maneras de combatir el crimen sin causar afectaciones econ\u00f3micas.<\/p>\n<p>Tampoco se tom\u00f3 en cuenta a los periodistas o al personal de organizaciones internacionales a pesar de que la Corte Constitucional le orden\u00f3 al Gobierno en marzo pasado que les permita salir a realizar su trabajo. Quienes incumplan la restricci\u00f3n se enfrentan a penas de c\u00e1rcel de entre uno y tres a\u00f1os.<a href=\"https:\/\/whatsapp.com\/channel\/0029VayTEv30AgW3vHZ95u1T\" target=\"_blank\" rel=\"noreferrer noopener\"><\/a><\/p>\n<p>\u200bGuayaquil.- Nueve provincias y otros cuatro municipios de Ecuador estar\u00e1n desde este domingo, y durante quince d\u00edas, bajo un nuevo toque de queda nocturno en el que las fuerzas de seguridad buscar\u00e1n intensificar el combate al crimen organizado, que mantiene al pa\u00eds en un nivel de violencia sin precedentes. Esta es la segunda vez en\u00a0\u00a0Internacionales, Ecuador, Pa\u00eds\u00a0\u00a0<\/p>\n","protected":false},"excerpt":{"rendered":"<p>Guayaquil.- Nueve provincias y otros cuatro municipios de Ecuador estar\u00e1n desde este domingo, y durante quince d\u00edas, bajo un nuevo toque de queda nocturno en el que las fuerzas de seguridad buscar\u00e1n intensificar el combate al crimen organizado, que mantiene al pa\u00eds en un nivel de violencia sin precedentes. Esta es la segunda vez en [&hellip;]<\/p>\n","protected":false},"author":1,"featured_media":26296,"comment_status":"open","ping_status":"open","sticky":false,"template":"","format":"standard","meta":{"amp_status":"","footnotes":""},"categories":[3],"tags":[],"class_list":["post-26295","post","type-post","status-publish","format-standard","has-post-thumbnail","hentry","category-de-ultimo-minuto"],"_links":{"self":[{"href":"https:\/\/ermdigital.com\/index.php?rest_route=\/wp\/v2\/posts\/26295","targetHints":{"allow":["GET"]}}],"collection":[{"href":"https:\/\/ermdigital.com\/index.php?rest_route=\/wp\/v2\/posts"}],"about":[{"href":"https:\/\/ermdigital.com\/index.php?rest_route=\/wp\/v2\/types\/post"}],"author":[{"embeddable":true,"href":"https:\/\/ermdigital.com\/index.php?rest_route=\/wp\/v2\/users\/1"}],"replies":[{"embeddable":true,"href":"https:\/\/ermdigital.com\/index.php?rest_route=%2Fwp%2Fv2%2Fcomments&post=26295"}],"version-history":[{"count":0,"href":"https:\/\/ermdigital.com\/index.php?rest_route=\/wp\/v2\/posts\/26295\/revisions"}],"wp:featuredmedia":[{"embeddable":true,"href":"https:\/\/ermdigital.com\/index.php?rest_route=\/wp\/v2\/media\/26296"}],"wp:attachment":[{"href":"https:\/\/ermdigital.com\/index.php?rest_route=%2Fwp%2Fv2%2Fmedia&parent=26295"}],"wp:term":[{"taxonomy":"category","embeddable":true,"href":"https:\/\/ermdigital.com\/index.php?rest_route=%2Fwp%2Fv2%2Fcategories&post=26295"},{"taxonomy":"post_tag","embeddable":true,"href":"https:\/\/ermdigital.com\/index.php?rest_route=%2Fwp%2Fv2%2Ftags&post=26295"}],"curies":[{"name":"wp","href":"https:\/\/api.w.org\/{rel}","templated":true}]}}