{"id":26289,"date":"2026-04-29T20:07:49","date_gmt":"2026-04-30T00:07:49","guid":{"rendered":"https:\/\/ermdigital.com\/?p=26289"},"modified":"2026-04-29T20:07:49","modified_gmt":"2026-04-30T00:07:49","slug":"desbordamiento-de-presa-incomunica-comunidades-en-santiago-rodriguez-y-afecta-vias-hacia-dajabon","status":"publish","type":"post","link":"https:\/\/ermdigital.com\/?p=26289","title":{"rendered":"Desbordamiento de presa incomunica comunidades en Santiago Rodriguez y afecta v\u00edas hacia Dajab\u00f3n"},"content":{"rendered":"<p><strong>Santiago Rodr\u00edguez.<\/strong> Una situaci\u00f3n de emergencia se registra este mi\u00e9rcoles en la comunidad de El Guanal<br \/>de Santiago Ridruguez, tras el desbordamiento de una presa que provoc\u00f3 la crecida de un r\u00edo, dejando incomunicado el acceso hacia varias localidades de la zona.<\/p>\n<p>El hecho ha afectado de manera directa la v\u00eda que conecta con Loma de Cabrera, en la provincia Dajab\u00f3n, as\u00ed como los tramos hacia El Pino y Los Amates, lo que ha generado serias dificultades para el tr\u00e1nsito vehicular y el desplazamiento de residentes.<\/p>\n<h4 class=\"wp-block-heading\"><strong>Recomendamos leer:<a href=\"https:\/\/deultimominuto.net\/enlaces\/\" data-type=\"page\" data-id=\"491852\"> Desbordamiento de r\u00edo causa inundaciones y da\u00f1os en Gaspar Hern\u00e1ndez<\/a><\/strong><a href=\"https:\/\/deultimominuto.net\/category\/nacionales\/\"><\/a><\/h4>\n<p>Seg\u00fan informaciones preliminares, las fuertes corrientes de agua han cubierto varios puntos de la carretera, impidiendo el paso seguro y obligando a suspender el tr\u00e1nsito en el \u00e1rea afectada mientras se eval\u00faan los da\u00f1os.<\/p>\n<p>Residentes reportaron la intensidad del caudal y el peligro que representa cruzar la zona, por lo que recomiendan a conductores y ciudadanos evitar el \u00e1rea hasta que la situaci\u00f3n sea controlada por las autoridades competentes.<\/p>\n<p>\u200bSantiago Rodr\u00edguez. Una situaci\u00f3n de emergencia se registra este mi\u00e9rcoles en la comunidad de El Guanalde Santiago Ridruguez, tras el desbordamiento de una presa que provoc\u00f3 la crecida de un r\u00edo, dejando incomunicado el acceso hacia varias localidades de la zona. El hecho ha afectado de manera directa la v\u00eda que conecta con Loma de\u00a0\u00a0Nacionales, Dajab\u00f3n, desbordamiento, Santiago Rodriguez\u00a0\u00a0<\/p>\n","protected":false},"excerpt":{"rendered":"<p>Santiago Rodr\u00edguez. Una situaci\u00f3n de emergencia se registra este mi\u00e9rcoles en la comunidad de El Guanalde Santiago Ridruguez, tras el desbordamiento de una presa que provoc\u00f3 la crecida de un r\u00edo, dejando incomunicado el acceso hacia varias localidades de la zona. El hecho ha afectado de manera directa la v\u00eda que conecta con Loma de [&hellip;]<\/p>\n","protected":false},"author":1,"featured_media":26290,"comment_status":"open","ping_status":"open","sticky":false,"template":"","format":"standard","meta":{"amp_status":"","footnotes":""},"categories":[3],"tags":[],"class_list":["post-26289","post","type-post","status-publish","format-standard","has-post-thumbnail","hentry","category-de-ultimo-minuto"],"_links":{"self":[{"href":"https:\/\/ermdigital.com\/index.php?rest_route=\/wp\/v2\/posts\/26289","targetHints":{"allow":["GET"]}}],"collection":[{"href":"https:\/\/ermdigital.com\/index.php?rest_route=\/wp\/v2\/posts"}],"about":[{"href":"https:\/\/ermdigital.com\/index.php?rest_route=\/wp\/v2\/types\/post"}],"author":[{"embeddable":true,"href":"https:\/\/ermdigital.com\/index.php?rest_route=\/wp\/v2\/users\/1"}],"replies":[{"embeddable":true,"href":"https:\/\/ermdigital.com\/index.php?rest_route=%2Fwp%2Fv2%2Fcomments&post=26289"}],"version-history":[{"count":0,"href":"https:\/\/ermdigital.com\/index.php?rest_route=\/wp\/v2\/posts\/26289\/revisions"}],"wp:featuredmedia":[{"embeddable":true,"href":"https:\/\/ermdigital.com\/index.php?rest_route=\/wp\/v2\/media\/26290"}],"wp:attachment":[{"href":"https:\/\/ermdigital.com\/index.php?rest_route=%2Fwp%2Fv2%2Fmedia&parent=26289"}],"wp:term":[{"taxonomy":"category","embeddable":true,"href":"https:\/\/ermdigital.com\/index.php?rest_route=%2Fwp%2Fv2%2Fcategories&post=26289"},{"taxonomy":"post_tag","embeddable":true,"href":"https:\/\/ermdigital.com\/index.php?rest_route=%2Fwp%2Fv2%2Ftags&post=26289"}],"curies":[{"name":"wp","href":"https:\/\/api.w.org\/{rel}","templated":true}]}}