{"id":26287,"date":"2026-04-29T20:11:38","date_gmt":"2026-04-30T00:11:38","guid":{"rendered":"https:\/\/ermdigital.com\/?p=26287"},"modified":"2026-04-29T20:11:38","modified_gmt":"2026-04-30T00:11:38","slug":"policia-nacional-capacita-a-agentes-preventivos-en-manejo-de-escenas-del-crimen-y-preservacion-de-evidencias","status":"publish","type":"post","link":"https:\/\/ermdigital.com\/?p=26287","title":{"rendered":"Polic\u00eda Nacional capacita a agentes preventivos en manejo de escenas del crimen y preservaci\u00f3n de evidencias"},"content":{"rendered":"<p><strong>Santo Domingo<\/strong>.- La <strong><a href=\"https:\/\/www.instagram.com\/policiard\/\" target=\"_blank\" rel=\"noopener\">Polic\u00eda Nacional<\/a><\/strong> realiz\u00f3 una <strong>jornada <\/strong>de capacitaci\u00f3n t\u00e9cnica dirigida a unos <strong>40 agentes<\/strong> preventivos, con el objetivo de fortalecer sus capacidades en la protecci\u00f3n de la escena del crimen y el manejo adecuado de evidencias, como parte de las acciones orientadas a mejorar la labor investigativa.<\/p>\n<p>La formaci\u00f3n fue impartida por el sargento mayor <strong>Leyvi Marco Ozuna<\/strong>, quien desarroll\u00f3 contenidos te\u00f3ricos y pr\u00e1cticos sobre los protocolos de preservaci\u00f3n del lugar de los hechos, la correcta recolecci\u00f3n de evidencias y la importancia de evitar cualquier tipo de contaminaci\u00f3n que pueda afectar la cadena de custodia dentro del proceso judicial.<\/p>\n<p>Durante el entrenamiento se enfatiz\u00f3 la actualizaci\u00f3n de los criterios de actuaci\u00f3n de los agentes en el terreno, con el fin de optimizar su intervenci\u00f3n en situaciones cr\u00edticas y garantizar procedimientos m\u00e1s precisos, profesionales y ajustados a la normativa vigente.<\/p>\n<h5 class=\"wp-block-heading\"><strong>Recomendamos leer: <a href=\"https:\/\/deultimominuto.net\/nacionales\/policia-y-ministerio-publico-2\/\">Polic\u00eda y Ministerio P\u00fablico incautan decenas de dispositivos electr\u00f3nicos en operativo en Santiago<\/a><\/strong><\/h5>\n<p>La actividad cont\u00f3 con la presencia de autoridades policiales, entre ellas el director central de Prevenci\u00f3n, general <strong>Mart\u00edn Miguel Tapia S\u00e1nchez<\/strong>; el subdirector de Prevenci\u00f3n, coronel <strong>Braulio Ram\u00edrez<\/strong>; el coronel <strong>Medina Lantigua<\/strong>, encargado de Estad\u00edstica de Campo, y el teniente coronel <strong>Ariel Tav\u00e1rez<\/strong>, quienes respaldaron la iniciativa como parte del fortalecimiento institucional.<\/p>\n<p>Tambi\u00e9n particip\u00f3 el comisionado ejecutivo para la Reforma Policial, general retirado <strong>Luis Ernesto Garc\u00eda Hern\u00e1ndez<\/strong>, de la Polic\u00eda de Colombia, quien ofreci\u00f3 orientaciones enfocadas en el rol del primer respondiente, la toma de decisiones oportunas y el estricto cumplimiento de los protocolos establecidos.<\/p>\n<p>Las autoridades destacaron la importancia del agente preventivo en la preservaci\u00f3n de la escena del crimen, al se\u00f1alar que su correcta intervenci\u00f3n contribuye a mantener la integridad de las evidencias y resulta clave para el esclarecimiento de los hechos.<\/p>\n<p>La Polic\u00eda Nacional indic\u00f3 que este tipo de capacitaciones forman parte de un programa continuo orientado a elevar la calidad del servicio, profesionalizar al personal y fortalecer la eficiencia de los procesos investigativos en beneficio de la ciudadan\u00eda.<\/p>\n<figure class=\"wp-block-gallery has-nested-images columns-default is-cropped wp-block-gallery-1 is-layout-flex wp-block-gallery-is-layout-flex\">\n<figure class=\"wp-block-image size-large\"><img loading=\"lazy\" decoding=\"async\" width=\"1024\" height=\"682\" data-id=\"648199\" src=\"https:\/\/cdn.deultimominuto.net\/wp-content\/uploads\/2026\/04\/c2aa88f5-25f1-4045-930c-89751368a2ac-1024x682.jpg\" alt=\"Polic\u00eda Nacional capacita a agentes preventivos en manejo de escenas del crimen y preservaci\u00f3n de evidencias - Noticias de hoy en Rep\u00fablica Dominicana | De \u00daltimo Minuto\" class=\"wp-image-648199\" title=\"Polic\u00eda Nacional capacita a agentes preventivos en manejo de escenas del crimen y preservaci\u00f3n de evidencias | 1 |\"><\/figure>\n<figure class=\"wp-block-image size-large\"><img loading=\"lazy\" decoding=\"async\" width=\"1024\" height=\"682\" data-id=\"648200\" src=\"https:\/\/cdn.deultimominuto.net\/wp-content\/uploads\/2026\/04\/5f3c6911-7d23-4b3b-9b67-2c77aa1295b6-1024x682.jpg\" alt=\"Polic\u00eda Nacional capacita a agentes preventivos en manejo de escenas del crimen y preservaci\u00f3n de evidencias - Noticias de hoy en Rep\u00fablica Dominicana | De \u00daltimo Minuto\" class=\"wp-image-648200\" title=\"Polic\u00eda Nacional capacita a agentes preventivos en manejo de escenas del crimen y preservaci\u00f3n de evidencias | 2 |\"><\/figure>\n<\/figure>\n<p>\u200bSanto Domingo.- La Polic\u00eda Nacional realiz\u00f3 una jornada de capacitaci\u00f3n t\u00e9cnica dirigida a unos 40 agentes preventivos, con el objetivo de fortalecer sus capacidades en la protecci\u00f3n de la escena del crimen y el manejo adecuado de evidencias, como parte de las acciones orientadas a mejorar la labor investigativa. La formaci\u00f3n fue impartida por el\u00a0\u00a0Nacionales, agemtes, Capacita, Policia, Preventivos\u00a0\u00a0<\/p>\n","protected":false},"excerpt":{"rendered":"<p>Santo Domingo.- La Polic\u00eda Nacional realiz\u00f3 una jornada de capacitaci\u00f3n t\u00e9cnica dirigida a unos 40 agentes preventivos, con el objetivo de fortalecer sus capacidades en la protecci\u00f3n de la escena del crimen y el manejo adecuado de evidencias, como parte de las acciones orientadas a mejorar la labor investigativa. La formaci\u00f3n fue impartida por el [&hellip;]<\/p>\n","protected":false},"author":1,"featured_media":26288,"comment_status":"open","ping_status":"open","sticky":false,"template":"","format":"standard","meta":{"amp_status":"","footnotes":""},"categories":[3],"tags":[],"class_list":["post-26287","post","type-post","status-publish","format-standard","has-post-thumbnail","hentry","category-de-ultimo-minuto"],"_links":{"self":[{"href":"https:\/\/ermdigital.com\/index.php?rest_route=\/wp\/v2\/posts\/26287","targetHints":{"allow":["GET"]}}],"collection":[{"href":"https:\/\/ermdigital.com\/index.php?rest_route=\/wp\/v2\/posts"}],"about":[{"href":"https:\/\/ermdigital.com\/index.php?rest_route=\/wp\/v2\/types\/post"}],"author":[{"embeddable":true,"href":"https:\/\/ermdigital.com\/index.php?rest_route=\/wp\/v2\/users\/1"}],"replies":[{"embeddable":true,"href":"https:\/\/ermdigital.com\/index.php?rest_route=%2Fwp%2Fv2%2Fcomments&post=26287"}],"version-history":[{"count":0,"href":"https:\/\/ermdigital.com\/index.php?rest_route=\/wp\/v2\/posts\/26287\/revisions"}],"wp:featuredmedia":[{"embeddable":true,"href":"https:\/\/ermdigital.com\/index.php?rest_route=\/wp\/v2\/media\/26288"}],"wp:attachment":[{"href":"https:\/\/ermdigital.com\/index.php?rest_route=%2Fwp%2Fv2%2Fmedia&parent=26287"}],"wp:term":[{"taxonomy":"category","embeddable":true,"href":"https:\/\/ermdigital.com\/index.php?rest_route=%2Fwp%2Fv2%2Fcategories&post=26287"},{"taxonomy":"post_tag","embeddable":true,"href":"https:\/\/ermdigital.com\/index.php?rest_route=%2Fwp%2Fv2%2Ftags&post=26287"}],"curies":[{"name":"wp","href":"https:\/\/api.w.org\/{rel}","templated":true}]}}