{"id":26281,"date":"2026-04-29T20:22:00","date_gmt":"2026-04-30T00:22:00","guid":{"rendered":"https:\/\/ermdigital.com\/?p=26281"},"modified":"2026-04-29T20:22:00","modified_gmt":"2026-04-30T00:22:00","slug":"uefa-champions-hakimi-se-perdera-la-semifinal-de-vuelta","status":"publish","type":"post","link":"https:\/\/ermdigital.com\/?p=26281","title":{"rendered":"UEFA Champions: Hakimi se perder\u00e1 la semifinal de vuelta"},"content":{"rendered":"<p>\u00a0\u00a0<\/p>\n<p>El defensa del <strong>PSG<\/strong> <strong>Achraf Hakimi<\/strong> se perder\u00e1 la vuelta de las semifinales de la <strong>Liga de Campeones<\/strong> de Europa, la pr\u00f3xima semana ante el Bayern Munich, por una lesi\u00f3n en el <strong>muslo derecho<\/strong>, anunci\u00f3 el club franc\u00e9s este mi\u00e9rcoles.<\/p>\n<h2>Detalles confirmados sobre la lesi\u00f3n de Achraf <strong>Hakimi<\/strong><\/h2>\n<p>Este percance f\u00edsico, que le tendr\u00e1 fuera del terreno de juego \"las <strong>pr\u00f3ximas semanas<\/strong>\", arroja adem\u00e1s dudas sobre las perspectivas de <strong>Hakimi<\/strong> para el <strong>Mundial 2026<\/strong> (11 junio-19 julio), donde est\u00e1 llamado a ser el l\u00edder de Marruecos.<\/p>\n<p>El lateral marroqu\u00ed se da\u00f1\u00f3 en la parte trasera del <strong>muslo derecho<\/strong> en los \u00faltimos minutos (88&#8242;) de la espectacular ida de semifinales de la Champions, en la que el <strong>PSG<\/strong> gan\u00f3 5-4 al Bayern M\u00fanich el martes en Par\u00eds.<\/p>\n<p>Su equipo ya hab\u00eda realizado todos los cambios y <strong>Hakimi<\/strong>, de <strong>27 a\u00f1os<\/strong>, termin\u00f3 el encuentro a pesar de su lesi\u00f3n.<\/p>\n<p>Preguntado despu\u00e9s del partido por su jugador, el entrenador espa\u00f1ol <strong>Luis Enrique<\/strong> dijo que prefer\u00eda \"<strong>no avanzar<\/strong> nada\" sobre una estimaci\u00f3n de la gravedad del problema.<\/p>\n<p>\"Veremos cu\u00e1l es su estado\" el mi\u00e9rcoles, apunt\u00f3, mientras que el capit\u00e1n brasile\u00f1o del equipo, <strong>Marquinhos<\/strong>, <strong>relativizaba<\/strong> entonces al hablar de simples \"<strong>calambres<\/strong>\".<\/p>\n<p>Las <strong>pruebas m\u00e9dicas<\/strong> realizadas este mi\u00e9rcoles concluyeron que s\u00ed tiene \"una lesi\u00f3n\" en los isquiotibiales del <strong>muslo derecho<\/strong>.<\/p>\n<h2>Repercusiones y sustituciones en el <strong>PSG<\/strong> para la semifinal<\/h2>\n<p><strong>Hakimi<\/strong> ya fue baja varias semanas en el \u00faltimo tramo de 2025, en aquel caso por un esguince de tobillo.<\/p>\n<p><strong>Warren Za\u00efre-Emery<\/strong> se perfila como su <strong>sustituto<\/strong> en el <strong>PSG<\/strong> y su reposicionamiento parece dar entrada al espa\u00f1ol <strong>Fabi\u00e1n Ruiz<\/strong> en el dibujo del once de los parisinos para ese crucial duelo de las semifinales europeas.<\/p>\n<div class=\"w-full pt-2 float-left inside-related\"><strong>RELACIONADAS<\/strong><\/p>\n<article class=\"flex flex-wrap border-b pb-4 mb-3 inline-block\">\n<div class=\"xl:w-2\/12 w-4\/12\">\n<figure class=\"mb-0\"><img loading=\"lazy\" decoding=\"async\" src=\"https:\/\/resources.diariolibre.com\/images\/2025\/05\/30\/ap25150653778503-dd6c034f-focus-0-0-149-99.jpg\" width=\"149\" height=\"99\" title=\"La final de la Champions expone los lazos de Al-Khela\u00effi con el PSG, UEFA, beIN y Qatar\" alt=\"La final de la Champions expone los lazos de Al-Khela\u00effi con el PSG, UEFA, beIN y Qatar\" class=\"object-cover\" \/><\/figure>\n<\/div>\n<\/article>\n<article class=\"flex flex-wrap border-b pb-4 mb-3 inline-block\">\n<div class=\"xl:w-2\/12 w-4\/12\">\n<figure class=\"mb-0\"><img loading=\"lazy\" decoding=\"async\" src=\"https:\/\/resources.diariolibre.com\/images\/2025\/07\/16\/laminel-d3b35198-focus-0.05-0.42-149-99.jpg\" width=\"149\" height=\"99\" title=\"Lewandowski, sobre Lamine: Cada a\u00f1o ser\u00e1 mejor\" alt=\"Lewandowski, sobre Lamine: Cada a\u00f1o ser\u00e1 mejor\" class=\"object-cover\" \/><\/figure>\n<\/div>\n<\/article>\n<article class=\"flex flex-wrap border-b pb-4 mb-3 inline-block\">\n<div class=\"xl:w-2\/12 w-4\/12\">\n<figure class=\"mb-0\"><img loading=\"lazy\" decoding=\"async\" src=\"https:\/\/resources.diariolibre.com\/images\/2026\/04\/03\/uefa-champions-bayern-munich-barcelona-y-arsenal-lyon-49161914-focus-0.26-0.3-149-99.jpg\" width=\"149\" height=\"99\" title=\"Bayern M\u00fanich-Barcelona y Arsenal-Lyon, las semifinales de la Champions femenina\" alt=\"Bayern M\u00fanich-Barcelona y Arsenal-Lyon, las semifinales de la Champions femenina\" class=\"object-cover\" \/><\/figure>\n<\/div>\n<\/article>\n<\/div>\n<p>El arquero <strong>Lucas Chevalier<\/strong>, actualmente suplente de Matve\u00ef Safonov, se lesion\u00f3 tambi\u00e9n en el <strong>muslo derecho<\/strong> e igualmente estar\u00e1 de baja \"las <strong>pr\u00f3ximas semanas<\/strong>\", precis\u00f3 tambi\u00e9n el cuadro franc\u00e9s.<\/p>\n<p>ali\/ah\/dr\/raa\/<\/p>\n<div class=\"border-t border-b py-2 my-5 tags-container\"><strong>TEMAS &#8211; <\/strong><\/p>\n<ul>\n<li>\n<div class=\"inline-block border p-2 rounded-full align-middle\">\n<p><a href=\"https:\/\/www.diariolibre.com\/tags\/uefa-champions\/74429\" title=\"UEFA Champions\">UEFA Champions<\/a><\/p>\n<\/div>\n<\/li>\n<li>\n<div class=\"inline-block border p-2 rounded-full align-middle\">\n<p><a href=\"https:\/\/www.diariolibre.com\/tags\/paris-saint-germain\/315137\" title=\"Paris Saint Germain\">Paris Saint Germain<\/a><\/p>\n<\/div>\n<\/li>\n<li><\/li>\n<li>\n<div class=\"inline-block border p-2 rounded-full align-middle\">\n<p><a href=\"https:\/\/www.diariolibre.com\/tags\/liga-de-campeones\/1730\" title=\"Liga de Campeones\">Liga de Campeones<\/a><\/p>\n<\/div>\n<\/li>\n<li>\n<div class=\"inline-block border p-2 rounded-full align-middle\">\n<p><a href=\"https:\/\/www.diariolibre.com\/tags\/hakimi\/123502\" title=\"Hakimi\">Hakimi<\/a><\/p>\n<\/div>\n<\/li>\n<\/ul>\n<\/div>\n<p>\u00a0<\/p>\n","protected":false},"excerpt":{"rendered":"<p>\u00a0\u00a0 El defensa del PSG Achraf Hakimi se perder\u00e1 la vuelta de las semifinales de la Liga de Campeones de Europa, la pr\u00f3xima semana ante el Bayern Munich, por una lesi\u00f3n en el muslo derecho, anunci\u00f3 el club franc\u00e9s este mi\u00e9rcoles. Detalles confirmados sobre la lesi\u00f3n de Achraf Hakimi Este percance f\u00edsico, que le tendr\u00e1 [&hellip;]<\/p>\n","protected":false},"author":1,"featured_media":26282,"comment_status":"open","ping_status":"open","sticky":false,"template":"","format":"standard","meta":{"amp_status":"","footnotes":""},"categories":[4],"tags":[],"class_list":["post-26281","post","type-post","status-publish","format-standard","has-post-thumbnail","hentry","category-deportes"],"_links":{"self":[{"href":"https:\/\/ermdigital.com\/index.php?rest_route=\/wp\/v2\/posts\/26281","targetHints":{"allow":["GET"]}}],"collection":[{"href":"https:\/\/ermdigital.com\/index.php?rest_route=\/wp\/v2\/posts"}],"about":[{"href":"https:\/\/ermdigital.com\/index.php?rest_route=\/wp\/v2\/types\/post"}],"author":[{"embeddable":true,"href":"https:\/\/ermdigital.com\/index.php?rest_route=\/wp\/v2\/users\/1"}],"replies":[{"embeddable":true,"href":"https:\/\/ermdigital.com\/index.php?rest_route=%2Fwp%2Fv2%2Fcomments&post=26281"}],"version-history":[{"count":0,"href":"https:\/\/ermdigital.com\/index.php?rest_route=\/wp\/v2\/posts\/26281\/revisions"}],"wp:featuredmedia":[{"embeddable":true,"href":"https:\/\/ermdigital.com\/index.php?rest_route=\/wp\/v2\/media\/26282"}],"wp:attachment":[{"href":"https:\/\/ermdigital.com\/index.php?rest_route=%2Fwp%2Fv2%2Fmedia&parent=26281"}],"wp:term":[{"taxonomy":"category","embeddable":true,"href":"https:\/\/ermdigital.com\/index.php?rest_route=%2Fwp%2Fv2%2Fcategories&post=26281"},{"taxonomy":"post_tag","embeddable":true,"href":"https:\/\/ermdigital.com\/index.php?rest_route=%2Fwp%2Fv2%2Ftags&post=26281"}],"curies":[{"name":"wp","href":"https:\/\/api.w.org\/{rel}","templated":true}]}}