{"id":26271,"date":"2026-04-29T15:15:10","date_gmt":"2026-04-29T19:15:10","guid":{"rendered":"https:\/\/ermdigital.com\/?p=26271"},"modified":"2026-04-29T15:15:10","modified_gmt":"2026-04-29T19:15:10","slug":"republica-dominicana-llevara-a-la-onu-su-nuevo-compromiso-climatico-para-2025-2030","status":"publish","type":"post","link":"https:\/\/ermdigital.com\/?p=26271","title":{"rendered":"Rep\u00fablica Dominicana llevar\u00e1 a la ONU su nuevo compromiso clim\u00e1tico para 2025-2030"},"content":{"rendered":"<p>\u200b<\/p>\n<p>Rep\u00fablica Dominicana ya est\u00e1 lista para presentar ante la Convenci\u00f3n Marco de las Naciones Unidas sobre el Cambio Clim\u00e1tico (Cmnucc) su nueva Contribuci\u00f3n Nacionalmente Determinada, NDC 3.0, la cual presenta nuevos compromisos de reducci\u00f3n de emisiones y, especialmente, de adaptaci\u00f3n a los efectos del cambio clim\u00e1tico en el pa\u00eds, de cara al a\u00f1o 2030.<\/p>\n<p>El Comit\u00e9 T\u00e9cnico, junto con el equipo de consultores que elabor\u00f3 la NDC3.0, hizo entrega de la versi\u00f3n final del documento para su diagramaci\u00f3n y presentaci\u00f3n al pa\u00eds en las pr\u00f3ximas semanas.<\/p>\n<p>La nueva NDC de Rep\u00fablica Dominicana aumenta a 28 % la meta de reducci\u00f3n de emisiones del pa\u00eds en un escenario tendencial proyectado al a\u00f1o 2030, teniendo como l\u00ednea base las emisiones nacionales del a\u00f1o 2022. S\u00f3lo el 19.5% de la reducci\u00f3n de emisiones estar\u00e1 condicionada al financiamiento internacional mientras que el 8.5% ser\u00e1 financiado con recursos nacionales del sector p\u00fablico y el sector privado.<\/p>\n<p>Adem\u00e1s, establece diversas medidas de adaptaci\u00f3n que no s\u00f3lo incluyen a los planes de adaptaci\u00f3n sectoriales de medio ambiente, salud y emergencias y establece nuevas medidas para el sector de la ni\u00f1ez y la primera infancia.<\/p>\n<p>El vicepresidente ejecutivo del Consejo Nacional para el Cambio Clim\u00e1tico y Mercado de Carbono (Cnccmc), Max Puig, junto con la viceministra de Cambio Clim\u00e1tico y Sostenibilidad del Ministerio de Medio Ambiente y Recursos Naturales (Mimarena), Ana Pimentel, y el viceministro de Planificaci\u00f3n e Inversi\u00f3n P\u00fablica del Ministerio de Hacienda y Econom\u00eda, Mart\u00edn Francos, recibieron oficialmente el documento para preparar su lanzamiento oficial.<\/p>\n<p>La entrega fue encabezada por la directora t\u00e9cnica del Cnccmc y vicepresidenta de la COP30, Sara Gonz\u00e1lez Troncoso; la directora de Mitigaci\u00f3n y Adaptaci\u00f3n al Cambio Clim\u00e1tico de Mimarena, Gabriela M\u00e1rquez, y la directora de An\u00e1lisis y Regulaci\u00f3n Tributaria del Ministerio de Hacienda y Econom\u00eda, Mariam Ortiz.<\/p>\n<p>Mientras que, por el equipo de consultores, la presentaci\u00f3n estuvo a cargo de Laura Rathe, El\u00edas Dinzey, Nelly Cuello e Iv\u00e1n Relova, quienes expusieron no s\u00f3lo la metodolog\u00eda de amplias consultas con los sectores p\u00fablico, privado, acad\u00e9mico y comunitario, sino que resaltaron el compromiso de todos los actores involucrados en la formulaci\u00f3n de las nuevas metas clim\u00e1ticas nacionales.<\/p>\n<p>Las Contribuciones Nacionalmente Determinadas son el instrumento de planificaci\u00f3n nacional que presenta el compromiso de los pa\u00edses firmantes del Acuerdo de Par\u00eds en 2015. La primera NDC de Rep\u00fablica Dominicana fue presentada en el a\u00f1o 2017 y, aunque conten\u00eda datos de gran calidad, era un documento indicativo que apenas se pudo laborar en un breve lapso de tiempo.<\/p>\n<p>En 2020 se present\u00f3 la NDC-RD2020, documento que aumentaba la ambici\u00f3n nacional de cara al a\u00f1o 2030 y, por primera vez, establec\u00eda compromisos de mitigaci\u00f3n de emisiones de gases de efecto invernadero que no estaban condicionados al financiamiento internacional.<\/p>\n<p>Archivado en: <a href=\"https:\/\/eldinero.com.do\/tag\/onu\/\" rel=\"tag\">ONU<\/a><a href=\"https:\/\/eldinero.com.do\/tag\/republica-dominicana\/\" rel=\"tag\">Rep\u00fablica Dominicana<\/a><\/p>\n<p>\u00a0<\/p>\n","protected":false},"excerpt":{"rendered":"<p>\u200b Rep\u00fablica Dominicana ya est\u00e1 lista para presentar ante la Convenci\u00f3n Marco de las Naciones Unidas sobre el Cambio Clim\u00e1tico (Cmnucc) su nueva Contribuci\u00f3n Nacionalmente Determinada, NDC 3.0, la cual presenta nuevos compromisos de reducci\u00f3n de emisiones y, especialmente, de adaptaci\u00f3n a los efectos del cambio clim\u00e1tico en el pa\u00eds, de cara al a\u00f1o 2030. [&hellip;]<\/p>\n","protected":false},"author":1,"featured_media":26272,"comment_status":"open","ping_status":"open","sticky":false,"template":"","format":"standard","meta":{"amp_status":"","footnotes":""},"categories":[7],"tags":[],"class_list":["post-26271","post","type-post","status-publish","format-standard","has-post-thumbnail","hentry","category-economia"],"_links":{"self":[{"href":"https:\/\/ermdigital.com\/index.php?rest_route=\/wp\/v2\/posts\/26271","targetHints":{"allow":["GET"]}}],"collection":[{"href":"https:\/\/ermdigital.com\/index.php?rest_route=\/wp\/v2\/posts"}],"about":[{"href":"https:\/\/ermdigital.com\/index.php?rest_route=\/wp\/v2\/types\/post"}],"author":[{"embeddable":true,"href":"https:\/\/ermdigital.com\/index.php?rest_route=\/wp\/v2\/users\/1"}],"replies":[{"embeddable":true,"href":"https:\/\/ermdigital.com\/index.php?rest_route=%2Fwp%2Fv2%2Fcomments&post=26271"}],"version-history":[{"count":0,"href":"https:\/\/ermdigital.com\/index.php?rest_route=\/wp\/v2\/posts\/26271\/revisions"}],"wp:featuredmedia":[{"embeddable":true,"href":"https:\/\/ermdigital.com\/index.php?rest_route=\/wp\/v2\/media\/26272"}],"wp:attachment":[{"href":"https:\/\/ermdigital.com\/index.php?rest_route=%2Fwp%2Fv2%2Fmedia&parent=26271"}],"wp:term":[{"taxonomy":"category","embeddable":true,"href":"https:\/\/ermdigital.com\/index.php?rest_route=%2Fwp%2Fv2%2Fcategories&post=26271"},{"taxonomy":"post_tag","embeddable":true,"href":"https:\/\/ermdigital.com\/index.php?rest_route=%2Fwp%2Fv2%2Ftags&post=26271"}],"curies":[{"name":"wp","href":"https:\/\/api.w.org\/{rel}","templated":true}]}}