{"id":26267,"date":"2026-04-29T15:25:23","date_gmt":"2026-04-29T19:25:23","guid":{"rendered":"https:\/\/ermdigital.com\/?p=26267"},"modified":"2026-04-29T15:25:23","modified_gmt":"2026-04-29T19:25:23","slug":"america-latina-muestra-solidez-economica-pero-enfrenta-mayores-riesgos-en-2026","status":"publish","type":"post","link":"https:\/\/ermdigital.com\/?p=26267","title":{"rendered":"Am\u00e9rica Latina muestra solidez econ\u00f3mica, pero enfrenta mayores riesgos en 2026"},"content":{"rendered":"<p>\u200b<\/p>\n<p>Am\u00e9rica Latina lleg\u00f3 a 2026 con una posici\u00f3n econ\u00f3mica \u201cm\u00e1s robusta\u201d que a\u00f1os anteriores, aunque se encuentra en un \u201cescenario de mayores riesgos\u201d debido a la guerra en Ir\u00e1n, la persistencia de la inflaci\u00f3n subyacente, las fragilidades fiscales y un entorno financiero m\u00e1s restrictivo.<\/p>\n<p>As\u00ed lo indica el informe \u2018Econom\u00eda Latinoamericana\u2019 del Banco de Espa\u00f1a, correspondiente al primer semestre de 2026 y publicado este mi\u00e9rcoles, que a\u00f1ade que la regi\u00f3n se encontraba en una \u201crelativamente buena posici\u00f3n\u201d antes del conflicto en Oriente Medio, con un crecimiento en 2025 que fue \u201cm\u00e1s s\u00f3lido de lo esperado\u201d pese a los aranceles de Estados Unidos.<\/p>\n<p>Entre las fortalezas de Am\u00e9rica Latina, destacan los precios favorables de materias primas, que permitieron compensar la subida de la energ\u00eda como consecuencia de la guerra, adem\u00e1s de un sistema financiero estable, seg\u00fan explic\u00f3 la jefa de la Divisi\u00f3n de Econom\u00eda Global de la entidad, Eva Ortega.<\/p>\n<p>No obstante, el primer semestre de 2026 est\u00e1 marcado por el citado conflicto, que provoc\u00f3 \u201cuna reacci\u00f3n inmediata en sus mercados financieros, con depreciaciones cambiarias, repuntes en los tipos de inter\u00e9s a largo plazo, ampliaciones de los diferenciales soberanos y ca\u00eddas de los \u00edndices burs\u00e1tiles\u201d.<\/p>\n<p>Respecto a las finanzas p\u00fablicas, siguen siendo \u201cel principal foco de vulnerabilidad estructural en la regi\u00f3n\u201d y ello \u201cpuede limitar la capacidad de respuesta ante las consecuencias econ\u00f3micas del conflicto en Oriente Medio\u201d.<\/p>\n<p>El documento detalla que Brasil, M\u00e9xico y Colombia combinan niveles elevados de deuda, crecimiento moderado y tipos de inter\u00e9s relativamente elevados, lo que aumenta la probabilidad de que se materialicen trayectorias crecientes de deuda p\u00fablica.<\/p>\n<p>En este contexto, la capacidad de la regi\u00f3n para sostener el crecimiento depender\u00e1 de la prudencia fiscal, la credibilidad monetaria, la profundizaci\u00f3n de reformas estrat\u00e9gicas y una gesti\u00f3n eficaz de las perturbaciones externas en un entorno global crecientemente incierto, insiste el Banco de Espa\u00f1a.<\/p>\n<p>El avance del acuerdo entre la Uni\u00f3n Europea (UE) y Mercosur abre una nueva etapa para la industria manufacturera, las materias primas cr\u00edticas y los flujos comerciales bilaterales, en un contexto en el que las exportaciones hacia la UE generan empleo de mayor cualificaci\u00f3n que el asociado a otros destinos relevantes como EE.UU., China y el resto de las econom\u00edas asi\u00e1ticas.<\/p>\n<p>Adem\u00e1s, este acuerdo favorecer\u00e1 la inversi\u00f3n directa en la regi\u00f3n, incluido el papel de las empresas espa\u00f1olas en sectores estrat\u00e9gicos, e impulsar\u00e1 igualmente el comercio dentro de esa zona, que est\u00e1 en niveles \u201crelativamente bajos\u201d, explicaron el director general adjunto de Econom\u00eda, Javier P\u00e9rez, y el subjefe de la Divisi\u00f3n de Econom\u00eda Global, Juan Carlos Berganza.<\/p>\n<p>Respecto a la pol\u00edtica comercial de Estados Unidos, los \u00faltimos movimientos volvieron a reconfigurar la posici\u00f3n relativa de la regi\u00f3n, con un alivio arancelario para Brasil y la consolidaci\u00f3n de la amplia ventaja de M\u00e9xico en algunos segmentos, un pa\u00eds que se est\u00e1 viendo notablemente afectado por la pol\u00edtica migratoria estadounidense.<\/p>\n<p>Archivado en: <a href=\"https:\/\/eldinero.com.do\/tag\/america-latina\/\" rel=\"tag\">Am\u00e9rica Latina<\/a><a href=\"https:\/\/eldinero.com.do\/tag\/solidez-economica\/\" rel=\"tag\">solidez econ\u00f3mica<\/a><\/p>\n<p>\u00a0<\/p>\n","protected":false},"excerpt":{"rendered":"<p>\u200b Am\u00e9rica Latina lleg\u00f3 a 2026 con una posici\u00f3n econ\u00f3mica \u201cm\u00e1s robusta\u201d que a\u00f1os anteriores, aunque se encuentra en un \u201cescenario de mayores riesgos\u201d debido a la guerra en Ir\u00e1n, la persistencia de la inflaci\u00f3n subyacente, las fragilidades fiscales y un entorno financiero m\u00e1s restrictivo. As\u00ed lo indica el informe \u2018Econom\u00eda Latinoamericana\u2019 del Banco de [&hellip;]<\/p>\n","protected":false},"author":1,"featured_media":26268,"comment_status":"open","ping_status":"open","sticky":false,"template":"","format":"standard","meta":{"amp_status":"","footnotes":""},"categories":[7],"tags":[],"class_list":["post-26267","post","type-post","status-publish","format-standard","has-post-thumbnail","hentry","category-economia"],"_links":{"self":[{"href":"https:\/\/ermdigital.com\/index.php?rest_route=\/wp\/v2\/posts\/26267","targetHints":{"allow":["GET"]}}],"collection":[{"href":"https:\/\/ermdigital.com\/index.php?rest_route=\/wp\/v2\/posts"}],"about":[{"href":"https:\/\/ermdigital.com\/index.php?rest_route=\/wp\/v2\/types\/post"}],"author":[{"embeddable":true,"href":"https:\/\/ermdigital.com\/index.php?rest_route=\/wp\/v2\/users\/1"}],"replies":[{"embeddable":true,"href":"https:\/\/ermdigital.com\/index.php?rest_route=%2Fwp%2Fv2%2Fcomments&post=26267"}],"version-history":[{"count":0,"href":"https:\/\/ermdigital.com\/index.php?rest_route=\/wp\/v2\/posts\/26267\/revisions"}],"wp:featuredmedia":[{"embeddable":true,"href":"https:\/\/ermdigital.com\/index.php?rest_route=\/wp\/v2\/media\/26268"}],"wp:attachment":[{"href":"https:\/\/ermdigital.com\/index.php?rest_route=%2Fwp%2Fv2%2Fmedia&parent=26267"}],"wp:term":[{"taxonomy":"category","embeddable":true,"href":"https:\/\/ermdigital.com\/index.php?rest_route=%2Fwp%2Fv2%2Fcategories&post=26267"},{"taxonomy":"post_tag","embeddable":true,"href":"https:\/\/ermdigital.com\/index.php?rest_route=%2Fwp%2Fv2%2Ftags&post=26267"}],"curies":[{"name":"wp","href":"https:\/\/api.w.org\/{rel}","templated":true}]}}