{"id":26258,"date":"2026-04-29T18:45:20","date_gmt":"2026-04-29T22:45:20","guid":{"rendered":"https:\/\/ermdigital.com\/?p=26258"},"modified":"2026-04-29T18:45:20","modified_gmt":"2026-04-29T22:45:20","slug":"prodominicana-impulsa-la-competitividad-exportadora-con-enfoque-en-diversificacion-de-mercados-2","status":"publish","type":"post","link":"https:\/\/ermdigital.com\/?p=26258","title":{"rendered":"ProDominicana impulsa la competitividad exportadora con enfoque en diversificaci\u00f3n de mercados"},"content":{"rendered":"<p><strong>Santo\u00a0Domingo.<\/strong>\u2013\u00a0El\u00a0<strong>Centro de Exportaci\u00f3n e Inversi\u00f3n de la Rep\u00fablica Dominicana\u00a0<\/strong>(<a href=\"https:\/\/www.presidencia.gob.do\/noticias\/prodominicana-impulsa-la-competitividad-exportadora-con-enfoque-en-diversificacion-de\" target=\"_blank\" rel=\"noopener\">ProDominicana<\/a>), en conjunto con\u00a0<strong>Banco Popular Dominicano y la Red Global de Exportaci\u00f3n<\/strong>\u00a0(RGX), realizaron el encuentro \u201cCompetitividad Exportadora: C\u00f3mo diversificar mercados y competir globalmente\u201d, un espacio orientado a\u00a0<strong>fortalecer las capacidades del sector exportador dominicano<\/strong>\u00a0frente a los retos del comercio internacional.\u00a0<\/p>\n<p>La jornada inici\u00f3 con las palabras de bienvenida de la directora ejecutiva de\u00a0ProDominicana,\u00a0<strong>Biviana<\/strong><strong>\u00a0Riveiro<\/strong>, quien destac\u00f3 la importancia de crear espacios que funcionen para generar conocimiento,\u00a0<strong>conectar oportunidades<\/strong>\u00a0y fortalecer la\u00a0<strong>visi\u00f3n estrat\u00e9gica<\/strong>\u00a0del sector exportador.\u00a0<\/p>\n<p>Riveiro destac\u00f3 el desempe\u00f1o reciente del sector exportador, se\u00f1alando que durante el per\u00edodo enero\u2013marzo de 2026, las exportaciones de la Rep\u00fablica Dominicana alcanzaron los\u00a0<strong>USD 3,738.6 millones<\/strong>, seg\u00fan datos del\u00a0<strong>Banco Central de la Rep\u00fablica Dominicana<\/strong>.\u00a0<\/p>\n<p>Adem\u00e1s, indic\u00f3 que estos resultados\u00a0<strong>evidencian la resiliencia<\/strong>\u00a0y el potencial de la oferta exportable nacional, la cual contin\u00faa posicion\u00e1ndose en mercados estrat\u00e9gicos como\u00a0<strong>Estados Unidos, Canad\u00e1, Hait\u00ed, India, Puerto Rico, Pa\u00edses Bajos y China<\/strong>, reflejando una diversificaci\u00f3n sostenida de los destinos de exportaci\u00f3n.\u00a0<\/p>\n<h5 class=\"wp-block-heading\"><strong>Recomendamos leer: <a href=\"https:\/\/deultimominuto.net\/nacionales\/prodominicana-y-jetro-firman-acuerdo-para-fortalecer-el-comercio-entre-japon-y-rd\/\">ProDominicana y JETRO firman acuerdo para fortalecer\u00a0el\u00a0comercio entre Jap\u00f3n\u00a0y\u00a0RD<\/a><\/strong><\/h5>\n<p><em>\u201cEl fortalecimiento de la competitividad exportadora no es una opci\u00f3n, sino una necesidad para garantizar la inserci\u00f3n efectiva de nuestras empresas en el comercio global. Desde\u00a0ProDominicana, reafirmamos nuestro compromiso de seguir acompa\u00f1ando a los exportadores en su proceso de internacionalizaci\u00f3n, facilitando herramientas, informaci\u00f3n estrat\u00e9gica y acceso a nuevas oportunidades de negocio\u201d,<\/em>\u00a0expres\u00f3.\u00a0<\/p>\n<p>Asimismo, el director de RGX,\u00a0<strong>Diego\u00a0<\/strong><strong>Frediani<\/strong>, present\u00f3 el\u00a0<strong>\u00cdndice de Competitividad Exportadora Sostenible<\/strong>, abordando las principales brechas y retos del sector.\u00a0<em>\u201cLa Rep\u00fablica Dominicana cuenta con un gran potencial exportador, pero es fundamental continuar cerrando brechas en competitividad, especialmente en capital humano, innovaci\u00f3n y adaptaci\u00f3n a las exigencias de los mercados internacionales\u201d,\u00a0<\/em>se\u00f1al\u00f3.\u00a0<\/p>\n<p>Frediani\u00a0tambi\u00e9n destac\u00f3 la importancia de la diversificaci\u00f3n de mercados en un contexto global desafiante.\u00a0<em>\u201cLa identificaci\u00f3n de la demanda internacional, el uso de herramientas digitales, el comercio electr\u00f3nico y la inteligencia artificial, junto con certificaciones de calidad, son factores determinantes para lograr una inserci\u00f3n exitosa en el comercio global\u201d,\u00a0<\/em>afirm\u00f3.\u00a0<\/p>\n<p>En materia financiera, el vicepresidente de Productos Especializados del Banco Popular,\u00a0<strong>Jorge Luis Arias<\/strong>, resalt\u00f3 el rol del financiamiento como habilitador del crecimiento exportador.\u00a0<em>\u201cEl acceso a herramientas financieras adecuadas permite a las empresas fortalecer su capacidad productiva, innovar y competir en mercados internacionales con mayor valor agregado\u201d,<\/em>\u00a0indic\u00f3.\u00a0<\/p>\n<p>Para concluir el evento, el director de exportaciones de\u00a0ProDominicana,\u00a0<strong>Segismundo\u00a0<\/strong><strong>Morey<\/strong><strong>,\u00a0<\/strong>present\u00f3 los servicios y plataformas de apoyo a los exportadores, destacando el acompa\u00f1amiento institucional. \u201c<em>Desde\u00a0ProDominicana\u00a0trabajamos para brindar a las empresas acceso a inteligencia de mercados, asesor\u00eda t\u00e9cnica y espacios de promoci\u00f3n que les permitan expandir su presencia internacional\u201d,<\/em>\u00a0explic\u00f3\u00a0<\/p>\n<p>Morey\u00a0destac\u00f3 la relevancia de impulsar una\u00a0<strong>visi\u00f3n estrat\u00e9gica<\/strong>\u00a0del <a href=\"https:\/\/deultimominuto.net\/economia\/prodominicana-reconoce-empresas\/\">comercio <\/a>exterior dominicano.\u00a0<em>\u201cLa competitividad exportadora es un pilar fundamental para el crecimiento econ\u00f3mico sostenible del pa\u00eds. Fortalecer nuestras capacidades productivas y de inserci\u00f3n en mercados internacionales es clave para seguir generando oportunidades\u201d,<\/em>\u00a0expres\u00f3.\u00a0<\/p>\n<p>\u200bSanto\u00a0Domingo.\u2013\u00a0El\u00a0Centro de Exportaci\u00f3n e Inversi\u00f3n de la Rep\u00fablica Dominicana\u00a0(ProDominicana), en conjunto con\u00a0Banco Popular Dominicano y la Red Global de Exportaci\u00f3n\u00a0(RGX), realizaron el encuentro \u201cCompetitividad Exportadora: C\u00f3mo diversificar mercados y competir globalmente\u201d, un espacio orientado a\u00a0fortalecer las capacidades del sector exportador dominicano\u00a0frente a los retos del comercio internacional.\u00a0 La jornada inici\u00f3 con las palabras de bienvenida\u00a0\u00a0Econom\u00eda, ProDominicana\u00a0\u00a0<\/p>\n","protected":false},"excerpt":{"rendered":"<p>Santo\u00a0Domingo.\u2013\u00a0El\u00a0Centro de Exportaci\u00f3n e Inversi\u00f3n de la Rep\u00fablica Dominicana\u00a0(ProDominicana), en conjunto con\u00a0Banco Popular Dominicano y la Red Global de Exportaci\u00f3n\u00a0(RGX), realizaron el encuentro \u201cCompetitividad Exportadora: C\u00f3mo diversificar mercados y competir globalmente\u201d, un espacio orientado a\u00a0fortalecer las capacidades del sector exportador dominicano\u00a0frente a los retos del comercio internacional.\u00a0 La jornada inici\u00f3 con las palabras de bienvenida [&hellip;]<\/p>\n","protected":false},"author":1,"featured_media":26159,"comment_status":"open","ping_status":"open","sticky":false,"template":"","format":"standard","meta":{"amp_status":"","footnotes":""},"categories":[3],"tags":[],"class_list":["post-26258","post","type-post","status-publish","format-standard","has-post-thumbnail","hentry","category-de-ultimo-minuto"],"_links":{"self":[{"href":"https:\/\/ermdigital.com\/index.php?rest_route=\/wp\/v2\/posts\/26258","targetHints":{"allow":["GET"]}}],"collection":[{"href":"https:\/\/ermdigital.com\/index.php?rest_route=\/wp\/v2\/posts"}],"about":[{"href":"https:\/\/ermdigital.com\/index.php?rest_route=\/wp\/v2\/types\/post"}],"author":[{"embeddable":true,"href":"https:\/\/ermdigital.com\/index.php?rest_route=\/wp\/v2\/users\/1"}],"replies":[{"embeddable":true,"href":"https:\/\/ermdigital.com\/index.php?rest_route=%2Fwp%2Fv2%2Fcomments&post=26258"}],"version-history":[{"count":0,"href":"https:\/\/ermdigital.com\/index.php?rest_route=\/wp\/v2\/posts\/26258\/revisions"}],"wp:featuredmedia":[{"embeddable":true,"href":"https:\/\/ermdigital.com\/index.php?rest_route=\/wp\/v2\/media\/26159"}],"wp:attachment":[{"href":"https:\/\/ermdigital.com\/index.php?rest_route=%2Fwp%2Fv2%2Fmedia&parent=26258"}],"wp:term":[{"taxonomy":"category","embeddable":true,"href":"https:\/\/ermdigital.com\/index.php?rest_route=%2Fwp%2Fv2%2Fcategories&post=26258"},{"taxonomy":"post_tag","embeddable":true,"href":"https:\/\/ermdigital.com\/index.php?rest_route=%2Fwp%2Fv2%2Ftags&post=26258"}],"curies":[{"name":"wp","href":"https:\/\/api.w.org\/{rel}","templated":true}]}}