{"id":26256,"date":"2026-04-29T18:52:52","date_gmt":"2026-04-29T22:52:52","guid":{"rendered":"https:\/\/ermdigital.com\/?p=26256"},"modified":"2026-04-29T18:52:52","modified_gmt":"2026-04-29T22:52:52","slug":"muere-presunto-delincuente-cris-el-solitario-durante-allanamiento-en-santiago","status":"publish","type":"post","link":"https:\/\/ermdigital.com\/?p=26256","title":{"rendered":"Muere presunto delincuente \u201cCris El Solitario\u201d durante allanamiento en Santiago"},"content":{"rendered":"<p><strong>Por: Linda Veras<\/strong><\/p>\n<p>Santiago de los Caballeros.\u2013 La <strong><a href=\"https:\/\/www.instagram.com\/policiard\/\" target=\"_blank\" rel=\"noopener\">Polic\u00eda Nacional<\/a><\/strong> inform\u00f3 este martes que un hombre identificado como <strong>Cristofer Paredes<\/strong>, conocido como \u201c<strong>Cris El Solitario<\/strong>\u201d y se\u00f1alado como presunto autor de m\u00faltiples asaltos a mano armada, falleci\u00f3 durante un operativo realizado por agentes de la <strong>Direcci\u00f3n Central de Investigaci\u00f3n<\/strong> (Dicrim), en coordinaci\u00f3n con el <strong>Ministerio P\u00fablico<\/strong>.<\/p>\n<p>La intervenci\u00f3n se llev\u00f3 a cabo en una vivienda del<strong> <\/strong>sector<strong> Los Santos<\/strong>, en cumplimiento de una orden de allanamiento y otra de arresto emitidas por las autoridades, con el objetivo de apresarlo.<\/p>\n<p>Seg\u00fan el reporte preliminar, el individuo era buscado por su presunta implicaci\u00f3n en varios atracos ocurridos en sectores como Gurabo, El Para\u00edso, Las Colinas, Cerro Alto y Tierra Alta, entre otros puntos de la ciudad.<\/p>\n<h5 class=\"wp-block-heading\"><strong>Recomendamos leer: <a href=\"https:\/\/deultimominuto.net\/nacionales\/presunto-delincuente-cae-abatido-al-enfrentar-patrulla-policial-en-los-alcarrizos\/\">Presunto delincuente cae abatido al enfrentar patrulla policial en Los Alcarrizos<\/a><\/strong><\/h5>\n<p>Durante el operativo, las autoridades indicaron que el hombre habr\u00eda intentado enfrentar a los agentes utilizando una de las armas que portaba, lo que provoc\u00f3 una respuesta de los efectivos actuantes. Como resultado, result\u00f3 herido y posteriormente falleci\u00f3 mientras recib\u00eda atenciones m\u00e9dicas en un centro de salud.<\/p>\n<p>En la escena, las autoridades incautaron dos armas de fuego, entre ellas una pistola calibre 9 mil\u00edmetros, sin documentaci\u00f3n legal, adem\u00e1s de un arma de fogueo. Las evidencias quedaron bajo custodia del Ministerio P\u00fablico para los fines correspondientes.<\/p>\n<p>Asimismo, fueron ocupadas tres motocicletas que, de acuerdo con registros policiales, hab\u00edan sido reportadas como robadas y presuntamente utilizadas en la comisi\u00f3n de hechos delictivos. Tambi\u00e9n se recuperaron abrigos y varias carteras que habr\u00edan sido sustra\u00eddas a v\u00edctimas durante los asaltos.<\/p>\n<h5 class=\"wp-block-heading\"><strong>Puede leer: <a href=\"https:\/\/deultimominuto.net\/nacionales\/muere-presunto-delincuente\/\">Muere presunto delincuente tras enfrentamiento con agentes del DICRIM en Salcedo<\/a><\/strong><\/h5>\n<p>Las investigaciones se\u00f1alan que varios de los hechos atribuidos al hoy occiso quedaron captados por c\u00e1maras de vigilancia, lo que facilit\u00f3 su identificaci\u00f3n y posterior localizaci\u00f3n.<\/p>\n<p>El informe policial tambi\u00e9n refiere que el individuo habr\u00eda estado involucrado en episodios de violencia de g\u00e9nero y que recientemente hab\u00eda salido de prisi\u00f3n, donde cumpl\u00eda medida por su presunta vinculaci\u00f3n con un caso de homicidio.<\/p>\n<p>Las autoridades informaron que contin\u00faan las pesquisas para identificar y apresar a otros posibles implicados en estos hechos delictivos.<\/p>\n<figure class=\"wp-block-image size-large\"><img loading=\"lazy\" decoding=\"async\" width=\"768\" height=\"1024\" src=\"https:\/\/cdn.deultimominuto.net\/wp-content\/uploads\/2026\/04\/a95a10c7-17f7-4888-bfe8-45a035652caf-768x1024.jpg\" alt=\"Muere presunto delincuente \u201cCris El Solitario\u201d durante allanamiento en Santiago - Noticias de hoy en Rep\u00fablica Dominicana | De \u00daltimo Minuto\" class=\"wp-image-648148\" title=\"Muere presunto delincuente \u201cCris El Solitario\u201d durante allanamiento en Santiago | 2 |\"><\/figure>\n<p>\u200bPor: Linda Veras Santiago de los Caballeros.\u2013 La Polic\u00eda Nacional inform\u00f3 este martes que un hombre identificado como Cristofer Paredes, conocido como \u201cCris El Solitario\u201d y se\u00f1alado como presunto autor de m\u00faltiples asaltos a mano armada, falleci\u00f3 durante un operativo realizado por agentes de la Direcci\u00f3n Central de Investigaci\u00f3n (Dicrim), en coordinaci\u00f3n con el Ministerio\u00a0\u00a0Nacionales\u00a0\u00a0<\/p>\n","protected":false},"excerpt":{"rendered":"<p>Por: Linda Veras Santiago de los Caballeros.\u2013 La Polic\u00eda Nacional inform\u00f3 este martes que un hombre identificado como Cristofer Paredes, conocido como \u201cCris El Solitario\u201d y se\u00f1alado como presunto autor de m\u00faltiples asaltos a mano armada, falleci\u00f3 durante un operativo realizado por agentes de la Direcci\u00f3n Central de Investigaci\u00f3n (Dicrim), en coordinaci\u00f3n con el Ministerio [&hellip;]<\/p>\n","protected":false},"author":1,"featured_media":26257,"comment_status":"open","ping_status":"open","sticky":false,"template":"","format":"standard","meta":{"amp_status":"","footnotes":""},"categories":[3],"tags":[],"class_list":["post-26256","post","type-post","status-publish","format-standard","has-post-thumbnail","hentry","category-de-ultimo-minuto"],"_links":{"self":[{"href":"https:\/\/ermdigital.com\/index.php?rest_route=\/wp\/v2\/posts\/26256","targetHints":{"allow":["GET"]}}],"collection":[{"href":"https:\/\/ermdigital.com\/index.php?rest_route=\/wp\/v2\/posts"}],"about":[{"href":"https:\/\/ermdigital.com\/index.php?rest_route=\/wp\/v2\/types\/post"}],"author":[{"embeddable":true,"href":"https:\/\/ermdigital.com\/index.php?rest_route=\/wp\/v2\/users\/1"}],"replies":[{"embeddable":true,"href":"https:\/\/ermdigital.com\/index.php?rest_route=%2Fwp%2Fv2%2Fcomments&post=26256"}],"version-history":[{"count":0,"href":"https:\/\/ermdigital.com\/index.php?rest_route=\/wp\/v2\/posts\/26256\/revisions"}],"wp:featuredmedia":[{"embeddable":true,"href":"https:\/\/ermdigital.com\/index.php?rest_route=\/wp\/v2\/media\/26257"}],"wp:attachment":[{"href":"https:\/\/ermdigital.com\/index.php?rest_route=%2Fwp%2Fv2%2Fmedia&parent=26256"}],"wp:term":[{"taxonomy":"category","embeddable":true,"href":"https:\/\/ermdigital.com\/index.php?rest_route=%2Fwp%2Fv2%2Fcategories&post=26256"},{"taxonomy":"post_tag","embeddable":true,"href":"https:\/\/ermdigital.com\/index.php?rest_route=%2Fwp%2Fv2%2Ftags&post=26256"}],"curies":[{"name":"wp","href":"https:\/\/api.w.org\/{rel}","templated":true}]}}