{"id":26246,"date":"2026-04-29T19:05:02","date_gmt":"2026-04-29T23:05:02","guid":{"rendered":"https:\/\/ermdigital.com\/?p=26246"},"modified":"2026-04-29T19:05:02","modified_gmt":"2026-04-29T23:05:02","slug":"paliza-reafirma-postura-del-prm-sobre-alianzas-y-descarta-compromisos-individuales","status":"publish","type":"post","link":"https:\/\/ermdigital.com\/?p=26246","title":{"rendered":"Paliza reafirma postura del PRM sobre alianzas y descarta compromisos individuales"},"content":{"rendered":"<p><strong>Santo Domingo.\u2013<\/strong> El presidente del Partido Revolucionario Moderno (PRM), Jos\u00e9 Ignacio Paliza, afirm\u00f3 este mi\u00e9rcoles que la posici\u00f3n de la organizaci\u00f3n oficialista en torno a las alianzas pol\u00edticas es \u201cclara y coherente\u201d y que cualquier decisi\u00f3n en ese sentido corresponde exclusivamente a la direcci\u00f3n nacional del partido.<\/p>\n<p>El dirigente pol\u00edtico se refiri\u00f3 al tema a trav\u00e9s de su cuenta en la red social X, en momentos en que ha cobrado fuerza el debate p\u00fablico sobre una posible alianza entre el PRM y el Partido de la Liberaci\u00f3n Dominicana (PLD) con miras a las elecciones de 2028.<\/p>\n<p>\u201cNuestra pol\u00edtica de alianzas le corresponde a la direcci\u00f3n nacional; marcada por una visi\u00f3n pa\u00eds, en ideas y principios. Cualquier posici\u00f3n individual no compromete a nuestra organizaci\u00f3n\u201d, expres\u00f3 Paliza.<\/p>\n<h4 class=\"wp-block-heading\"><strong>Recomendamos leer:<a href=\"https:\/\/deultimominuto.net\/enlaces\/\" data-type=\"page\" data-id=\"491852\">Paliza califica como \u201cproductivo\u201d el di\u00e1logo con sindicalistas<\/a><\/strong><a href=\"https:\/\/deultimominuto.net\/category\/nacionales\/\"><\/a><\/h4>\n<p>Asimismo, sostuvo que el compromiso del PRM es continuar impulsando las transformaciones que demanda la ciudadan\u00eda. \u201cEl deber del PRM es seguir consolidando el cambio que demandan los dominicanos\u201d, agreg\u00f3.<\/p>\n<p>Las declaraciones del dirigente oficialista se producen luego de que el expresidente de la Rep\u00fablica y presidente del PLD, Danilo Medina, descartara cualquier posibilidad de alianza entre ambas organizaciones pol\u00edticas de cara a los pr\u00f3ximos comicios.<\/p>\n<p>\u200bSanto Domingo.\u2013 El presidente del Partido Revolucionario Moderno (PRM), Jos\u00e9 Ignacio Paliza, afirm\u00f3 este mi\u00e9rcoles que la posici\u00f3n de la organizaci\u00f3n oficialista en torno a las alianzas pol\u00edticas es \u201cclara y coherente\u201d y que cualquier decisi\u00f3n en ese sentido corresponde exclusivamente a la direcci\u00f3n nacional del partido. El dirigente pol\u00edtico se refiri\u00f3 al tema a\u00a0\u00a0Nacionales, alianzas, Paliza, PRM\u00a0\u00a0<\/p>\n","protected":false},"excerpt":{"rendered":"<p>Santo Domingo.\u2013 El presidente del Partido Revolucionario Moderno (PRM), Jos\u00e9 Ignacio Paliza, afirm\u00f3 este mi\u00e9rcoles que la posici\u00f3n de la organizaci\u00f3n oficialista en torno a las alianzas pol\u00edticas es \u201cclara y coherente\u201d y que cualquier decisi\u00f3n en ese sentido corresponde exclusivamente a la direcci\u00f3n nacional del partido. El dirigente pol\u00edtico se refiri\u00f3 al tema a [&hellip;]<\/p>\n","protected":false},"author":1,"featured_media":26247,"comment_status":"open","ping_status":"open","sticky":false,"template":"","format":"standard","meta":{"amp_status":"","footnotes":""},"categories":[3],"tags":[],"class_list":["post-26246","post","type-post","status-publish","format-standard","has-post-thumbnail","hentry","category-de-ultimo-minuto"],"_links":{"self":[{"href":"https:\/\/ermdigital.com\/index.php?rest_route=\/wp\/v2\/posts\/26246","targetHints":{"allow":["GET"]}}],"collection":[{"href":"https:\/\/ermdigital.com\/index.php?rest_route=\/wp\/v2\/posts"}],"about":[{"href":"https:\/\/ermdigital.com\/index.php?rest_route=\/wp\/v2\/types\/post"}],"author":[{"embeddable":true,"href":"https:\/\/ermdigital.com\/index.php?rest_route=\/wp\/v2\/users\/1"}],"replies":[{"embeddable":true,"href":"https:\/\/ermdigital.com\/index.php?rest_route=%2Fwp%2Fv2%2Fcomments&post=26246"}],"version-history":[{"count":0,"href":"https:\/\/ermdigital.com\/index.php?rest_route=\/wp\/v2\/posts\/26246\/revisions"}],"wp:featuredmedia":[{"embeddable":true,"href":"https:\/\/ermdigital.com\/index.php?rest_route=\/wp\/v2\/media\/26247"}],"wp:attachment":[{"href":"https:\/\/ermdigital.com\/index.php?rest_route=%2Fwp%2Fv2%2Fmedia&parent=26246"}],"wp:term":[{"taxonomy":"category","embeddable":true,"href":"https:\/\/ermdigital.com\/index.php?rest_route=%2Fwp%2Fv2%2Fcategories&post=26246"},{"taxonomy":"post_tag","embeddable":true,"href":"https:\/\/ermdigital.com\/index.php?rest_route=%2Fwp%2Fv2%2Ftags&post=26246"}],"curies":[{"name":"wp","href":"https:\/\/api.w.org\/{rel}","templated":true}]}}