{"id":26244,"date":"2026-04-29T19:10:56","date_gmt":"2026-04-29T23:10:56","guid":{"rendered":"https:\/\/ermdigital.com\/?p=26244"},"modified":"2026-04-29T19:10:56","modified_gmt":"2026-04-29T23:10:56","slug":"mexico-confia-en-seguir-el-acercamiento-con-espana-para-construir-una-nueva-etapa","status":"publish","type":"post","link":"https:\/\/ermdigital.com\/?p=26244","title":{"rendered":"M\u00e9xico conf\u00eda en seguir el \u00abacercamiento\u00bb con Espa\u00f1a para construir una \u00abnueva etapa\u00bb"},"content":{"rendered":"<p><strong>Ciudad de M\u00e9xico.-<\/strong> El canciller de M\u00e9xico, Roberto Velasco, asegur\u00f3 este mi\u00e9rcoles que su Gobierno quiere seguir el \u00abacercamiento\u00bb con Espa\u00f1a y construir una \u00abnueva etapa\u00bb en la relaci\u00f3n bilateral, tras su reuni\u00f3n con el ministro espa\u00f1ol de Asuntos Exteriores, Jos\u00e9 Manuel Albares, de visita oficial al pa\u00eds norteamericano y quien tambi\u00e9n se vio con la presidenta Claudia Sheinbaum.<\/p>\n<p>\u00abNos dar\u00e1 much\u00edsimo gusto seguir trabajando en estos y otros proyectos que conversamos hoy con la presidenta Sheinbaum, con usted y con su equipo. As\u00ed que, de verdad, cuenten con nosotros para seguir este acercamiento de dos pa\u00edses que eran ya cercanos y que nuevamente se encuentran para construir una nueva etapa\u00bb, declar\u00f3 el funcionario en un mensaje junto a su hom\u00f3logo espa\u00f1ol al t\u00e9rmino de la reuni\u00f3n.<\/p>\n<p>Asimismo, el jefe de la diplomacia mexicana puso en valor la \u00abrelevancia\u00bb de la relaci\u00f3n existente con Espa\u00f1a, algo que, a su juicio, \u00abexcede de lo cotidiano\u00bb.<\/p>\n<h3 class=\"wp-block-heading\"><strong>Sheinbaum se re\u00fane con el canciller Albares<\/strong><\/h3>\n<p>La presidenta de M\u00e9xico, Claudia Sheinbaum, recibi\u00f3 este mi\u00e9rcoles en Palacio Nacional de Ciudad de M\u00e9xico al ministro espa\u00f1ol de Asuntos Exteriores, Jos\u00e9 Manuel Albares, quien le entreg\u00f3 \u00aben persona\u00bb la invitaci\u00f3n del rey Felipe VI para que la mandataria mexicana acuda a la Cumbre Iberoamericana en Madrid, que se celebrar\u00e1 en noviembre pr\u00f3ximo.<\/p>\n<h4 class=\"wp-block-heading\"><strong>Recomendamos leer:<a href=\"https:\/\/deultimominuto.net\/enlaces\/\" data-type=\"page\" data-id=\"491852\"> M\u00e9xico pide explicaciones a EE.UU. por la participaci\u00f3n de agentes en un operativo antidroga<\/a><\/strong><a href=\"https:\/\/deultimominuto.net\/category\/internacionales\/\"><\/a><\/h4>\n<p>Sheinbaum y Albares conversaron sobre la \u00abrelaci\u00f3n bilateral\u00bb entre Espa\u00f1a y M\u00e9xico, seg\u00fan informaron fuente del ministerio de Exteriores de Espa\u00f1a.<\/p>\n<p>El encuentro, que no estaba previsto en la agenda oficial, se produce apenas unos d\u00edas despu\u00e9s de que los dos pa\u00edses simbolizaran la normalizaci\u00f3n de sus relaciones en Barcelona, con la reuni\u00f3n entre el presidente el Gobierno espa\u00f1ol, Pedro S\u00e1nchez, y la presidenta Sheinbaum.<\/p>\n<p>El ministro espa\u00f1ol, en su tercera visita a M\u00e9xico, tiene previsto reunirse esta tarde con el secretario de Relaciones Exteriores, Roberto Velasco, con el que firmar\u00e1 el Acta de la Comisi\u00f3n Binacional Espa\u00f1a-M\u00e9xico, en \u00abreflejo de la buena salud de las fraternales relaciones existentes entre ambos pa\u00edses\u00bb, seg\u00fan el comunicado oficial.<\/p>\n<p>\u200bCiudad de M\u00e9xico.- El canciller de M\u00e9xico, Roberto Velasco, asegur\u00f3 este mi\u00e9rcoles que su Gobierno quiere seguir el \u00abacercamiento\u00bb con Espa\u00f1a y construir una \u00abnueva etapa\u00bb en la relaci\u00f3n bilateral, tras su reuni\u00f3n con el ministro espa\u00f1ol de Asuntos Exteriores, Jos\u00e9 Manuel Albares, de visita oficial al pa\u00eds norteamericano y quien tambi\u00e9n se vio con\u00a0\u00a0Internacionales, Espa\u00f1a, M\u00e9xico\u00a0\u00a0<\/p>\n","protected":false},"excerpt":{"rendered":"<p>Ciudad de M\u00e9xico.- El canciller de M\u00e9xico, Roberto Velasco, asegur\u00f3 este mi\u00e9rcoles que su Gobierno quiere seguir el \u00abacercamiento\u00bb con Espa\u00f1a y construir una \u00abnueva etapa\u00bb en la relaci\u00f3n bilateral, tras su reuni\u00f3n con el ministro espa\u00f1ol de Asuntos Exteriores, Jos\u00e9 Manuel Albares, de visita oficial al pa\u00eds norteamericano y quien tambi\u00e9n se vio con [&hellip;]<\/p>\n","protected":false},"author":1,"featured_media":26245,"comment_status":"open","ping_status":"open","sticky":false,"template":"","format":"standard","meta":{"amp_status":"","footnotes":""},"categories":[3],"tags":[],"class_list":["post-26244","post","type-post","status-publish","format-standard","has-post-thumbnail","hentry","category-de-ultimo-minuto"],"_links":{"self":[{"href":"https:\/\/ermdigital.com\/index.php?rest_route=\/wp\/v2\/posts\/26244","targetHints":{"allow":["GET"]}}],"collection":[{"href":"https:\/\/ermdigital.com\/index.php?rest_route=\/wp\/v2\/posts"}],"about":[{"href":"https:\/\/ermdigital.com\/index.php?rest_route=\/wp\/v2\/types\/post"}],"author":[{"embeddable":true,"href":"https:\/\/ermdigital.com\/index.php?rest_route=\/wp\/v2\/users\/1"}],"replies":[{"embeddable":true,"href":"https:\/\/ermdigital.com\/index.php?rest_route=%2Fwp%2Fv2%2Fcomments&post=26244"}],"version-history":[{"count":0,"href":"https:\/\/ermdigital.com\/index.php?rest_route=\/wp\/v2\/posts\/26244\/revisions"}],"wp:featuredmedia":[{"embeddable":true,"href":"https:\/\/ermdigital.com\/index.php?rest_route=\/wp\/v2\/media\/26245"}],"wp:attachment":[{"href":"https:\/\/ermdigital.com\/index.php?rest_route=%2Fwp%2Fv2%2Fmedia&parent=26244"}],"wp:term":[{"taxonomy":"category","embeddable":true,"href":"https:\/\/ermdigital.com\/index.php?rest_route=%2Fwp%2Fv2%2Fcategories&post=26244"},{"taxonomy":"post_tag","embeddable":true,"href":"https:\/\/ermdigital.com\/index.php?rest_route=%2Fwp%2Fv2%2Ftags&post=26244"}],"curies":[{"name":"wp","href":"https:\/\/api.w.org\/{rel}","templated":true}]}}