{"id":26238,"date":"2026-04-29T19:22:07","date_gmt":"2026-04-29T23:22:07","guid":{"rendered":"https:\/\/ermdigital.com\/?p=26238"},"modified":"2026-04-29T19:22:07","modified_gmt":"2026-04-29T23:22:07","slug":"uefa-champions-atletico-y-arsenal-dejan-todo-en-el-aire-en-semifinal","status":"publish","type":"post","link":"https:\/\/ermdigital.com\/?p=26238","title":{"rendered":"UEFA Champions: Atl\u00e9tico y Arsenal dejan todo en el aire en semifinal"},"content":{"rendered":"<p>\u00a0\u00a0<\/p>\n<p>El <strong>Atl\u00e9tico de Madrid<\/strong> y el <strong>Arsenal igualaron 1-1<\/strong> este mi\u00e9rcoles en su pulso de la ida de semifinales de la <strong>Liga de Campeones<\/strong> europea, dejando todo por decidir para la pr\u00f3xima semana en Londres.<\/p>\n<p>Un <strong>penal<\/strong> transformado por el sueco <strong>Viktor Gy\u00f6keres<\/strong> (44&#8242;) adelant\u00f3 a los <strong>Gunners<\/strong>, pero otra pena m\u00e1xima, marcada por el argentino <strong>Juli\u00e1n \u00c1lvarez<\/strong> (56&#8242;) equilibr\u00f3 la eliminatoria, que conserva toda la emoci\u00f3n antes del segundo y definitivo asalto.<\/p>\n<p>Los <strong>rojiblancos<\/strong> pueden seguir so\u00f1ando con llegar a su primera final de Champions desde la que perdieron en <strong>2016<\/strong> por penales contra el Real Madrid.<\/p>\n<p>La peor noticia para el conjunto de Diego Simeone de cara a la vuelta fue la <strong>lesi\u00f3n<\/strong> de <strong>Juli\u00e1n \u00c1lvarez<\/strong>, que tuvo que retirarse con molestias en un tobillo (75&#8242;).<\/p>\n<p>De no poder estar la pr\u00f3xima semana en Londres, su <strong>baja<\/strong> ser\u00eda un <strong>duro golpe<\/strong> para el ataque rojiblanco en el <strong>partido definitivo<\/strong>.<\/p>\n<p>Frente a la locura vista el martes entre el <strong>PSG<\/strong> y el <strong>Bayern de Munich<\/strong>, los otros dos aspirantes a estar en la final de Budapest, <strong>Arsenal<\/strong> y Atl\u00e9tico presentaron un partido mucho m\u00e1s controlado, que se aceler\u00f3 en el <strong>segundo tiempo<\/strong>.<\/p>\n<p><strong>Bien armados atr\u00e1s<\/strong>, los dos conjuntos trataron de evitar cualquier sorpresa sobre el c\u00e9sped del <strong>Metropolitano<\/strong> este mi\u00e9rcoles especialmente en los primeros 45 minutos.<\/p>\n<h2>&#8211; <strong>Control sin mordiente<\/strong> &#8211;<\/h2>\n<p>El <strong>Arsenal<\/strong> se hizo con el control del bal\u00f3n, pero en un <strong>dominio est\u00e9ril<\/strong> sin encontrar el modo de penetrar el <strong>muro defensivo<\/strong> montado por el Atl\u00e9tico.<\/p>\n<p>Los <strong>rojiblancos<\/strong> intentaron buscar sus oportunidades en unos pocos <strong>contraataques<\/strong>, aunque s\u00f3lo contaron con un <strong>disparo<\/strong> de <strong>Juli\u00e1n \u00c1lvarez<\/strong> desde el balc\u00f3n del \u00e1rea que par\u00f3 el portero David Raya (14).<\/p>\n<p>El partido parec\u00eda encaminarse al descanso con un empate cuando el central <strong>David Hancko<\/strong> derrib\u00f3 a <strong>Gy\u00f6keres<\/strong> provocando un <strong>penal<\/strong> que transform\u00f3 el propio atacante sueco (44).<\/p>\n<p>El Atl\u00e9tico sac\u00f3 su modo ofensivo al volver del descanso, llevado por <strong>Antoine Griezmann<\/strong>, que apenas hab\u00eda entrado en juego en los primeros 45 minutos.<\/p>\n<p>En cuanto el franc\u00e9s, que jug\u00f3 su \u00faltimo partido de Champions como rojiblanco en el <strong>Metropolitano<\/strong>, tom\u00f3 el control, el Atl\u00e9tico se transform\u00f3.<\/p>\n<p>Los <strong>rojiblancos<\/strong> dieron un paso adelante <strong>presionando arriba<\/strong> al <strong>Arsenal<\/strong>, que acab\u00f3 sufriendo para salir de su \u00e1rea.<\/p>\n<p><strong>Juli\u00e1n \u00c1lvarez<\/strong> avis\u00f3 con un gran <strong>disparo<\/strong> de falta desde la frontal que dio en el lateral de la red (49).<\/p>\n<p>El extremo nigeriano <strong>Ademola Lookman<\/strong> dispar\u00f3 a bocajarro un tiro que rechaz\u00f3 Raya. <strong>Griezmann<\/strong> recogi\u00f3 el rechace pero su tiro en boca de gol lo desvi\u00f3 un defensa (53).<\/p>\n<h2>&#8211; <strong>Juli\u00e1n iguala<\/strong> &#8211;<\/h2>\n<p>En medio del vendaval local, una mano de Ben White en el \u00e1rea fue castigada con un <strong>penal<\/strong> que transform\u00f3 <strong>\u00c1lvarez<\/strong> (56).<\/p>\n<p>Con la <strong>igualada<\/strong> en el <strong>marcador<\/strong>, el Atl\u00e9tico sigui\u00f3 atacando a un <strong>arsenal<\/strong>, que pr\u00e1cticamente despareci\u00f3 del campo.<\/p>\n<p>Las <strong>ocasiones<\/strong> se sucedieron para los locales con un <strong>disparo<\/strong> al larguero de <strong>Griezmann<\/strong> (63) u otro tiro pr\u00e1cticamente solo ante el portero de Lookman para lucimiento de David Raya (74).<\/p>\n<p>El <strong>Arsenal<\/strong> consigui\u00f3 tomar aire con las entradas de <strong>Gabriel Jes\u00fas<\/strong>, <strong>Saka<\/strong> y <strong>Trossard<\/strong> (65), ayudado por el par\u00f3n de unos minutos para revisar un <strong>penal<\/strong> a favor de los '<strong>Gunners<\/strong>', que el \u00e1rbitro acab\u00f3 anulando tras ir a verlo al <strong>VAR<\/strong>.<\/p>\n<div class=\"w-full pt-2 float-left inside-related\"><strong>RELACIONADAS<\/strong><\/p>\n<article class=\"flex flex-wrap border-b pb-4 mb-3 inline-block\">\n<div class=\"xl:w-2\/12 w-4\/12\">\n<figure class=\"mb-0\"><img loading=\"lazy\" decoding=\"async\" src=\"https:\/\/resources.diariolibre.com\/images\/2025\/05\/30\/ap25150653778503-dd6c034f-focus-0-0-149-99.jpg\" width=\"149\" height=\"99\" title=\"La final de la Champions expone los lazos de Al-Khela\u00effi con el PSG, UEFA, beIN y Qatar\" alt=\"La final de la Champions expone los lazos de Al-Khela\u00effi con el PSG, UEFA, beIN y Qatar\" class=\"object-cover\" \/><\/figure>\n<\/div>\n<\/article>\n<article class=\"flex flex-wrap border-b pb-4 mb-3 inline-block\">\n<div class=\"xl:w-2\/12 w-4\/12\">\n<figure class=\"mb-0\"><img loading=\"lazy\" decoding=\"async\" src=\"https:\/\/resources.diariolibre.com\/images\/2025\/05\/30\/ap25150440637064-0ee7b4fb-focus-0.15-0.13-149-99.jpg\" width=\"149\" height=\"99\" title=\"El t\u00edtulo de la Champions ha sido esquivo para el PSG. Eso podr\u00eda estar por cambiar\" alt=\"El t\u00edtulo de la Champions ha sido esquivo para el PSG. Eso podr\u00eda estar por cambiar\" class=\"object-cover\" \/><\/figure>\n<\/div>\n<\/article>\n<article class=\"flex flex-wrap border-b pb-4 mb-3 inline-block\">\n<div class=\"xl:w-2\/12 w-4\/12\">\n<figure class=\"mb-0\"><img loading=\"lazy\" decoding=\"async\" src=\"https:\/\/resources.diariolibre.com\/images\/2026\/04\/03\/uefa-champions-bayern-munich-barcelona-y-arsenal-lyon-49161914-focus-0.26-0.3-149-99.jpg\" width=\"149\" height=\"99\" title=\"Bayern M\u00fanich-Barcelona y Arsenal-Lyon, las semifinales de la Champions femenina\" alt=\"Bayern M\u00fanich-Barcelona y Arsenal-Lyon, las semifinales de la Champions femenina\" class=\"object-cover\" \/><\/figure>\n<\/div>\n<\/article>\n<\/div>\n<p>En la que fue pr\u00e1cticamente la \u00fanica ocasi\u00f3n del <strong>Arsenal<\/strong> en la segunda parte, <strong>Cristhian Mosquera<\/strong> solt\u00f3 un <strong>disparo<\/strong> que sac\u00f3 <strong>Oblak<\/strong> (86).<\/p>\n<p>Los '<strong>Gunners<\/strong>' lograron convertir los \u00faltimos minutos en un intercambio de golpes, pero el <strong>marcador<\/strong> ya no se movi\u00f3.<\/p>\n<p><strong>gr\/dr<\/strong><\/p>\n<div class=\"border-t border-b py-2 my-5 tags-container\"><strong>TEMAS &#8211; <\/strong><\/p>\n<ul>\n<li>\n<div class=\"inline-block border p-2 rounded-full align-middle\">\n<p><a href=\"https:\/\/www.diariolibre.com\/tags\/uefa-champions\/74429\" title=\"UEFA Champions\">UEFA Champions<\/a><\/p>\n<\/div>\n<\/li>\n<li>\n<div class=\"inline-block border p-2 rounded-full align-middle\">\n<p><a href=\"https:\/\/www.diariolibre.com\/tags\/liga-de-campeones\/1730\" title=\"Liga de Campeones\">Liga de Campeones<\/a><\/p>\n<\/div>\n<\/li>\n<li>\n<div class=\"inline-block border p-2 rounded-full align-middle\">\n<p><a href=\"https:\/\/www.diariolibre.com\/tags\/arsenal\/33324\" title=\"Arsenal\">Arsenal<\/a><\/p>\n<\/div>\n<\/li>\n<li>\n<div class=\"inline-block border p-2 rounded-full align-middle\">\n<p><a href=\"https:\/\/www.diariolibre.com\/tags\/atletico-de-madrid\/553\" title=\"Atl\u00e9tico de Madrid\">Atl\u00e9tico de Madrid<\/a><\/p>\n<\/div>\n<\/li>\n<\/ul>\n<\/div>\n<p>\u00a0<\/p>\n","protected":false},"excerpt":{"rendered":"<p>\u00a0\u00a0 El Atl\u00e9tico de Madrid y el Arsenal igualaron 1-1 este mi\u00e9rcoles en su pulso de la ida de semifinales de la Liga de Campeones europea, dejando todo por decidir para la pr\u00f3xima semana en Londres. Un penal transformado por el sueco Viktor Gy\u00f6keres (44&#8242;) adelant\u00f3 a los Gunners, pero otra pena m\u00e1xima, marcada por [&hellip;]<\/p>\n","protected":false},"author":1,"featured_media":26239,"comment_status":"open","ping_status":"open","sticky":false,"template":"","format":"standard","meta":{"amp_status":"","footnotes":""},"categories":[4],"tags":[],"class_list":["post-26238","post","type-post","status-publish","format-standard","has-post-thumbnail","hentry","category-deportes"],"_links":{"self":[{"href":"https:\/\/ermdigital.com\/index.php?rest_route=\/wp\/v2\/posts\/26238","targetHints":{"allow":["GET"]}}],"collection":[{"href":"https:\/\/ermdigital.com\/index.php?rest_route=\/wp\/v2\/posts"}],"about":[{"href":"https:\/\/ermdigital.com\/index.php?rest_route=\/wp\/v2\/types\/post"}],"author":[{"embeddable":true,"href":"https:\/\/ermdigital.com\/index.php?rest_route=\/wp\/v2\/users\/1"}],"replies":[{"embeddable":true,"href":"https:\/\/ermdigital.com\/index.php?rest_route=%2Fwp%2Fv2%2Fcomments&post=26238"}],"version-history":[{"count":0,"href":"https:\/\/ermdigital.com\/index.php?rest_route=\/wp\/v2\/posts\/26238\/revisions"}],"wp:featuredmedia":[{"embeddable":true,"href":"https:\/\/ermdigital.com\/index.php?rest_route=\/wp\/v2\/media\/26239"}],"wp:attachment":[{"href":"https:\/\/ermdigital.com\/index.php?rest_route=%2Fwp%2Fv2%2Fmedia&parent=26238"}],"wp:term":[{"taxonomy":"category","embeddable":true,"href":"https:\/\/ermdigital.com\/index.php?rest_route=%2Fwp%2Fv2%2Fcategories&post=26238"},{"taxonomy":"post_tag","embeddable":true,"href":"https:\/\/ermdigital.com\/index.php?rest_route=%2Fwp%2Fv2%2Ftags&post=26238"}],"curies":[{"name":"wp","href":"https:\/\/api.w.org\/{rel}","templated":true}]}}