{"id":26226,"date":"2026-04-29T17:46:43","date_gmt":"2026-04-29T21:46:43","guid":{"rendered":"https:\/\/ermdigital.com\/?p=26226"},"modified":"2026-04-29T17:46:43","modified_gmt":"2026-04-29T21:46:43","slug":"trabajadores-de-santiago-marchan-contra-cambios-a-la-cesantia-y-advierten-posible-huelga-nacional","status":"publish","type":"post","link":"https:\/\/ermdigital.com\/?p=26226","title":{"rendered":"Trabajadores de Santiago marchan contra cambios a la cesant\u00eda y advierten posible huelga nacional"},"content":{"rendered":"<p><strong>Por: Inocencio Encarnaci\u00f3n<\/strong><\/p>\n<p><strong>Santiago<\/strong>.- Cientos de trabajadores se movilizaron este mi\u00e9rcoles en Santiago en rechazo a las posibles modificaciones a la <strong>cesant\u00eda laboral <\/strong>contempladas en la reforma al <strong>C\u00f3digo de Trabajo<\/strong>, en una marcha convocada por la C<strong>onfederaci\u00f3n Nacional de Unidad Sindical<\/strong> (CNUS).<\/p>\n<p>Durante la jornada, el presidente de la CNUS, <strong>Rafael Pepe Abreu<\/strong>, reiter\u00f3 la oposici\u00f3n del movimiento sindical a cualquier intento de modificaci\u00f3n del derecho a la cesant\u00eda.<\/p>\n<p>\u201c<strong>Bajo ning\u00fan concepto vamos a aceptar que la cesant\u00eda sea tocada, ni eliminada, ni reducida, ni disfrazada bajo figuras como contratos de prueba<\/strong>\u201d, afirm\u00f3 Abreu ante los manifestantes.<\/p>\n<p>El dirigente sindical advirti\u00f3 adem\u00e1s que, de aprobarse cambios que afecten este beneficio laboral, el sector convocar\u00eda a un paro a nivel nacional. \u201c<strong>Si desde el Congreso se intenta afectar la cesant\u00eda, esta organizaci\u00f3n va a encabezar un paro nacional en todo el pa\u00eds<\/strong>\u201d, se\u00f1al\u00f3, al tiempo que insisti\u00f3 en que se trata de una decisi\u00f3n ya consensuada dentro del movimiento obrero.<\/p>\n<h5 class=\"wp-block-heading\"><strong>Recomendamos leer: <a href=\"https:\/\/deultimominuto.net\/nacionales\/sindicatos-protestan\/\">Sindicatos protestan en SFM contra modificaci\u00f3n a la cesant\u00eda laboral y advierten lucha nacional<\/a><\/strong><\/h5>\n<p>Abreu tambi\u00e9n critic\u00f3 a legisladores que, seg\u00fan dijo, se han apartado de los acuerdos alcanzados en las mesas de di\u00e1logo tripartito. En ese sentido, cuestion\u00f3 al senador de La Altagracia, <strong>Rafael Bar\u00f3n Duluc<\/strong>, a quien acus\u00f3 de generar confusi\u00f3n sobre el contenido de la reforma laboral.<\/p>\n<p>La marcha transcurri\u00f3 sin incidentes reportados, en medio de un fuerte sol y vigilancia en las principales v\u00edas del centro de Santiago. Al finalizar, los organizadores reiteraron que las protestas continuar\u00e1n como mecanismo de presi\u00f3n y llamaron a los trabajadores a mantenerse en estado de alerta.<\/p>\n<h5 class=\"wp-block-heading\"><strong>Puede leer: <a href=\"https:\/\/deultimominuto.net\/nacionales\/modificaciones-a-la-cesantia\/\">\"Nos mintieron\": Hansel Garc\u00eda revela modificaciones \"ocultas\" al art\u00edculo de la cesant\u00eda en reforma laboral<\/a><\/strong><\/h5>\n<p>Asimismo, Abreu record\u00f3 que el pr\u00f3ximo 1 de mayo, <strong>D\u00eda Internacional del Trabajo<\/strong>, se conmemorar\u00e1n los 140 a\u00f1os de la revuelta obrera de Chicago, fecha en la que el sector sindical prev\u00e9 fijar posici\u00f3n definitiva sobre la reforma laboral.<\/p>\n<p>\u201cLo ideal ser\u00eda anunciar que fue aprobada sin tocar la cesant\u00eda\u201d, concluy\u00f3 el dirigente sindical.<\/p>\n<p>La manifestaci\u00f3n inici\u00f3 en el Monumento a los H\u00e9roes de la Restauraci\u00f3n y concluy\u00f3 frente al edificio Presidente Antonio Guzm\u00e1n (El Huacalito), recorriendo varias calles del centro de la ciudad bajo consignas, pancartas y la participaci\u00f3n de delegaciones de distintos sectores laborales.<\/p>\n<\/p>\n<p>\u200bPor: Inocencio Encarnaci\u00f3n Santiago.- Cientos de trabajadores se movilizaron este mi\u00e9rcoles en Santiago en rechazo a las posibles modificaciones a la cesant\u00eda laboral contempladas en la reforma al C\u00f3digo de Trabajo, en una marcha convocada por la Confederaci\u00f3n Nacional de Unidad Sindical (CNUS). Durante la jornada, el presidente de la CNUS, Rafael Pepe Abreu, reiter\u00f3\u00a0\u00a0Nacionales, Cesant\u00eda, codigo, huelga, Santiago\u00a0\u00a0<\/p>\n","protected":false},"excerpt":{"rendered":"<p>Por: Inocencio Encarnaci\u00f3n Santiago.- Cientos de trabajadores se movilizaron este mi\u00e9rcoles en Santiago en rechazo a las posibles modificaciones a la cesant\u00eda laboral contempladas en la reforma al C\u00f3digo de Trabajo, en una marcha convocada por la Confederaci\u00f3n Nacional de Unidad Sindical (CNUS). Durante la jornada, el presidente de la CNUS, Rafael Pepe Abreu, reiter\u00f3 [&hellip;]<\/p>\n","protected":false},"author":1,"featured_media":26227,"comment_status":"open","ping_status":"open","sticky":false,"template":"","format":"standard","meta":{"amp_status":"","footnotes":""},"categories":[3],"tags":[],"class_list":["post-26226","post","type-post","status-publish","format-standard","has-post-thumbnail","hentry","category-de-ultimo-minuto"],"_links":{"self":[{"href":"https:\/\/ermdigital.com\/index.php?rest_route=\/wp\/v2\/posts\/26226","targetHints":{"allow":["GET"]}}],"collection":[{"href":"https:\/\/ermdigital.com\/index.php?rest_route=\/wp\/v2\/posts"}],"about":[{"href":"https:\/\/ermdigital.com\/index.php?rest_route=\/wp\/v2\/types\/post"}],"author":[{"embeddable":true,"href":"https:\/\/ermdigital.com\/index.php?rest_route=\/wp\/v2\/users\/1"}],"replies":[{"embeddable":true,"href":"https:\/\/ermdigital.com\/index.php?rest_route=%2Fwp%2Fv2%2Fcomments&post=26226"}],"version-history":[{"count":0,"href":"https:\/\/ermdigital.com\/index.php?rest_route=\/wp\/v2\/posts\/26226\/revisions"}],"wp:featuredmedia":[{"embeddable":true,"href":"https:\/\/ermdigital.com\/index.php?rest_route=\/wp\/v2\/media\/26227"}],"wp:attachment":[{"href":"https:\/\/ermdigital.com\/index.php?rest_route=%2Fwp%2Fv2%2Fmedia&parent=26226"}],"wp:term":[{"taxonomy":"category","embeddable":true,"href":"https:\/\/ermdigital.com\/index.php?rest_route=%2Fwp%2Fv2%2Fcategories&post=26226"},{"taxonomy":"post_tag","embeddable":true,"href":"https:\/\/ermdigital.com\/index.php?rest_route=%2Fwp%2Fv2%2Ftags&post=26226"}],"curies":[{"name":"wp","href":"https:\/\/api.w.org\/{rel}","templated":true}]}}