{"id":26222,"date":"2026-04-29T17:50:54","date_gmt":"2026-04-29T21:50:54","guid":{"rendered":"https:\/\/ermdigital.com\/?p=26222"},"modified":"2026-04-29T17:50:54","modified_gmt":"2026-04-29T21:50:54","slug":"kany-garcia-alcanza-el-1-en-billboard-junto-a-maluma-con-11","status":"publish","type":"post","link":"https:\/\/ermdigital.com\/?p=26222","title":{"rendered":"Kany Garc\u00eda alcanza el #1 en Billboard junto a Maluma con \u201c1+1\u201d"},"content":{"rendered":"<p><strong>Su \u00e1lbum \u201cPuerta Abierta\u201d se posiciona entre los lanzamientos latinos m\u00e1s relevantes del a\u00f1o<\/strong><\/p>\n<p><strong>Santo Domingo.- <\/strong>La cantante y compositora Kany Garc\u00eda atraviesa uno de los momentos m\u00e1s s\u00f3lidos de su carrera con el lanzamiento de su m\u00e1s reciente \u00e1lbum <em>Puerta Abierta<\/em>, un proyecto que ha conectado de forma inmediata con el p\u00fablico y la industria, posicion\u00e1ndose como uno de los lanzamientos latinos m\u00e1s relevantes del momento. A este \u00e9xito se suma el logro del #1 en las listas <em>Latin Airplay<\/em> y <em>Tropical Airplay<\/em> de Billboard junto a Maluma con su colaboraci\u00f3n \u201c1+1\u201d.<\/p>\n<p>Garc\u00eda consigue as\u00ed un doble impacto con esta colaboraci\u00f3n. Anteriormente, hab\u00eda alcanzado su mejor posici\u00f3n en la lista <em>Latin Airplay<\/em> con \u201cFeliz\u201d en 2009, que lleg\u00f3 al puesto No. 15. En <em>Tropical Airplay<\/em>, \u201c1+1\u201d marca su cuarto tema dentro del top 10, despu\u00e9s de \u201cB\u00fascame\u201d, junto a Carlos Vives, que alcanz\u00f3 el No. 7 en 2021.<\/p>\n<p>Desde su estreno, <em>Puerta Abierta<\/em> ha acumulado m\u00e1s de 31.7 millones de reproducciones en Spotify, debutando en la posici\u00f3n #11 del listado <em>Billboard Top Latin Pop Albums<\/em> y alcanzando el #9 en el chart general de Spotify en Estados Unidos, reflejando su impacto tanto en el mercado global como en el anglosaj\u00f3n.<\/p>\n<h4 class=\"wp-block-heading\"><strong>Recomendamos leer: <a href=\"https:\/\/deultimominuto.net\/enlaces\/\" data-type=\"page\" data-id=\"491852\">Kany Garc\u00eda arranca su gira \"Puerta Abierta\" en el Palacio de los Deportes de M\u00e9xico<\/a><\/strong><a href=\"https:\/\/deultimominuto.net\/category\/entretenimiento\/\"><\/a><\/h4>\n<p>Uno de los temas m\u00e1s destacados del \u00e1lbum, \u201cA la Ni\u00f1a que Fui\u201d, se ha convertido en un fen\u00f3meno digital, superando los 2.6 millones de streams desde su lanzamiento y acumulando m\u00e1s de 336 mil \u201csaves\u201d en la plataforma. La canci\u00f3n registra m\u00e1s de 250 mil reproducciones diarias en Spotify, con un pico de 418,672 reproducciones en un solo d\u00eda (20 de abril), adem\u00e1s de posicionarse en el #15 del listado <em>Top Latin Pop Songs<\/em>. En TikTok, el impacto tambi\u00e9n ha sido notable, con m\u00e1s de 300 mil creaciones de videos utilizando el tema.<\/p>\n<p>El proyecto tambi\u00e9n ha recibido respaldo de la cr\u00edtica especializada. Medios como <em>The New York Times<\/em> lo destacaron como parte de una semana clave para los compositores del pop latino, mientras que <em>Rolling Stone en Espa\u00f1ol<\/em> le otorg\u00f3 cinco estrellas, describi\u00e9ndolo como una oda a la gratitud, el poder y el sentido de pertenencia. Publicaciones como <em>PAPER en Espa\u00f1ol<\/em>, <em>Refinery29 Somos<\/em> y <em>Remezcla<\/em> resaltaron su propuesta art\u00edstica y evoluci\u00f3n musical, mientras <em>Pollstar<\/em> subray\u00f3 su trayectoria como ganadora de siete Latin GRAMMYs y su alcance global.<\/p>\n<p>En paralelo a este \u00e9xito, la artista inici\u00f3 su nueva gira con un lleno total en el Palacio de los Deportes de Ciudad de M\u00e9xico, donde m\u00e1s de 20 mil personas la acompa\u00f1aron en una noche que combin\u00f3 sus grandes \u00e9xitos con el estreno en vivo de su nueva m\u00fasica.<\/p>\n<p>Tras este arranque, Kany Garc\u00eda confirm\u00f3 la expansi\u00f3n de su gira con nuevas fechas en Latinoam\u00e9rica, Europa, Estados Unidos y Puerto Rico, incluyendo una tercera funci\u00f3n en el Coliseo de Puerto Rico el pr\u00f3ximo 6 de diciembre, luego de que las primeras dos se agotaran en menos de 24 horas.<\/p>\n<p>La gira <em>Puerta Abierta Tour 2026<\/em> continuar\u00e1 su recorrido por importantes ciudades de M\u00e9xico, Colombia, Ecuador, Chile, Per\u00fa, Panam\u00e1, Rep\u00fablica Dominicana, Espa\u00f1a, Italia, Francia y Reino Unido, consolidando as\u00ed una de las etapas m\u00e1s exitosas de su carrera art\u00edstica.<\/p>\n<p>\u200bSu \u00e1lbum \u201cPuerta Abierta\u201d se posiciona entre los lanzamientos latinos m\u00e1s relevantes del a\u00f1o Santo Domingo.- La cantante y compositora Kany Garc\u00eda atraviesa uno de los momentos m\u00e1s s\u00f3lidos de su carrera con el lanzamiento de su m\u00e1s reciente \u00e1lbum Puerta Abierta, un proyecto que ha conectado de forma inmediata con el p\u00fablico y la\u00a0\u00a0Entretenimiento, Billboard, Kany Garc\u00eda, Maluma\u00a0\u00a0<\/p>\n","protected":false},"excerpt":{"rendered":"<p>Su \u00e1lbum \u201cPuerta Abierta\u201d se posiciona entre los lanzamientos latinos m\u00e1s relevantes del a\u00f1o Santo Domingo.- La cantante y compositora Kany Garc\u00eda atraviesa uno de los momentos m\u00e1s s\u00f3lidos de su carrera con el lanzamiento de su m\u00e1s reciente \u00e1lbum Puerta Abierta, un proyecto que ha conectado de forma inmediata con el p\u00fablico y la [&hellip;]<\/p>\n","protected":false},"author":1,"featured_media":26223,"comment_status":"open","ping_status":"open","sticky":false,"template":"","format":"standard","meta":{"amp_status":"","footnotes":""},"categories":[3],"tags":[],"class_list":["post-26222","post","type-post","status-publish","format-standard","has-post-thumbnail","hentry","category-de-ultimo-minuto"],"_links":{"self":[{"href":"https:\/\/ermdigital.com\/index.php?rest_route=\/wp\/v2\/posts\/26222","targetHints":{"allow":["GET"]}}],"collection":[{"href":"https:\/\/ermdigital.com\/index.php?rest_route=\/wp\/v2\/posts"}],"about":[{"href":"https:\/\/ermdigital.com\/index.php?rest_route=\/wp\/v2\/types\/post"}],"author":[{"embeddable":true,"href":"https:\/\/ermdigital.com\/index.php?rest_route=\/wp\/v2\/users\/1"}],"replies":[{"embeddable":true,"href":"https:\/\/ermdigital.com\/index.php?rest_route=%2Fwp%2Fv2%2Fcomments&post=26222"}],"version-history":[{"count":0,"href":"https:\/\/ermdigital.com\/index.php?rest_route=\/wp\/v2\/posts\/26222\/revisions"}],"wp:featuredmedia":[{"embeddable":true,"href":"https:\/\/ermdigital.com\/index.php?rest_route=\/wp\/v2\/media\/26223"}],"wp:attachment":[{"href":"https:\/\/ermdigital.com\/index.php?rest_route=%2Fwp%2Fv2%2Fmedia&parent=26222"}],"wp:term":[{"taxonomy":"category","embeddable":true,"href":"https:\/\/ermdigital.com\/index.php?rest_route=%2Fwp%2Fv2%2Fcategories&post=26222"},{"taxonomy":"post_tag","embeddable":true,"href":"https:\/\/ermdigital.com\/index.php?rest_route=%2Fwp%2Fv2%2Ftags&post=26222"}],"curies":[{"name":"wp","href":"https:\/\/api.w.org\/{rel}","templated":true}]}}