{"id":26218,"date":"2026-04-29T18:05:11","date_gmt":"2026-04-29T22:05:11","guid":{"rendered":"https:\/\/ermdigital.com\/?p=26218"},"modified":"2026-04-29T18:05:11","modified_gmt":"2026-04-29T22:05:11","slug":"trump-recibe-en-la-casa-blanca-a-los-astronautas-de-la-mision-artemis-ii","status":"publish","type":"post","link":"https:\/\/ermdigital.com\/?p=26218","title":{"rendered":"Trump recibe en la Casa Blanca a los astronautas de la misi\u00f3n Artemis II"},"content":{"rendered":"<p><strong>Washington<\/strong>.- El presidente estadounidense, <strong>Donald Trump<\/strong>, recibi\u00f3 este mi\u00e9rcoles en la <strong>Casa Blanca<\/strong> a los astronautas de <strong><a href=\"https:\/\/www.nasa.gov\/mission\/artemis-ii\/\" target=\"_blank\" rel=\"noopener\">Artemis II<\/a> <\/strong>de la <strong><a href=\"https:\/\/www.instagram.com\/nasa_es\/\" target=\"_blank\" rel=\"noopener\">NASA<\/a><\/strong>, a los que felicit\u00f3 por el \u00e9xito de la primera misi\u00f3n que alcanz\u00f3 la \u00f3rbita de la Luna en m\u00e1s de medio siglo y los humanos que han viajado m\u00e1s lejos de la Tierra.<\/p>\n<p>\"Se necesita gente como esta para hacer grande a nuestro pa\u00eds. Y, repito, nunca hab\u00eda visto nada parecido. Todos mis conocidos quer\u00edan ver el lanzamiento y, especialmente, quer\u00edan ver un aterrizaje exitoso. Y, Jared (Isaacman, el administrador de la NASA), quiero felicitarte por haberlo logrado. NASA, hiciste una gran elecci\u00f3n\", declar\u00f3 Trump junto a los astronautas desde el Despacho Oval.<\/p>\n<h5 class=\"wp-block-heading\"><strong>Puedes leer: <a href=\"https:\/\/deultimominuto.net\/tecnologia\/astronautas-de-artemis-ii\/\">Astronautas de Artemis II: \"El mundo ha esperado mucho tiempo\" para volver a la Luna<\/a><\/strong><\/h5>\n<p>Los cuatro tripulantes de Artemis II son Reid Wiseman, Christina Koch y Victor Glover, de la NASA, y Jeremy Hansen, de la Agencia Espacial Canadiense (CSA).<\/p>\n<figure class=\"wp-block-image\"><img decoding=\"async\" src=\"https:\/\/i0.wp.com\/efe.com\/wp-content\/uploads\/2026\/04\/EPA9271-USA-WHITE-HOUSE-NASA.webp?resize=900%2C600&amp;ssl=1\" alt=\"Trump recibe en la Casa Blanca a los astronautas de la misi\u00f3n Artemis II - Noticias de hoy en Rep\u00fablica Dominicana | De \u00daltimo Minuto\" class=\"wp-image-2644955\" title=\"Trump recibe en la Casa Blanca a los astronautas de la misi\u00f3n Artemis II | 1 |\"><figcaption class=\"wp-element-caption\">El piloto de Artemis II, Victor Glover; la especialista de la misi\u00f3n Artemis II, Christina Koch; y el presidente de Estados Unidos, Donald Trump, durante una reuni\u00f3n con los miembros de la misi\u00f3n Artemis II en el Despacho Oval de la Casa Blanca. EFE\/EPA\/Graeme Sloan \/ POOL<\/figcaption><\/figure>\n<p>El presidente recalc\u00f3 las habilidades mentales y f\u00edsicas que deben tener los astronautas para llevar a cabo una misi\u00f3n como esa y brome\u00f3 con que \u00e9l mismo podr\u00eda participar en un futuro.<\/p>\n<h5 class=\"wp-block-heading\"><strong>Recomendamos leer: <a href=\"https:\/\/deultimominuto.net\/tecnologia\/artemis-ii-hara-menos-distancia\/\">Artemis II har\u00e1 menos distancia en su reingreso para reducir el calor extremo en la nave<\/a><\/strong><\/h5>\n<p>\"Yo no habr\u00eda tenido ning\u00fan problema para conseguirlo; f\u00edsicamente estoy muy bien. Bueno, tal vez un peque\u00f1o problema. \u00bfSe le permite a un presidente viajar en una de estas misiones?\", ironiz\u00f3.<\/p>\n<p>Artemis II culmin\u00f3 el paso 10 de abril con \u00e9xito su misi\u00f3n de llevar nuevamente al ser humano a la \u00f3rbita lunar por primera vez desde 1972.<\/p>\n<p>Esta busca dar un impulso a las pr\u00f3ximas misiones del Programa Artemis que persigue alunizar dos veces en 2028, mientras la agencia espacial estadounidense avanza simult\u00e1neamente en los planes de construcci\u00f3n de una base en la Luna.<\/p>\n<p>La tripulaci\u00f3n super\u00f3 el r\u00e9cord de distancia alcanzado en el espacio por la misi\u00f3n <strong>Apolo 13<\/strong> en 1970 y estableci\u00f3 una nueva marca al alejarse <strong>406.771<\/strong> kil\u00f3metros de la Tierra.<\/p>\n<\/p>\n<p>\u200bWashington.- El presidente estadounidense, Donald Trump, recibi\u00f3 este mi\u00e9rcoles en la Casa Blanca a los astronautas de Artemis II de la NASA, a los que felicit\u00f3 por el \u00e9xito de la primera misi\u00f3n que alcanz\u00f3 la \u00f3rbita de la Luna en m\u00e1s de medio siglo y los humanos que han viajado m\u00e1s lejos de la\u00a0\u00a0Internacionales, Artemis II, Donald Trump, NASA\u00a0\u00a0<\/p>\n","protected":false},"excerpt":{"rendered":"<p>Washington.- El presidente estadounidense, Donald Trump, recibi\u00f3 este mi\u00e9rcoles en la Casa Blanca a los astronautas de Artemis II de la NASA, a los que felicit\u00f3 por el \u00e9xito de la primera misi\u00f3n que alcanz\u00f3 la \u00f3rbita de la Luna en m\u00e1s de medio siglo y los humanos que han viajado m\u00e1s lejos de la [&hellip;]<\/p>\n","protected":false},"author":1,"featured_media":26219,"comment_status":"open","ping_status":"open","sticky":false,"template":"","format":"standard","meta":{"amp_status":"","footnotes":""},"categories":[3],"tags":[],"class_list":["post-26218","post","type-post","status-publish","format-standard","has-post-thumbnail","hentry","category-de-ultimo-minuto"],"_links":{"self":[{"href":"https:\/\/ermdigital.com\/index.php?rest_route=\/wp\/v2\/posts\/26218","targetHints":{"allow":["GET"]}}],"collection":[{"href":"https:\/\/ermdigital.com\/index.php?rest_route=\/wp\/v2\/posts"}],"about":[{"href":"https:\/\/ermdigital.com\/index.php?rest_route=\/wp\/v2\/types\/post"}],"author":[{"embeddable":true,"href":"https:\/\/ermdigital.com\/index.php?rest_route=\/wp\/v2\/users\/1"}],"replies":[{"embeddable":true,"href":"https:\/\/ermdigital.com\/index.php?rest_route=%2Fwp%2Fv2%2Fcomments&post=26218"}],"version-history":[{"count":0,"href":"https:\/\/ermdigital.com\/index.php?rest_route=\/wp\/v2\/posts\/26218\/revisions"}],"wp:featuredmedia":[{"embeddable":true,"href":"https:\/\/ermdigital.com\/index.php?rest_route=\/wp\/v2\/media\/26219"}],"wp:attachment":[{"href":"https:\/\/ermdigital.com\/index.php?rest_route=%2Fwp%2Fv2%2Fmedia&parent=26218"}],"wp:term":[{"taxonomy":"category","embeddable":true,"href":"https:\/\/ermdigital.com\/index.php?rest_route=%2Fwp%2Fv2%2Fcategories&post=26218"},{"taxonomy":"post_tag","embeddable":true,"href":"https:\/\/ermdigital.com\/index.php?rest_route=%2Fwp%2Fv2%2Ftags&post=26218"}],"curies":[{"name":"wp","href":"https:\/\/api.w.org\/{rel}","templated":true}]}}