{"id":26216,"date":"2026-04-29T18:07:02","date_gmt":"2026-04-29T22:07:02","guid":{"rendered":"https:\/\/ermdigital.com\/?p=26216"},"modified":"2026-04-29T18:07:02","modified_gmt":"2026-04-29T22:07:02","slug":"se-reduce-la-lista-para-ocupar-el-trono-que-dejo-el-mencho-en-el-cjng-entre-teorias-de-traiciones-internas","status":"publish","type":"post","link":"https:\/\/ermdigital.com\/?p=26216","title":{"rendered":"Se reduce la lista para ocupar el trono que dej\u00f3 El Mencho en el CJNG entre teor\u00edas de traiciones internas"},"content":{"rendered":"<p>La\u00a0<strong>captura<\/strong>\u00a0de\u00a0<strong>Audias Flores Silva<\/strong>, identificado como\u00a0<strong>n\u00famero dos<\/strong>\u00a0en la estructura del C\u00e1rtel Jalisco Nueva Generaci\u00f3n (CJNG), deja al grupo criminal con solo tres posibles sucesores al liderazgo tras el abatimiento de Nemesio Oseguera Cervantes, conocido como \u201cEl Mencho\u201d. Y es que entre la\u00a0sospecha de traiciones\u00a0y juego de poder\u00a0se han manejado diversas hip\u00f3tesis.<\/p>\n<p><a href=\"https:\/\/www.infobae.com\/mexico\/2026\/04\/29\/mexico-reconoce-ayuda-de-inteligencia-de-eeuu-en-la-captura-de-el-jardinero-presunto-jefe-del-cjng\/\" target=\"_blank\" rel=\"noreferrer noopener\"><\/a>Las autoridades federales afirman que la operaci\u00f3n realizada el lunes representa un \u201cgolpe contundente\u201d a la capacidad operativa y financiera del c\u00e1rtel, considerado el de mayor presencia en el pa\u00eds y designado por Estados Unidos como organizaci\u00f3n terrorista.<\/p>\n<p>En conferencia de prensa,\u00a0<strong>Omar Garc\u00eda Harfuch<\/strong>, secretario de Seguridad federal, explica que, luego de la muerte de \u201cEl Mencho\u201d hace dos meses, el gobierno mexicano hab\u00eda identificado a\u00a0<strong>cuatro figuras clave<\/strong>\u00a0como posibles sustitutos en la direcci\u00f3n del CJNG. Flores Silva, alias \u201cEl Jardinero\u201d, figuraba entre ellos. Ahora, tras su detenci\u00f3n, la lista se reduce a tres: Juan Carlos Valencia Gonz\u00e1lez, alias el 03 (hijastro de El Mencho),\u00a0<strong>Gonzalo Mendoza Gayt\u00e1n<\/strong>\u00a0(\u201cEl Sapo\u201d),\u00a0<strong>Ricardo Ruiz Velasco<\/strong>\u00a0(\u201cRR\u201d), todos parte de la c\u00fapula de la organizaci\u00f3n.<a href=\"https:\/\/www.infobae.com\/mexico\/2026\/04\/29\/la-acusacion-que-anticipo-el-abogado-de-el-mayo-zambada-y-hoy-investiga-eeuu\/\" target=\"_blank\" rel=\"noreferrer noopener\"><\/a><\/p>\n<h2 class=\"wp-block-heading\"><strong>Qui\u00e9n es Juan Carlos Valencia Gonz\u00e1lez<\/strong><\/h2>\n<p>Juan Carlos Valencia Gonz\u00e1lez, alias \u201cEl 03\u201d, se consolid\u00f3 como l\u00edder del CJNG gracias al control del Grupo \u00c9lite, su brazo armado m\u00e1s eficiente y temido. (Infobae)<\/p>\n<p><strong>Juan Carlos Valencia Gonz\u00e1lez, alias el 03,<\/strong>\u00a0tom\u00f3 el liderazgo del\u00a0<strong>CJNG\u00a0<\/strong>tras el asesinato de\u00a0<strong>El Mencho, asegur\u00f3 hace unas semanas el medio estadounidense\u00a0<\/strong><em><strong>Wall Street Journal.<\/strong><\/em><\/p>\n<h5 class=\"wp-block-heading\"><strong>Recomendamos leer: <a href=\"https:\/\/deultimominuto.net\/internacionales\/el-cunado-mencho-negocia-eeuu\/\">El cu\u00f1ado del 'Mencho' negocia con EE.UU. para no ir a juicio<\/a><\/strong><\/h5>\n<p>Valencia Gonz\u00e1lez es hijo de\u00a0<strong>Armando Valencia Cornelio<\/strong>, alias Maradona, jefe del extinto\u00a0<strong>C\u00e1rtel de Milenio<\/strong>, quien en 2020 purg\u00f3 su condena de 17 a\u00f1os de c\u00e1rcel en<strong>\u00a0Estados Unidos y de Rosalinda Gonz\u00e1lez Valencia, quien posteriormente se cas\u00f3 con El Mencho.<\/strong><\/p>\n<p><a href=\"https:\/\/www.infobae.com\/mexico\/2026\/04\/28\/el-jardinero-asi-estafaba-el-operador-del-cjng-a-ciudadanos-estadounidenses-con-tiempos-compartidos\/\" target=\"_blank\" rel=\"noreferrer noopener\"><\/a>Juan Carlos Valencia Gonz\u00e1lez, El 03, es hijastro del \u2018El Mencho\u2019.<\/p>\n<p>El 03 tiene<strong>\u00a041 a\u00f1os y naci\u00f3 en Santa Ana, California<\/strong>, en Estados Unidos, por lo que tiene esa nacionalidad.<\/p>\n<p>Esto complicar\u00eda a las autoridades estadounidenses obtener informaci\u00f3n personal de\u00a0<strong>El 03\u00a0<\/strong>pues, seg\u00fan las normas para la vigilancia de ciudadanos estadounidenses en el extranjero, para ello se necesita la aprobaci\u00f3n del\u00a0<strong>Fiscal general.<\/strong><\/p>\n<h2 class=\"wp-block-heading\"><strong>CJNG lidera presencia en M\u00e9xico y mantiene operaciones globales<\/strong><\/h2>\n<p>El gobierno mexicano se\u00f1ala que el\u00a0<strong>C\u00e1rtel Jalisco Nueva Generaci\u00f3n<\/strong>\u00a0mantiene operaciones en\u00a0<strong>21 de los 32 estados<\/strong>\u00a0del pa\u00eds, superando al C\u00e1rtel de Sinaloa, con presencia en 19 entidades. Este despliegue nacional se extiende al extranjero: autoridades federales destacan actividades del CJNG en un centenar de pa\u00edses, entre ellos\u00a0<strong>Estados Unidos<\/strong>. En febrero, el gobierno estadounidense catalog\u00f3 formalmente a la organizaci\u00f3n comandada por Oseguera Cervantes como terrorista, intensificando la presi\u00f3n bilateral.<\/p>\n<p>La detenci\u00f3n de Flores Silva ocurre en un contexto de debilitamiento sostenido del c\u00e1rtel, acelerado por la reciente baja de su l\u00edder absoluto. El propio Garc\u00eda Harfuch sostiene que las capturas de Flores Silva y del operador financiero\u00a0<strong>C\u00e9sar Alejandro \u201cN\u201d<\/strong>\u00a0(\u201cEl G\u00fcero Conta\u201d) afectan de manera directa las capacidades log\u00edsticas y econ\u00f3micas del grupo.<\/p>\n<h2 class=\"wp-block-heading\"><strong>C\u00f3mo cay\u00f3 Flores Silva y qu\u00e9 implica para el c\u00e1rtel<\/strong><\/h2>\n<p>Las Fuerzas Armadas mexicanas lanzan la ma\u00f1ana del lunes un operativo de precisi\u00f3n en una zona serrana del estado de\u00a0<strong>Nayarit<\/strong>\u00a0tras casi\u00a0<strong>19 meses de investigaciones<\/strong>\u00a0que incluyeron vigilancia en 45 ubicaciones y rutas, seg\u00fan el secretario de Marina\u00a0<strong>Raymundo Morales<\/strong>. La intervenci\u00f3n involucra a cerca de\u00a0<strong>500 elementos<\/strong>, apoyados por aeronaves y helic\u00f3pteros, y se consuma el 27 de abril mientras Flores Silva viajaba en una camioneta. El capo intenta huir y es localizado minutos despu\u00e9s sobre la tuber\u00eda de una carretera, donde es asegurado.<\/p>\n<p>De acuerdo con informaci\u00f3n del Gabinete de Seguridad, Flores Silva, de\u00a0<strong>45 a\u00f1os<\/strong>\u00a0y originario de Huetamo, Michoac\u00e1n, fungi\u00f3 primero como jefe de seguridad de \u201cEl Mencho\u201d. Luego asumi\u00f3 el mando regional en los estados de\u00a0<strong>Nayarit, Jalisco, Estado de M\u00e9xico y Zacatecas<\/strong>\u00a0para coordinar la producci\u00f3n y tr\u00e1fico de metanfetamina y operaci\u00f3n de laboratorios clandestinos. Autoridades mexicanas tambi\u00e9n lo vinculan con robo de combustible y cobro de piso.<\/p>\n<p>Desde\u00a0<strong>2021<\/strong>,\u00a0<strong>Estados Unidos<\/strong>\u00a0solicit\u00f3 formalmente su extradici\u00f3n para juzgarlo por delitos de asociaci\u00f3n delictuosa dedicada al narcotr\u00e1fico y portaci\u00f3n ilegal de armas. En\u00a0<strong>2024<\/strong>, la\u00a0<strong>DEA<\/strong>\u00a0emite una alerta internacional y ofrece una recompensa de\u00a0<strong>cinco millones de d\u00f3lares<\/strong>\u00a0por su localizaci\u00f3n, destacando el inter\u00e9s del gobierno estadounidense en el caso.<\/p>\n<h2 class=\"wp-block-heading\"><strong>Detenido operador financiero clave en Zapopan<\/strong><\/h2>\n<p>Mientras la informaci\u00f3n sobre la ubicaci\u00f3n de Flores Silva llegaba a la Marina, el ej\u00e9rcito mexicano despliega horas m\u00e1s tarde un operativo en\u00a0<strong>Zapopan, Jalisco<\/strong>, para capturar a\u00a0<strong>C\u00e9sar Alejandro \u201cN\u201d<\/strong>. De acuerdo con las autoridades federales, el \u201cG\u00fcero Conta\u201d era el hombre de mayor confianza del \u201cJardinero\u201d y responsable de operar esquemas de lavado de dinero, adquisici\u00f3n de armas, aeronaves, bienes ra\u00edces y transferencias de recursos il\u00edcitos. Utiliza familiares, socios y empresas pantalla para ocultar activos.<\/p>\n<p>El secretario de Seguridad subraya que todos los operativos se ejecutaron exclusivamente con recursos y personal mexicano. Agreg\u00f3 que agencias estadounidenses colaboraron \u00fanicamente con informaci\u00f3n, sin participar en la acci\u00f3n t\u00e1ctica.<\/p>\n<p><strong>Tambi\u00e9n puedes leer: <a href=\"https:\/\/deultimominuto.net\/internacionales\/ataud-dorado-musica-regional\/\">Ata\u00fad dorado, m\u00fasica regional y mucha seguridad, el entierro de El Mencho en Guadalajara<\/a><\/strong><\/p>\n<h2 class=\"wp-block-heading\"><strong>Sismo interno en el C\u00e1rtel Jalisco Nueva Generaci\u00f3n<\/strong><\/h2>\n<p>Las detenciones de Flores Silva y su operador financiero reconfiguran la c\u00fapula del\u00a0<strong>CJNG<\/strong>, hoy reducido a tres cabecillas con capacidad de aspirar al control absoluto. Especialistas consultados por las autoridades consideran que \u201cEl Sapo\u201d, \u201cRR\u201d y un sucesor no especificado concentran ahora el poder y enfrentar\u00e1n el desaf\u00edo de mantener la cohesi\u00f3n y operatividad de la organizaci\u00f3n frente a la presi\u00f3n de fuerzas mexicanas y estadounidenses.<\/p>\n<p>La din\u00e1mica interna del c\u00e1rtel, sumada a las operaciones recientes, deja abierta la posibilidad de disputas entre remanentes o fracturas territoriales, en tanto el gobierno federal sostiene el objetivo de debilitar su base operativa y financiera en el corto plazo.<\/p>\n<ul class=\"wp-block-list\">\n<li>La captura de\u00a0<strong>Audias Flores Silva<\/strong>\u00a0limita a\u00a0<strong>tres<\/strong>\u00a0la lista de posibles sucesores al frente del\u00a0<strong>CJNG<\/strong>.<\/li>\n<li>El CJNG mantiene operaciones en\u00a0<strong>21 estados mexicanos<\/strong>\u00a0y presencia en\u00a0<strong>100 pa\u00edses<\/strong>.<\/li>\n<li><strong>Estados Unidos<\/strong>\u00a0ofreci\u00f3\u00a0<strong>USD 5 millones<\/strong>\u00a0por informaci\u00f3n que llevara a la detenci\u00f3n de\u00a0<strong>Flores Silva<\/strong>.<\/li>\n<\/ul>\n<p>\u200bLa\u00a0captura\u00a0de\u00a0Audias Flores Silva, identificado como\u00a0n\u00famero dos\u00a0en la estructura del C\u00e1rtel Jalisco Nueva Generaci\u00f3n (CJNG), deja al grupo criminal con solo tres posibles sucesores al liderazgo tras el abatimiento de Nemesio Oseguera Cervantes, conocido como \u201cEl Mencho\u201d. Y es que entre la\u00a0sospecha de traiciones\u00a0y juego de poder\u00a0se han manejado diversas hip\u00f3tesis. Las autoridades federales afirman que\u00a0\u00a0Internacionales, Audias Flores Silva, El Mencho\u00a0\u00a0<\/p>\n","protected":false},"excerpt":{"rendered":"<p>La\u00a0captura\u00a0de\u00a0Audias Flores Silva, identificado como\u00a0n\u00famero dos\u00a0en la estructura del C\u00e1rtel Jalisco Nueva Generaci\u00f3n (CJNG), deja al grupo criminal con solo tres posibles sucesores al liderazgo tras el abatimiento de Nemesio Oseguera Cervantes, conocido como \u201cEl Mencho\u201d. Y es que entre la\u00a0sospecha de traiciones\u00a0y juego de poder\u00a0se han manejado diversas hip\u00f3tesis. Las autoridades federales afirman que [&hellip;]<\/p>\n","protected":false},"author":1,"featured_media":26217,"comment_status":"open","ping_status":"open","sticky":false,"template":"","format":"standard","meta":{"amp_status":"","footnotes":""},"categories":[3],"tags":[],"class_list":["post-26216","post","type-post","status-publish","format-standard","has-post-thumbnail","hentry","category-de-ultimo-minuto"],"_links":{"self":[{"href":"https:\/\/ermdigital.com\/index.php?rest_route=\/wp\/v2\/posts\/26216","targetHints":{"allow":["GET"]}}],"collection":[{"href":"https:\/\/ermdigital.com\/index.php?rest_route=\/wp\/v2\/posts"}],"about":[{"href":"https:\/\/ermdigital.com\/index.php?rest_route=\/wp\/v2\/types\/post"}],"author":[{"embeddable":true,"href":"https:\/\/ermdigital.com\/index.php?rest_route=\/wp\/v2\/users\/1"}],"replies":[{"embeddable":true,"href":"https:\/\/ermdigital.com\/index.php?rest_route=%2Fwp%2Fv2%2Fcomments&post=26216"}],"version-history":[{"count":0,"href":"https:\/\/ermdigital.com\/index.php?rest_route=\/wp\/v2\/posts\/26216\/revisions"}],"wp:featuredmedia":[{"embeddable":true,"href":"https:\/\/ermdigital.com\/index.php?rest_route=\/wp\/v2\/media\/26217"}],"wp:attachment":[{"href":"https:\/\/ermdigital.com\/index.php?rest_route=%2Fwp%2Fv2%2Fmedia&parent=26216"}],"wp:term":[{"taxonomy":"category","embeddable":true,"href":"https:\/\/ermdigital.com\/index.php?rest_route=%2Fwp%2Fv2%2Fcategories&post=26216"},{"taxonomy":"post_tag","embeddable":true,"href":"https:\/\/ermdigital.com\/index.php?rest_route=%2Fwp%2Fv2%2Ftags&post=26216"}],"curies":[{"name":"wp","href":"https:\/\/api.w.org\/{rel}","templated":true}]}}