{"id":26214,"date":"2026-04-29T18:11:53","date_gmt":"2026-04-29T22:11:53","guid":{"rendered":"https:\/\/ermdigital.com\/?p=26214"},"modified":"2026-04-29T18:11:53","modified_gmt":"2026-04-29T22:11:53","slug":"seis-presos-politicos-murieron-en-carceles-rusas-en-lo-que-va-de-2026","status":"publish","type":"post","link":"https:\/\/ermdigital.com\/?p=26214","title":{"rendered":"Seis presos pol\u00edticos murieron en c\u00e1rceles rusas en lo que va de 2026"},"content":{"rendered":"<p><strong>Al menos seis personas detenidas en Rusia por motivos pol\u00edticos murieron en prisi\u00f3n preventiva o en c\u00e1rceles de r\u00e9gimen ordinario entre enero y abril de 2026<\/strong>, seg\u00fan document\u00f3 el medio independiente ruso\u00a0<em>Meduza<\/em>. Los casos, distintos en perfil y acusaci\u00f3n, comparten un denominador: todos fueron procesados en el contexto de la guerra contra Ucrania, ya fuera por espionaje, por publicaciones en redes sociales o por carteles presuntamente colocados en un supermercado. Sus muertes ocurren en un momento en que, seg\u00fan OVD-Info,\u00a0m\u00e1s de 2.000 personas\u00a0permanecen encarceladas en Rusia por causas de motivaci\u00f3n pol\u00edtica.<\/p>\n<p><a href=\"https:\/\/www.infobae.com\/america\/mundo\/2026\/04\/29\/agobiada-por-la-guerra-en-ucrania-rusia-no-exhibira-material-militar-en-el-desfile-de-la-victoria\/\" target=\"_blank\" rel=\"noreferrer noopener\"><\/a>El primero en fallecer fue\u00a0<strong>Rom\u00e1n Sidorkin<\/strong>, de 52 a\u00f1os, ingresado en un hospital en Sar\u00e1tov el 5 de enero y muerto cuatro d\u00edas despu\u00e9s.\u00a0<strong>Condenado a 17 a\u00f1os por traici\u00f3n y sabotaje en 2023<\/strong>, recibi\u00f3 en 2025 otros 23 a\u00f1os adicionales por supuesto robo de material militar. Dotsenko muri\u00f3 el 19 de febrero: artista de San Petersburgo de 65 a\u00f1os, hab\u00eda sido condenado junto a su esposa a tres a\u00f1os de c\u00e1rcel por unos carteles con insultos al presidente Putin que las autoridades dijeron que hab\u00edan colocado en un supermercado. Lo llevaron al hospital el 12 de febrero tras sufrir un infarto; su esposa, tambi\u00e9n presa, no pudo asistir al funeral.<\/p>\n<p>En febrero muri\u00f3 tambi\u00e9n\u00a0<strong>Oleg Tirishkin<\/strong>, minero retirado y sindicalista de 64 a\u00f1os contrario a la guerra con Ucrania,\u00a0<strong>condenado por \u201cjustificaci\u00f3n del terrorismo\u201d a ra\u00edz de mensajes en redes sociales<\/strong>. En marzo falleci\u00f3\u00a0<strong>Vlad\u00edmir \u00d3sipov<\/strong>, de 56 a\u00f1os, conductor de metro detenido por publicaciones en Odnoklassniki; seg\u00fan sus familiares, fue golpeado en la detenci\u00f3n y nunca recibi\u00f3 atenci\u00f3n m\u00e9dica adecuada. El 8 de abril se suicid\u00f3 en prisi\u00f3n preventiva\u00a0<strong>Andr\u00e9i Akuzin<\/strong>, artista de 53 a\u00f1os arrestado el d\u00eda anterior por un comentario en redes sociales. Y el 17 de abril muri\u00f3 en la colonia penal n\u00famero 2 de\u00a0<strong>Vor\u00f3nezh Dmitri Kuznetsov<\/strong>, bloguero de 43 a\u00f1os conocido como\u00a0<strong>Khristolyub Bozhiy<\/strong>, predicador pacifista condenado por \u201crehabilitaci\u00f3n del nazismo\u201d y \u201cofensa a los sentimientos religiosos\u201d por videos en YouTube. Fue hallado colgado en su celda; su padre rechaza la versi\u00f3n oficial del suicidio.<\/p>\n<h5 class=\"wp-block-heading\"><strong>Recomendamos leer: <a href=\"https:\/\/deultimominuto.net\/internacionales\/tras-el-terremoto-en-rusia-chile-evacuo-a-mas-de-un-millon-de-personas-de-la-costa-por-el-riesgo-de-tsunami\/\">Tras el terremoto en Rusia, Chile evacu\u00f3 a m\u00e1s de un mill\u00f3n de personas de la costa por el riesgo de tsunami<\/a><\/strong><\/h5>\n<p><a href=\"https:\/\/www.infobae.com\/america\/mundo\/2026\/04\/28\/un-ataque-ucraniano-desato-un-gran-incendio-en-la-refineria-de-tuapse-y-desencadeno-la-represalia-rusa-sobre-kiev\/\" target=\"_blank\" rel=\"noreferrer noopener\"><\/a>Las muertes en custodia de presos pol\u00edticos no son nuevas en Rusia, pero han adquirido mayor visibilidad desde el\u00a0<strong>fallecimiento de Alex\u00e9i Navalny<\/strong>\u00a0el 16 de febrero de 2024 en la colonia penitenciaria IK-3, en Kharp, a 60 kil\u00f3metros del C\u00edrculo Polar \u00c1rtico. El principal l\u00edder opositor ruso cumpl\u00eda una condena de 19 a\u00f1os cuando muri\u00f3. En febrero de 2026, el Reino Unido, Francia, Alemania, Suecia y los Pa\u00edses Bajos afirmaron en un comunicado conjunto que<strong>Navalny fue envenenado con epibatidina<\/strong>, una toxina sint\u00e9tica, bas\u00e1ndose en an\u00e1lisis de muestras de su cuerpo. El Kremlin rechaz\u00f3 la acusaci\u00f3n. Durante su detenci\u00f3n, Navalny acumul\u00f3 295 d\u00edas en celdas de aislamiento de castigo, pr\u00e1ctica que el Tribunal Europeo de Derechos Humanos ha calificado de tortura.<\/p>\n<p>El precedente m\u00e1s citado antes de Navalny es el del abogado Sergu\u00e9i Magnitski, que\u00a0<strong>en 2008 denunci\u00f3 un fraude de 230 millones de d\u00f3lares vinculado a funcionarios corruptos y fue arrestado como represalia<\/strong>. Muri\u00f3 el 16 de noviembre de 2009 en una prisi\u00f3n de Mosc\u00fa, ocho d\u00edas antes de que venciera el plazo legal m\u00e1ximo de detenci\u00f3n sin juicio. El Tribunal Europeo de Derechos Humanos determin\u00f3 en 2019 que recibi\u00f3 un trato inhumano y que las autoridades pusieron su vida en riesgo al negarle atenci\u00f3n m\u00e9dica.<\/p>\n<p><a href=\"https:\/\/www.infobae.com\/america\/mundo\/2026\/04\/28\/la-industria-petrolera-de-iran-al-borde-del-colapso-almacena-petroleo-en-tanques-abandonados-y-busca-enviar-crudo-por-tren-a-china\/\" target=\"_blank\" rel=\"noreferrer noopener\"><\/a>Desde la\u00a0<strong>invasi\u00f3n de Ucrania<\/strong>\u00a0en febrero de 2022, la represi\u00f3n pol\u00edtica en Rusia no ha dejado de crecer. Seg\u00fan el grupo Rus Sidyashchaya,<strong>\u00a0al menos 43 presos pol\u00edticos murieron en custodia entre 2022 y 2026<\/strong>, aunque la organizaci\u00f3n advierte que la cifra real es probablemente mayor. Human Rights Watch document\u00f3 que hasta septiembre de 2025<strong>\u00a0al menos 1.299 personas enfrentaron procesos penales por oponerse a la guerra<\/strong>. OVD-Info registra m\u00e1s de 4.600 personas bajo persecuci\u00f3n penal de motivaci\u00f3n pol\u00edtica, de las cuales m\u00e1s de 2.000 se encuentran en prisi\u00f3n.<\/p>\n<p>\u200bAl menos seis personas detenidas en Rusia por motivos pol\u00edticos murieron en prisi\u00f3n preventiva o en c\u00e1rceles de r\u00e9gimen ordinario entre enero y abril de 2026, seg\u00fan document\u00f3 el medio independiente ruso\u00a0Meduza. Los casos, distintos en perfil y acusaci\u00f3n, comparten un denominador: todos fueron procesados en el contexto de la guerra contra Ucrania, ya fuera\u00a0\u00a0Internacionales, Rom\u00e1n Sidorkin, Rusia\u00a0\u00a0<\/p>\n","protected":false},"excerpt":{"rendered":"<p>Al menos seis personas detenidas en Rusia por motivos pol\u00edticos murieron en prisi\u00f3n preventiva o en c\u00e1rceles de r\u00e9gimen ordinario entre enero y abril de 2026, seg\u00fan document\u00f3 el medio independiente ruso\u00a0Meduza. Los casos, distintos en perfil y acusaci\u00f3n, comparten un denominador: todos fueron procesados en el contexto de la guerra contra Ucrania, ya fuera [&hellip;]<\/p>\n","protected":false},"author":1,"featured_media":26215,"comment_status":"open","ping_status":"open","sticky":false,"template":"","format":"standard","meta":{"amp_status":"","footnotes":""},"categories":[3],"tags":[],"class_list":["post-26214","post","type-post","status-publish","format-standard","has-post-thumbnail","hentry","category-de-ultimo-minuto"],"_links":{"self":[{"href":"https:\/\/ermdigital.com\/index.php?rest_route=\/wp\/v2\/posts\/26214","targetHints":{"allow":["GET"]}}],"collection":[{"href":"https:\/\/ermdigital.com\/index.php?rest_route=\/wp\/v2\/posts"}],"about":[{"href":"https:\/\/ermdigital.com\/index.php?rest_route=\/wp\/v2\/types\/post"}],"author":[{"embeddable":true,"href":"https:\/\/ermdigital.com\/index.php?rest_route=\/wp\/v2\/users\/1"}],"replies":[{"embeddable":true,"href":"https:\/\/ermdigital.com\/index.php?rest_route=%2Fwp%2Fv2%2Fcomments&post=26214"}],"version-history":[{"count":0,"href":"https:\/\/ermdigital.com\/index.php?rest_route=\/wp\/v2\/posts\/26214\/revisions"}],"wp:featuredmedia":[{"embeddable":true,"href":"https:\/\/ermdigital.com\/index.php?rest_route=\/wp\/v2\/media\/26215"}],"wp:attachment":[{"href":"https:\/\/ermdigital.com\/index.php?rest_route=%2Fwp%2Fv2%2Fmedia&parent=26214"}],"wp:term":[{"taxonomy":"category","embeddable":true,"href":"https:\/\/ermdigital.com\/index.php?rest_route=%2Fwp%2Fv2%2Fcategories&post=26214"},{"taxonomy":"post_tag","embeddable":true,"href":"https:\/\/ermdigital.com\/index.php?rest_route=%2Fwp%2Fv2%2Ftags&post=26214"}],"curies":[{"name":"wp","href":"https:\/\/api.w.org\/{rel}","templated":true}]}}