{"id":26211,"date":"2026-04-29T18:17:36","date_gmt":"2026-04-29T22:17:36","guid":{"rendered":"https:\/\/ermdigital.com\/?p=26211"},"modified":"2026-04-29T18:17:36","modified_gmt":"2026-04-29T22:17:36","slug":"ministro-andres-bautista-juramenta-a-carlos-alessandry-roa-howley-como-director-ejecutivo-del-plan-san-juan-2","status":"publish","type":"post","link":"https:\/\/ermdigital.com\/?p=26211","title":{"rendered":"Ministro Andr\u00e9s Bautista juramenta a Carlos Alessandry Roa Howley como director ejecutivo del Plan San Juan"},"content":{"rendered":"<p><strong>Santo\u00a0Domingo.<\/strong>&#8211;\u00a0El ministro administrativo de la Presidencia,\u00a0<strong>Andr\u00e9s Bautista,<\/strong>\u00a0<a href=\"https:\/\/deultimominuto.net\/nacionales\/rodolfo-santos-denuncia-supuesta-campana-de-descredito-contra-andres-bautista-por-licitacion-de-camiones\/\">jurament\u00f3<\/a> este mi\u00e9rcoles a\u00a0<strong>Carlos\u00a0Alessandry\u00a0Roa\u00a0Howley<\/strong>\u00a0como\u00a0<strong>director ejecutivo<\/strong>\u00a0para el Desarrollo Econ\u00f3mico de la provincia San Juan, iniciativa denominada\u00a0<strong>Plan San Juan.<\/strong>\u00a0<\/p>\n<p>Durante un breve acto de juramentaci\u00f3n en su despacho, Bautista resalt\u00f3 la confianza depositada en Roa\u00a0Howley\u00a0para asumir sus nuevas atribuciones en favor del\u00a0<strong>desarrollo de la provincia de San Juan<\/strong>\u00a0y de la regi\u00f3n Sur.\u00a0<\/p>\n<p><em>\u201cLe deseo el mayor de los \u00e9xitos y sabemos que usted har\u00e1 todo el esfuerzo con transparencia y eficiencia para el beneficio de San Juan y toda la regi\u00f3n\u201d,<\/em>\u00a0expres\u00f3.\u00a0<\/p>\n<p>De su lado, Roa\u00a0Howley\u00a0se comprometi\u00f3 a trabajar desde la Direcci\u00f3n de la Comisi\u00f3n en favor de las acciones orientadas al\u00a0<strong>desarrollo integral econ\u00f3mico y social<\/strong>\u00a0de los residentes de San Juan, sus comunidades y zonas aleda\u00f1as.\u00a0<\/p>\n<h5 class=\"wp-block-heading\"><strong>Recomendamos leer:<a href=\"https:\/\/deultimominuto.net\/nacionales\/presidente-abinader-ordena-ampliacion-a-4-carriles-de-la-autopista-ramon-caceres-por-peticion-del-ministro-andres-bautista\/\">Presidente Abinader ordena ampliaci\u00f3n a 4 carriles de la autopista Ram\u00f3n C\u00e1ceres por petici\u00f3n del ministro Andr\u00e9s Bautista<\/a><\/strong><\/h5>\n<p>La designaci\u00f3n fue realizada mediante el\u00a0<strong>Decreto n\u00famero 285-26<\/strong>, emitido por el\u00a0<strong>presidente Luis\u00a0<\/strong><strong>Abinader<\/strong>.\u00a0<\/p>\n<p><strong>Sobre la comisi\u00f3n<\/strong>\u00a0<\/p>\n<p>La Direcci\u00f3n Ejecutiva de la Comisi\u00f3n del Plan San Juan tendr\u00e1 como responsabilidad realizar las\u00a0<strong>coordinaciones t\u00e9cnicas<\/strong>\u00a0necesarias para que los proyectos aprobados se ejecuten dentro del cronograma establecido.\u00a0<\/p>\n<p>Adem\u00e1s, tendr\u00e1 a su cargo la\u00a0<strong>administraci\u00f3n de los fondos asignados<\/strong>\u00a0para la ejecuci\u00f3n de las acciones y actividades aprobadas, as\u00ed como la coordinaci\u00f3n en la formulaci\u00f3n de pol\u00edticas derivadas del Plan San Juan, incluyendo la definici\u00f3n y ejecuci\u00f3n\u00a0<strong>de iniciativas, programas y proyectos\u00a0<\/strong>necesarios para alcanzar los resultados<a href=\"https:\/\/www.presidencia.gob.do\/noticias\/ministro-andres-bautista-juramenta-carlos-alessandry-roa-howley-como-director-ejecutivo\" target=\"_blank\" rel=\"noopener\"> esperados.<\/a>\u00a0<\/p>\n<p>\u200bSanto\u00a0Domingo.-\u00a0El ministro administrativo de la Presidencia,\u00a0Andr\u00e9s Bautista,\u00a0jurament\u00f3 este mi\u00e9rcoles a\u00a0Carlos\u00a0Alessandry\u00a0Roa\u00a0Howley\u00a0como\u00a0director ejecutivo\u00a0para el Desarrollo Econ\u00f3mico de la provincia San Juan, iniciativa denominada\u00a0Plan San Juan.\u00a0 Durante un breve acto de juramentaci\u00f3n en su despacho, Bautista resalt\u00f3 la confianza depositada en Roa\u00a0Howley\u00a0para asumir sus nuevas atribuciones en favor del\u00a0desarrollo de la provincia de San Juan\u00a0y de la regi\u00f3n\u00a0\u00a0Nacionales, Andr\u00e9s Bautista, Carlos\u00a0Alessandry\u00a0Roa\u00a0Howley\u00a0\u00a0<\/p>\n","protected":false},"excerpt":{"rendered":"<p>Santo\u00a0Domingo.&#8211;\u00a0El ministro administrativo de la Presidencia,\u00a0Andr\u00e9s Bautista,\u00a0jurament\u00f3 este mi\u00e9rcoles a\u00a0Carlos\u00a0Alessandry\u00a0Roa\u00a0Howley\u00a0como\u00a0director ejecutivo\u00a0para el Desarrollo Econ\u00f3mico de la provincia San Juan, iniciativa denominada\u00a0Plan San Juan.\u00a0 Durante un breve acto de juramentaci\u00f3n en su despacho, Bautista resalt\u00f3 la confianza depositada en Roa\u00a0Howley\u00a0para asumir sus nuevas atribuciones en favor del\u00a0desarrollo de la provincia de San Juan\u00a0y de la regi\u00f3n [&hellip;]<\/p>\n","protected":false},"author":1,"featured_media":26181,"comment_status":"open","ping_status":"open","sticky":false,"template":"","format":"standard","meta":{"amp_status":"","footnotes":""},"categories":[3],"tags":[],"class_list":["post-26211","post","type-post","status-publish","format-standard","has-post-thumbnail","hentry","category-de-ultimo-minuto"],"_links":{"self":[{"href":"https:\/\/ermdigital.com\/index.php?rest_route=\/wp\/v2\/posts\/26211","targetHints":{"allow":["GET"]}}],"collection":[{"href":"https:\/\/ermdigital.com\/index.php?rest_route=\/wp\/v2\/posts"}],"about":[{"href":"https:\/\/ermdigital.com\/index.php?rest_route=\/wp\/v2\/types\/post"}],"author":[{"embeddable":true,"href":"https:\/\/ermdigital.com\/index.php?rest_route=\/wp\/v2\/users\/1"}],"replies":[{"embeddable":true,"href":"https:\/\/ermdigital.com\/index.php?rest_route=%2Fwp%2Fv2%2Fcomments&post=26211"}],"version-history":[{"count":0,"href":"https:\/\/ermdigital.com\/index.php?rest_route=\/wp\/v2\/posts\/26211\/revisions"}],"wp:featuredmedia":[{"embeddable":true,"href":"https:\/\/ermdigital.com\/index.php?rest_route=\/wp\/v2\/media\/26181"}],"wp:attachment":[{"href":"https:\/\/ermdigital.com\/index.php?rest_route=%2Fwp%2Fv2%2Fmedia&parent=26211"}],"wp:term":[{"taxonomy":"category","embeddable":true,"href":"https:\/\/ermdigital.com\/index.php?rest_route=%2Fwp%2Fv2%2Fcategories&post=26211"},{"taxonomy":"post_tag","embeddable":true,"href":"https:\/\/ermdigital.com\/index.php?rest_route=%2Fwp%2Fv2%2Ftags&post=26211"}],"curies":[{"name":"wp","href":"https:\/\/api.w.org\/{rel}","templated":true}]}}