{"id":26204,"date":"2026-04-29T17:23:22","date_gmt":"2026-04-29T21:23:22","guid":{"rendered":"https:\/\/ermdigital.com\/?p=26204"},"modified":"2026-04-29T17:23:22","modified_gmt":"2026-04-29T21:23:22","slug":"adp-e-ideice-firman-convenio-de-cooperacion-para-fortalecer-la-investigacion","status":"publish","type":"post","link":"https:\/\/ermdigital.com\/?p=26204","title":{"rendered":"ADP e Ideice firman convenio de cooperaci\u00f3n para fortalecer la investigaci\u00f3n\u00a0"},"content":{"rendered":"<p>&lt;![CDATA[<\/p>\n<p>La Asociaci\u00f3n Dominicana de Profesores (<b>ADP<\/b>) y el Instituto Dominicano de Evaluaci\u00f3n e Investigaci\u00f3n de la Calidad Educativa (<b>Ideice<\/b>) firmaron un convenio de cooperaci\u00f3n interinstitucional con el objetivo de fortalecer los lazos de colaboraci\u00f3n en investigaci\u00f3n.<\/p>\n<p><a href=\"https:\/\/listindiario.com\/la-republica\/educacion\/20260429\/adp-e-ideice-firman-convenio-cooperacion-fortalecer-investigacion_903737.html\">wf_cms.rss.read_more<\/a><\/p>\n<p>]]&gt;<\/p>\n<p>\u200bEl presidente de la ADP, Eduardo Hidalgo, destac\u00f3 que este acuerdo es de suma importancia para su \u201cObservatorio Rafael Santos\u201d.\u00a0\u00a0Educaci\u00f3n\u00a0<\/p>\n","protected":false},"excerpt":{"rendered":"<p>&lt;![CDATA[ La Asociaci\u00f3n Dominicana de Profesores (ADP) y el Instituto Dominicano de Evaluaci\u00f3n e Investigaci\u00f3n de la Calidad Educativa (Ideice) firmaron un convenio de cooperaci\u00f3n interinstitucional con el objetivo de fortalecer los lazos de colaboraci\u00f3n en investigaci\u00f3n. wf_cms.rss.read_more ]]&gt; \u200bEl presidente de la ADP, Eduardo Hidalgo, destac\u00f3 que este acuerdo es de suma importancia para [&hellip;]<\/p>\n","protected":false},"author":1,"featured_media":26205,"comment_status":"open","ping_status":"open","sticky":false,"template":"","format":"standard","meta":{"amp_status":"","footnotes":""},"categories":[5],"tags":[],"class_list":["post-26204","post","type-post","status-publish","format-standard","has-post-thumbnail","hentry","category-politica"],"_links":{"self":[{"href":"https:\/\/ermdigital.com\/index.php?rest_route=\/wp\/v2\/posts\/26204","targetHints":{"allow":["GET"]}}],"collection":[{"href":"https:\/\/ermdigital.com\/index.php?rest_route=\/wp\/v2\/posts"}],"about":[{"href":"https:\/\/ermdigital.com\/index.php?rest_route=\/wp\/v2\/types\/post"}],"author":[{"embeddable":true,"href":"https:\/\/ermdigital.com\/index.php?rest_route=\/wp\/v2\/users\/1"}],"replies":[{"embeddable":true,"href":"https:\/\/ermdigital.com\/index.php?rest_route=%2Fwp%2Fv2%2Fcomments&post=26204"}],"version-history":[{"count":0,"href":"https:\/\/ermdigital.com\/index.php?rest_route=\/wp\/v2\/posts\/26204\/revisions"}],"wp:featuredmedia":[{"embeddable":true,"href":"https:\/\/ermdigital.com\/index.php?rest_route=\/wp\/v2\/media\/26205"}],"wp:attachment":[{"href":"https:\/\/ermdigital.com\/index.php?rest_route=%2Fwp%2Fv2%2Fmedia&parent=26204"}],"wp:term":[{"taxonomy":"category","embeddable":true,"href":"https:\/\/ermdigital.com\/index.php?rest_route=%2Fwp%2Fv2%2Fcategories&post=26204"},{"taxonomy":"post_tag","embeddable":true,"href":"https:\/\/ermdigital.com\/index.php?rest_route=%2Fwp%2Fv2%2Ftags&post=26204"}],"curies":[{"name":"wp","href":"https:\/\/api.w.org\/{rel}","templated":true}]}}