{"id":26198,"date":"2026-04-29T16:41:07","date_gmt":"2026-04-29T20:41:07","guid":{"rendered":"https:\/\/ermdigital.com\/?p=26198"},"modified":"2026-04-29T16:41:07","modified_gmt":"2026-04-29T20:41:07","slug":"bruselas-acusa-a-meta-de-no-impedir-el-acceso-a-facebook-e-instagram-a-menores-de-13-anos","status":"publish","type":"post","link":"https:\/\/ermdigital.com\/?p=26198","title":{"rendered":"Bruselas acusa a Meta de no impedir el acceso a Facebook e Instagram a menores de 13 a\u00f1os"},"content":{"rendered":"<p><strong>Bruselas .- <\/strong>La Comisi\u00f3n Europea acus\u00f3 este mi\u00e9rcoles a la tecnol\u00f3gica estadounidense Meta de incumplir la ley de servicios digitales (DSA) de la Uni\u00f3n Europea por no impedir que los menores de 13 a\u00f1os accedan a Facebook e Instagram.<\/p>\n<p>Por eso, oblig\u00f3 a ambas redes sociales a \u00abreforzar sus medidas\u00a0para prevenir, detectar y eliminar (las cuentas) a menores de 13 a\u00f1os\u00bb,\u00a0<a href=\"https:\/\/ec.europa.eu\/commission\/presscorner\/detail\/en\/ip_26_920\" target=\"_blank\" rel=\"noopener\">seg\u00fan inform\u00f3 el Ejecutivo comunitario en un comunicado<\/a>, y de no hacerlo, podr\u00eda enfrentarse a una\u00a0multa de hasta el 6 % de su facturaci\u00f3n anual.<\/p>\n<p>La Comisi\u00f3n se\u00f1al\u00f3 que pese a que los propios t\u00e9rminos y condiciones de Meta establecen que los menores de 13 a\u00f1os no pueden abrirse una cuenta en sus redes sociales, las medidas que lleva a cabo la plataforma para evaluar la edad de sus usuarios \u00abno parecen ser efectivas\u00bb.<\/p>\n<h3 class=\"wp-block-heading\">Controles efectivos para verificar la edad<\/h3>\n<p>En concreto, Bruselas asegur\u00f3 que\u00a0<strong>los usuarios pueden mentir sobre su edad<\/strong>\u00a0al abrirse una cuenta, diciendo que tienen al menos 13 a\u00f1os, sin que existan \u00abcontroles efectivos para verificar la veracidad de la fecha de nacimiento\u00bb.<\/p>\n<p>El Ejecutivo comunitario afirm\u00f3 tambi\u00e9n que la\u00a0herramienta de Meta para advertir de la presencia de menores de 13 a\u00f1os en sus redes sociales \u00abes dif\u00edcil de usar\u00a0y poco efectiva\u00bb, ya que hay que clicar hasta 7 veces para acceder al formulario de denuncia.<\/p>\n<p>E incluso cuando se ha advertido a la compa\u00f1\u00eda de que un menor de 13 a\u00f1os se ha abierto una cuenta, \u00aba menudo no se realiza un seguimiento adecuado y el menor denunciado puede simplemente seguir utilizando el servicio sin ning\u00fan tipo de control\u00bb, exponi\u00e9ndole a \u00abcontenido inapropiado para su edad\u00bb.<\/p>\n<h4 class=\"wp-block-heading\"><strong>Recomendamos leer:<a href=\"https:\/\/deultimominuto.net\/enlaces\/\" data-type=\"page\" data-id=\"491852\"> Meta despedir\u00e1 al 10 % de su plantilla el 20 de mayo, unos 8.000 empleados<\/a><\/strong><a href=\"https:\/\/deultimominuto.net\/category\/tecnologia\/\"><\/a><\/h4>\n<p>Bruselas dijo que el an\u00e1lisis que hace Meta sobre el riesgo que suponen sus redes sociales es \u00abincompleto y arbitrario\u00bb y contradice \u00abuna gran cantidad de evidencias\u00bb en la UE que indican que\u00a0entre el 10 y el 12 % de los menores de 13 a\u00f1os acceden a Facebook e Instagram.<\/p>\n<h3 class=\"wp-block-heading\">Varios pa\u00edses legislan al respecto<\/h3>\n<p>La conclusi\u00f3n de la Comisi\u00f3n llega en pleno debate sobre la\u00a0necesidad de establecer una edad m\u00ednima en la UE\u00a0para acceder a las redes sociales y cuando\u00a0varios pa\u00edses ya han aprobado legislaci\u00f3n al respecto: Francia, Italia, Dinamarca y Grecia las han prohibido a los menores de 15 a\u00f1os y Espa\u00f1a, a los de 16.<\/p>\n<p>En este contexto, el Ejecutivo comunitario asegur\u00f3 este mismo mes que la aplicaci\u00f3n m\u00f3vil que ha desarrollado para verificar la edad de los usuarios, garantizando completamente su privacidad, ya est\u00e1 \u00abt\u00e9cnicamente preparada\u00bb para poderse usar.<\/p>\n<p>La aplicaci\u00f3n, no obstante, no es obligatoria, sino que es una herramienta que Bruselas pone a disposici\u00f3n de las plataformas para cumplir con la ley de servicios digitales, que les obliga a<strong><a href=\"https:\/\/efe.com\/euro-efe\/2026-04-15\/ue-menores-3\/\" target=\"_blank\" rel=\"noreferrer noopener\">\u00a0proteger de manera especial a los menores.<\/a><\/strong><\/p>\n<p>El Ejecutivo comunitario aspira a que los veintisiete pa\u00edses del bloque y las plataformas empleen esta aplicaci\u00f3n para lograr un uso armonizado en toda la UE, aunque las tecnol\u00f3gicas podr\u00e1n acabar utilizando sus propios sistemas de verificaci\u00f3n de edad.\u00a0<\/p>\n<h4 class=\"wp-block-heading\">Meta defiende su medidas<\/h4>\n<figure class=\"wp-block-image\"><img decoding=\"async\" src=\"https:\/\/i0.wp.com\/efe.com\/wp-content\/uploads\/2026\/04\/EA3204-USA-TECH-CEOS.webp?resize=900%2C599&amp;ssl=1\" alt=\"Bruselas acusa a Meta de no impedir el acceso a Facebook e Instagram a menores de 13 a\u00f1os - Noticias de hoy en Rep\u00fablica Dominicana | De \u00daltimo Minuto\" class=\"wp-image-2643972\" title=\"Bruselas acusa a Meta de no impedir el acceso a Facebook e Instagram a menores de 13 a\u00f1os | 2 |\"><figcaption class=\"wp-element-caption\">El CEO de Meta, Mark Zuckerberg, en una foto de archivo. EFE\/EPA\/WILL OLIVER<\/figcaption><\/figure>\n<p>Por su parte, Meta rechaz\u00f3 las alegaciones de la Comisi\u00f3n, porque seg\u00fan dijo un portavoz a EFE,\u00a0Facebook e Instagram especifican que solo son aptas para usuarios a partir de 13 a\u00f1os\u00a0y, en este sentido, afirm\u00f3 que\u00a0la empresa tiene \u00abmedidas\u00a0para detectar y eliminar las cuentas de cualquier persona por debajo de esa edad\u00bb.<\/p>\n<p>\u00abComprender la edad es un desaf\u00edo para todo el sector, que requiere una soluci\u00f3n integral, y seguiremos colaborando de forma constructiva con la Comisi\u00f3n Europea en este tema importante\u00bb, continu\u00f3 el portavoz, quien asegur\u00f3 que Meta presentar\u00e1 la semana que viene \u00abm\u00e1s informaci\u00f3n sobre las medidas adicionales que se implementar\u00e1n\u00bb en este \u00e1mbito.<\/p>\n<p>La tecnol\u00f3gica tiene ahora la oportunidad de\u00a0presentar sus alegaciones a la Comisi\u00f3n Europea, pero si a Bruselas no le convencen las explicaciones y no lleva a cabo los cambios que le pide, podr\u00e1 multarla por incumplir la ley de servicios digitales.<\/p>\n<p>\u200bBruselas .- La Comisi\u00f3n Europea acus\u00f3 este mi\u00e9rcoles a la tecnol\u00f3gica estadounidense Meta de incumplir la ley de servicios digitales (DSA) de la Uni\u00f3n Europea por no impedir que los menores de 13 a\u00f1os accedan a Facebook e Instagram. Por eso, oblig\u00f3 a ambas redes sociales a \u00abreforzar sus medidas\u00a0para prevenir, detectar y eliminar (las\u00a0\u00a0Tecnolog\u00eda, Facebook e Instagram, meta\u00a0\u00a0<\/p>\n","protected":false},"excerpt":{"rendered":"<p>Bruselas .- La Comisi\u00f3n Europea acus\u00f3 este mi\u00e9rcoles a la tecnol\u00f3gica estadounidense Meta de incumplir la ley de servicios digitales (DSA) de la Uni\u00f3n Europea por no impedir que los menores de 13 a\u00f1os accedan a Facebook e Instagram. Por eso, oblig\u00f3 a ambas redes sociales a \u00abreforzar sus medidas\u00a0para prevenir, detectar y eliminar (las [&hellip;]<\/p>\n","protected":false},"author":1,"featured_media":26199,"comment_status":"open","ping_status":"open","sticky":false,"template":"","format":"standard","meta":{"amp_status":"","footnotes":""},"categories":[3],"tags":[],"class_list":["post-26198","post","type-post","status-publish","format-standard","has-post-thumbnail","hentry","category-de-ultimo-minuto"],"_links":{"self":[{"href":"https:\/\/ermdigital.com\/index.php?rest_route=\/wp\/v2\/posts\/26198","targetHints":{"allow":["GET"]}}],"collection":[{"href":"https:\/\/ermdigital.com\/index.php?rest_route=\/wp\/v2\/posts"}],"about":[{"href":"https:\/\/ermdigital.com\/index.php?rest_route=\/wp\/v2\/types\/post"}],"author":[{"embeddable":true,"href":"https:\/\/ermdigital.com\/index.php?rest_route=\/wp\/v2\/users\/1"}],"replies":[{"embeddable":true,"href":"https:\/\/ermdigital.com\/index.php?rest_route=%2Fwp%2Fv2%2Fcomments&post=26198"}],"version-history":[{"count":0,"href":"https:\/\/ermdigital.com\/index.php?rest_route=\/wp\/v2\/posts\/26198\/revisions"}],"wp:featuredmedia":[{"embeddable":true,"href":"https:\/\/ermdigital.com\/index.php?rest_route=\/wp\/v2\/media\/26199"}],"wp:attachment":[{"href":"https:\/\/ermdigital.com\/index.php?rest_route=%2Fwp%2Fv2%2Fmedia&parent=26198"}],"wp:term":[{"taxonomy":"category","embeddable":true,"href":"https:\/\/ermdigital.com\/index.php?rest_route=%2Fwp%2Fv2%2Fcategories&post=26198"},{"taxonomy":"post_tag","embeddable":true,"href":"https:\/\/ermdigital.com\/index.php?rest_route=%2Fwp%2Fv2%2Ftags&post=26198"}],"curies":[{"name":"wp","href":"https:\/\/api.w.org\/{rel}","templated":true}]}}