{"id":26184,"date":"2026-04-29T17:21:53","date_gmt":"2026-04-29T21:21:53","guid":{"rendered":"https:\/\/ermdigital.com\/?p=26184"},"modified":"2026-04-29T17:21:53","modified_gmt":"2026-04-29T21:21:53","slug":"mlb-medias-rojas-colocan-al-as-crochet-en-la-lista-de-lesionados","status":"publish","type":"post","link":"https:\/\/ermdigital.com\/?p=26184","title":{"rendered":"MLB:  Medias Rojas colocan al as Crochet en la lista de lesionados"},"content":{"rendered":"<p>\u00a0\u00a0<\/p>\n<p data-path-to-node=\"2\">Los <strong>golpes no dejan<\/strong> de llegar para los <strong>Medias Rojas<\/strong> en este inicio de la temporada 2026.<\/p>\n<p>Mientras ya se encuentran adapt\u00e1ndose a la vida bajo el <strong>manager interino Chad Tracy<\/strong>, <strong>Boston perdi\u00f3<\/strong> a su as Garrett <strong>Crochet<\/strong>, quien fue enviado a la <strong>lista de lesionados<\/strong> de 15 d\u00edas este mi\u00e9rcoles debido a una inflamaci\u00f3n en el hombro izquierdo. <\/p>\n<p>El movimiento es retroactivo al domingo; para ocupar el lugar de <strong>Crochet<\/strong> en el roster de 26 jugadores, el equipo convoc\u00f3 desde <strong>Triple-A<\/strong> <strong>Worcester<\/strong> al utility <strong>Nate Eaton<\/strong>.<\/p>\n<p>\"Fue solo algo de fatiga que sent\u00ed en mi <strong>\u00faltima apertura<\/strong>\", coment\u00f3 <strong>Crochet<\/strong> desde su casillero en el clubhouse de visitantes en el Rogers Centre. \"Pude batallar y terminar ese juego, pero tiene m\u00e1s sentido adelantarse a esto ahora para no tener que andar recuperando terreno el resto de la temporada\".<\/p>\n<p>La \u00faltima salida de <strong>Crochet<\/strong> fue el s\u00e1bado en <strong>Baltimore<\/strong>, donde entreg\u00f3 una de sus aperturas m\u00e1s s\u00f3lidas de 2026. El actual subcampe\u00f3n del Cy Young de la Liga Americana mantuvo a los Orioles sin carreras durante seis entradas, ponchando a siete bateadores.<\/p>\n<p>Esa actuaci\u00f3n fue el cap\u00edtulo m\u00e1s reciente de lo que ha sido una <strong>temporada irregular<\/strong> para <strong>Crochet<\/strong>. <\/p>\n<p>En seis aperturas, tiene un r\u00e9cord de 3-3 con una efectividad de 6.30, 37 ponches y un WHIP de 1.47, n\u00fameros que se ven abultados por una presentaci\u00f3n de apenas 1 2\/3 entradas contra los Mellizos el 13 de abril, en la que permiti\u00f3 <strong>10 carreras limpias<\/strong>.<\/p>\n<p>\"Se trata de recuperar fuerza en el hombro y seguir cumpliendo con las <strong>etapas de recuperaci\u00f3n<\/strong>\", dijo <strong>Crochet<\/strong> cuando se le pregunt\u00f3 sobre los pr\u00f3ximos pasos. \"Al final del d\u00eda, siento que fue algo prevenible, pero durante el <strong>entrenamiento de primavera<\/strong> perd\u00ed fuerza y realmente nunca la recuper\u00e9 por completo\".<\/p>\n<p>El lanzador de 26 a\u00f1os se\u00f1al\u00f3 que una apertura que se salt\u00f3 durante la primavera pudo haber sido una se\u00f1al inicial de esa <strong>p\u00e9rdida de fuerza<\/strong>, pero se siente \"bastante confiado\" en que podr\u00e1 regresar una vez que se cumpla el plazo de 15 d\u00edas en la <strong>lista de lesionados<\/strong>.<\/p>\n<h2>Impacto de las lesiones en el pitcheo de los Medias Rojas<\/h2>\n<p>\"Creo que esa es la esperanza\", a\u00f1adi\u00f3 m\u00e1s tarde Tracy. \"Especialmente por el hecho de que ha podido seguir lanzando durante los \u00faltimos d\u00edas. La cuesti\u00f3n era m\u00e1s bien: '\u00bfSe va a recuperar de esto o va a persistir?'. Veremos c\u00f3mo responde, pero creo que todos nos sentimos confiados de que as\u00ed ser\u00e1\".<\/p>\n<p>Los <strong>Medias Rojas<\/strong> ya est\u00e1n operando sin una de sus adquisiciones clave de la temporada baja, <strong>Sonny Gray<\/strong>, quien est\u00e1 trabajando para regresar de una distensi\u00f3n en el tend\u00f3n de la corva derecha sufrida el <strong>20 de abril<\/strong>.<\/p>\n<p>La ausencia adicional de <strong>Crochet<\/strong> pondr\u00e1 a\u00fan m\u00e1s en duda los <strong>planes de pitcheo<\/strong> de Boston, especialmente considerando el impacto que el zurdo de 6 pies 6 pulgadas tuvo en su temporada de debut con los <strong>Medias Rojas<\/strong>, donde registr\u00f3 una efectividad de 2.59 en 205 1\/3 entradas y 32 aperturas.<\/p>\n<h2>Opciones y decisiones para la rotaci\u00f3n de Boston<\/h2>\n<p><strong>Crochet<\/strong> estaba programado para abrir el primer juego de la serie de Boston contra Houston este viernes, un puesto que los <strong>Medias Rojas<\/strong> han marcado como \"TBD\" (por determinar) por el momento.<\/p>\n<p><strong>Jake Bennett<\/strong>, quien ocupa el puesto n\u00famero 6 entre los prospectos de los <strong>Medias Rojas<\/strong> seg\u00fan <strong>MLB<\/strong> Pipeline, fue retirado de su apertura en <strong>Triple-A<\/strong> el martes, un movimiento que Tracy explic\u00f3 que ten\u00eda como fin mantener abiertas sus opciones.<\/p>\n<p>\"Obviamente, al no haber lanzado Bennett, es una opci\u00f3n\", dijo Tracy el mi\u00e9rcoles. \"Pero vamos a hablar de ello despu\u00e9s del partido de hoy, de cara a ma\u00f1ana, y decidiremos qu\u00e9 vamos a hacer. As\u00ed que a\u00fan no hemos decidido qui\u00e9n abrir\u00e1 el viernes\".<\/p>\n<p>Por su parte, Eaton se unir\u00e1 al club para el final de la serie del mi\u00e9rcoles contra los Azulejos tras un encendido comienzo en las menores. <\/p>\n<p>Eaton, de 29 a\u00f1os, promediaba .292\/.373\/.458 con tres jonrones y seis <strong>bases robadas<\/strong> en 27 partidos con <strong>Worcester<\/strong> en este inicio de 2026, tras una breve etapa con Boston la temporada pasada.<\/p>\n<p>En 41 juegos con los <strong>Medias Rojas<\/strong> en 2025, Eaton bate\u00f3 para .296 con un OPS de .731 y nueve <strong>bases robadas<\/strong>.<\/p>\n<div class=\"border-t border-b py-2 my-5 tags-container\"><strong>TEMAS &#8211; <\/strong><\/p>\n<ul>\n<li><\/li>\n<li>\n<div class=\"inline-block border p-2 rounded-full align-middle\">\n<p><a href=\"https:\/\/www.diariolibre.com\/tags\/grandes-ligas\/268\" title=\"Grandes Ligas\">Grandes Ligas<\/a><\/p>\n<\/div>\n<\/li>\n<li>\n<div class=\"inline-block border p-2 rounded-full align-middle\">\n<p><a href=\"https:\/\/www.diariolibre.com\/tags\/garret-crochet\/224549\" title=\"Garret Crochet\">Garret Crochet<\/a><\/p>\n<\/div>\n<\/li>\n<li>\n<div class=\"inline-block border p-2 rounded-full align-middle\">\n<p><a href=\"https:\/\/www.diariolibre.com\/tags\/medias-rojas-de-boston\/7091\" title=\"Medias Rojas de Boston\">Medias Rojas de Boston<\/a><\/p>\n<\/div>\n<\/li>\n<\/ul>\n<\/div>\n<p>\u00a0<\/p>\n","protected":false},"excerpt":{"rendered":"<p>\u00a0\u00a0 Los golpes no dejan de llegar para los Medias Rojas en este inicio de la temporada 2026. Mientras ya se encuentran adapt\u00e1ndose a la vida bajo el manager interino Chad Tracy, Boston perdi\u00f3 a su as Garrett Crochet, quien fue enviado a la lista de lesionados de 15 d\u00edas este mi\u00e9rcoles debido a una [&hellip;]<\/p>\n","protected":false},"author":1,"featured_media":26185,"comment_status":"open","ping_status":"open","sticky":false,"template":"","format":"standard","meta":{"amp_status":"","footnotes":""},"categories":[4],"tags":[],"class_list":["post-26184","post","type-post","status-publish","format-standard","has-post-thumbnail","hentry","category-deportes"],"_links":{"self":[{"href":"https:\/\/ermdigital.com\/index.php?rest_route=\/wp\/v2\/posts\/26184","targetHints":{"allow":["GET"]}}],"collection":[{"href":"https:\/\/ermdigital.com\/index.php?rest_route=\/wp\/v2\/posts"}],"about":[{"href":"https:\/\/ermdigital.com\/index.php?rest_route=\/wp\/v2\/types\/post"}],"author":[{"embeddable":true,"href":"https:\/\/ermdigital.com\/index.php?rest_route=\/wp\/v2\/users\/1"}],"replies":[{"embeddable":true,"href":"https:\/\/ermdigital.com\/index.php?rest_route=%2Fwp%2Fv2%2Fcomments&post=26184"}],"version-history":[{"count":0,"href":"https:\/\/ermdigital.com\/index.php?rest_route=\/wp\/v2\/posts\/26184\/revisions"}],"wp:featuredmedia":[{"embeddable":true,"href":"https:\/\/ermdigital.com\/index.php?rest_route=\/wp\/v2\/media\/26185"}],"wp:attachment":[{"href":"https:\/\/ermdigital.com\/index.php?rest_route=%2Fwp%2Fv2%2Fmedia&parent=26184"}],"wp:term":[{"taxonomy":"category","embeddable":true,"href":"https:\/\/ermdigital.com\/index.php?rest_route=%2Fwp%2Fv2%2Fcategories&post=26184"},{"taxonomy":"post_tag","embeddable":true,"href":"https:\/\/ermdigital.com\/index.php?rest_route=%2Fwp%2Fv2%2Ftags&post=26184"}],"curies":[{"name":"wp","href":"https:\/\/api.w.org\/{rel}","templated":true}]}}