{"id":26182,"date":"2026-04-29T14:42:00","date_gmt":"2026-04-29T18:42:00","guid":{"rendered":"https:\/\/ermdigital.com\/?p=26182"},"modified":"2026-04-29T14:42:00","modified_gmt":"2026-04-29T18:42:00","slug":"europa-en-2025-mas-renovables-y-mas-clima-extremo","status":"publish","type":"post","link":"https:\/\/ermdigital.com\/?p=26182","title":{"rendered":"Europa en 2025: m\u00e1s renovables y m\u00e1s clima extremo"},"content":{"rendered":"<p><a class=\"internal-link\" href=\"https:\/\/www.dw.com\/es\/europa\/t-18446109\">Europa<\/a>\u00a0sufri\u00f3 en 2025\u00a0temperaturas y clima extremos.\u00a0El continente vivi\u00f3 olas de calor sin precedentes, experiment\u00f3 su mayor incendio forestal y registr\u00f3 las temperaturas superficiales m\u00e1s altas de la historia.<\/p>\n<p>Estas son las conclusiones del informe europeo del Estado del Clima 2025, publicado anualmente por el Servicio de <a class=\"internal-link\" href=\"https:\/\/www.dw.com\/es\/cambio-clim%C3%A1tico\/t-17411706\">Cambio Clim\u00e1tico<\/a> Cop\u00e9rnico de la Uni\u00f3n Europea y la Organizaci\u00f3n Meteorol\u00f3gica Mundial.\u00a0<\/p>\n<p>\"El ritmo del cambio clim\u00e1tico exige una acci\u00f3n m\u00e1s urgente\", dijo Samantha Burgess, responsable estrat\u00e9gica para el clima en el Centro Europeo de Previsiones Meteorol\u00f3gicas a Mediano Plazo. \"Con el aumento de las temperaturas, las sequ\u00edas y los incendios forestales generalizados, la evidencia es inequ\u00edvoca: el cambio clim\u00e1tico no es una amenaza futura, es nuestra realidad presente\".<\/p>\n<p>Desde 2019, Europa ha vivido cinco de los diez a\u00f1os m\u00e1s calurosos desde que existen registros. Al menos el 95 por ciento\u00a0del continente\u00a0registr\u00f3 temperaturas anuales superiores a la media, con <a class=\"internal-link\" href=\"https:\/\/www.dw.com\/es\/reino-unido\/t-69560322\">Reino Unido<\/a>, Noruega e Islandia registrando cada uno su a\u00f1o m\u00e1s c\u00e1lido hasta la fecha. Varias olas de calor golpearon Europa, una de ellas que dur\u00f3 25 d\u00edas y afect\u00f3 a varios pa\u00edses. El norte tambi\u00e9n se vio afectado, <a class=\"internal-link\" href=\"https:\/\/www.dw.com\/es\/noruega\/t-37259702\">Noruega<\/a>, <a class=\"internal-link\" href=\"https:\/\/www.dw.com\/es\/suecia\/t-63109849\">Suecia<\/a> y <a class=\"internal-link\" href=\"https:\/\/www.dw.com\/es\/finlandia\/t-19521465\">Finlandia<\/a>\u00a0sufrieron\u00a0un evento de calor extremo que dur\u00f3 21 d\u00edas, una regi\u00f3n que no esperar\u00eda m\u00e1s de dos d\u00edas de estr\u00e9s t\u00e9rmico. Espa\u00f1a, por su parte, sufri\u00f3 su ola de calor m\u00e1s intensa desde al menos 1975.<\/p>\n<p>La tendencia no se limita a la tierra. Las temperaturas superficiales del mar en europea alcanzaron su media anual m\u00e1s alta registrada por cuarto a\u00f1o consecutivo. Esto causa severos\u00a0<a class=\"internal-link\" href=\"https:\/\/www.dw.com\/es\/prep%C3%A1rense-ya-cient%C3%ADficos-aceleran-las-alertas-sobre-el-colapso-de-una-corriente-oce%C3%A1nica-clave\/a-76912031\">da\u00f1os a la biodiversidad<\/a>, desequilibrando el ciclo alimenticio e incluso la muerte masiva de especies marinas. Las condiciones de calor intenso tambi\u00e9n conllevan un costo\u00a0humano real. Las muertes relacionadas con el calor en Europa alcanzaron casi 63.000 en 2024.<\/p>\n<p>Los investigadores descubrieron que la mortalidad relacionada con el calor ha aumentado un 100 por cien\u00a0en las regiones monitorizadas desde 2014, seg\u00fan Lancet Countdown, un informe anual que rastrea los impactos del cambio clim\u00e1tico en la salud. \"Europa se est\u00e1 calentando el doble de r\u00e1pido que la media mundial, con repercusiones de gran alcance en el bienestar socioecon\u00f3mico, en los ecosistemas y la biodiversidad\", afirm\u00f3 Celeste Saulo, secretaria general de la Organizaci\u00f3n Meteorol\u00f3gica Mundial.\u00a0\u00a0<\/p>\n<h2>Un mill\u00f3n de hect\u00e1reas ardieron en Europa\u00a0\u00a0<\/h2>\n<p>En mayo del 2025, m\u00e1s de la mitad del continente experiment\u00f3 distintos grados de sequ\u00eda. El a\u00f1o tambi\u00e9n registr\u00f3 las condiciones de humedad del suelo bajas, creando condiciones aumentan el riesgo de incendios forestales. <a class=\"internal-link\" href=\"https:\/\/www.dw.com\/es\/grecia\/t-17412387\">Grecia<\/a> fue testigo de uno de sus brotes de incendios forestales m\u00e1s graves en los \u00faltimos a\u00f1os, con 50 incendios en 24 horas.<\/p>\n<p>M\u00e1s de dos tercios de los r\u00edos europeos corr\u00edan por debajo de su caudal medio anual. Al mismo tiempo, las condiciones soleadas tambi\u00e9n fueron una bendici\u00f3n para la energ\u00eda solar, esencial para la transici\u00f3n desde los combustibles f\u00f3siles que calentan el planeta. Todos y cada uno de los pa\u00edses de la UE experimentaron crecimiento en sus redes solares en 2025.\u00a0<\/p>\n<figure class=\"placeholder-image master_landscape big\"><img decoding=\"async\" data-format=\"MASTER_LANDSCAPE\" data-id=\"73674024\" data-url=\"https:\/\/static.dw.com\/image\/73674024_$formatId.jpg\" data-aspect-ratio=\"16\/9\" alt=\"Bombero combate un incendio en Portugal.\" src=\"image\/gif;base64,R0lGODlhAQABAAAAACH5BAEKAAEALAAAAAABAAEAAAICTAEAOw==\" \/><figcaption class=\"img-caption\">Portugal, 14 de agosto de 2025: bombero frente a un incendio forestal.<small class=\"copyright\">Imagen: Patricia de Melo Moreira\/AFP<\/small><\/figcaption><\/figure>\n<h2>El deshielo hace subir el nivel del mar\u00a0<\/h2>\n<p>El aumento de la temperatura desencadena una serie de efectos en cascada, incluyendo el derretimiento de \u00e1reas que antes estaban congeladas.<\/p>\n<p>En marzo de 2025, Europa perdi\u00f3 una cobertura de nieve equivalente al tama\u00f1o combinado de <a class=\"internal-link\" href=\"https:\/\/www.dw.com\/es\/francia\/t-17412345\">Francia<\/a>, <a class=\"internal-link\" href=\"https:\/\/www.dw.com\/es\/italia\/t-17412658\">Italia<\/a>, <a class=\"internal-link\" href=\"https:\/\/www.dw.com\/es\/alemania\/t-17411625\">Alemania<\/a>, Suiza y <a class=\"internal-link\" href=\"https:\/\/www.dw.com\/es\/austria\/t-41761316\">Austria<\/a>. Las mayores p\u00e9rdidas fueron en Europa del Este.\u00a0<\/p>\n<figure class=\"placeholder-image master_landscape big\"><img decoding=\"async\" data-format=\"MASTER_LANDSCAPE\" data-id=\"76468457\" data-url=\"https:\/\/static.dw.com\/image\/76468457_$formatId.jpg\" data-aspect-ratio=\"16\/9\" alt=\"Gotas de agua caen de un glaciar.\" src=\"image\/gif;base64,R0lGODlhAQABAAAAACH5BAEKAAEALAAAAAABAAEAAAICTAEAOw==\" \/><figcaption class=\"img-caption\">Greenpeace documenta el deshielo de los glaciares.<small class=\"copyright\">Imagen: Nick Cobbing\/Greenpeace<\/small><\/figcaption><\/figure>\n<p>Los glaciares sufrieron en casi todas las regiones europeas, especialmente en Islandia, que registr\u00f3 su segunda mayor p\u00e9rdida anual desde 1976. Groenlandia desprendi\u00f3 alrededor de 139 gigatoneladas de hielo. En los \u00faltimos 50 a\u00f1os, la p\u00e9rdida de hielo en Groenlandia y la Ant\u00e1rtida ha provocado un aumento de tres cent\u00edmetros del nivel del mar. Cada cent\u00edmetro expone a unas 6 millones de personas vidiendo en las costas a inundaciones.\u00a0<\/p>\n<p>Los combustibles f\u00f3siles no solo han provocado estos fen\u00f3menos meteorol\u00f3gicos extremos. Tambi\u00e9n han demostrado ser una materia muy vol\u00e1til en tiempos de conflictos geopol\u00edticos. Europa ha invirtiendo en sus propias fuentes de energ\u00eda, con las renovables suministrando ahora casi la mitad de la electricidad del continente.\u00a0<\/p>\n<p>(er\/ms)<\/p>\n<p>\u00a0<\/p>\n","protected":false},"excerpt":{"rendered":"<p>Europa\u00a0sufri\u00f3 en 2025\u00a0temperaturas y clima extremos.\u00a0El continente vivi\u00f3 olas de calor sin precedentes, experiment\u00f3 su mayor incendio forestal y registr\u00f3 las temperaturas superficiales m\u00e1s altas de la historia. Estas son las conclusiones del informe europeo del Estado del Clima 2025, publicado anualmente por el Servicio de Cambio Clim\u00e1tico Cop\u00e9rnico de la Uni\u00f3n Europea y la [&hellip;]<\/p>\n","protected":false},"author":1,"featured_media":26183,"comment_status":"open","ping_status":"open","sticky":false,"template":"","format":"standard","meta":{"amp_status":"","footnotes":""},"categories":[6],"tags":[],"class_list":["post-26182","post","type-post","status-publish","format-standard","has-post-thumbnail","hentry","category-ciencia-y-tecnologia"],"_links":{"self":[{"href":"https:\/\/ermdigital.com\/index.php?rest_route=\/wp\/v2\/posts\/26182","targetHints":{"allow":["GET"]}}],"collection":[{"href":"https:\/\/ermdigital.com\/index.php?rest_route=\/wp\/v2\/posts"}],"about":[{"href":"https:\/\/ermdigital.com\/index.php?rest_route=\/wp\/v2\/types\/post"}],"author":[{"embeddable":true,"href":"https:\/\/ermdigital.com\/index.php?rest_route=\/wp\/v2\/users\/1"}],"replies":[{"embeddable":true,"href":"https:\/\/ermdigital.com\/index.php?rest_route=%2Fwp%2Fv2%2Fcomments&post=26182"}],"version-history":[{"count":0,"href":"https:\/\/ermdigital.com\/index.php?rest_route=\/wp\/v2\/posts\/26182\/revisions"}],"wp:featuredmedia":[{"embeddable":true,"href":"https:\/\/ermdigital.com\/index.php?rest_route=\/wp\/v2\/media\/26183"}],"wp:attachment":[{"href":"https:\/\/ermdigital.com\/index.php?rest_route=%2Fwp%2Fv2%2Fmedia&parent=26182"}],"wp:term":[{"taxonomy":"category","embeddable":true,"href":"https:\/\/ermdigital.com\/index.php?rest_route=%2Fwp%2Fv2%2Fcategories&post=26182"},{"taxonomy":"post_tag","embeddable":true,"href":"https:\/\/ermdigital.com\/index.php?rest_route=%2Fwp%2Fv2%2Ftags&post=26182"}],"curies":[{"name":"wp","href":"https:\/\/api.w.org\/{rel}","templated":true}]}}