{"id":26180,"date":"2026-04-29T16:27:42","date_gmt":"2026-04-29T20:27:42","guid":{"rendered":"https:\/\/ermdigital.com\/?p=26180"},"modified":"2026-04-29T16:27:42","modified_gmt":"2026-04-29T20:27:42","slug":"ministro-andres-bautista-juramenta-a-carlos-alessandry-roa-howley-como-director-ejecutivo-del-plan-san-juan","status":"publish","type":"post","link":"https:\/\/ermdigital.com\/?p=26180","title":{"rendered":"Ministro Andr\u00e9s Bautista juramenta a Carlos Alessandry Roa Howley como director ejecutivo del Plan San Juan"},"content":{"rendered":"<p><span class=\"field field--name-title field--type-string field--label-hidden\">Ministro Andr\u00e9s Bautista juramenta a Carlos Alessandry Roa Howley como director ejecutivo del Plan San Juan <\/span><br \/>\n<span class=\"field field--name-uid field--type-entity-reference field--label-hidden\"><span>rosahenriquez<\/span><\/span><br \/>\n<span class=\"field field--name-created field--type-created field--label-hidden\"><time datetime=\"2026-04-29T16:27:42-04:00\" title=\"Mi\u00e9rcoles, Abril 29, 2026 - 16:27\" class=\"datetime\">29 de  Abril 2026 | 16:27<\/time><br \/>\n<\/span><\/p>\n<div class=\"clearfix text-formatted field field--name-body field--type-text-with-summary field--label-hidden field__item\">\n<div class=\"OutlineElement Ltr SCXW241941042 BCX0\">\n<p class=\"text-align-justify\"><span class=\"TextRun SCXW241941042 BCX0 NormalTextRun\" lang=\"ES-DO\">Santo <\/span><span class=\"TextRun SCXW241941042 BCX0 NormalTextRun ContextualSpellingAndGrammarErrorV2Themed\" lang=\"ES-DO\">Domingo.-<\/span><span class=\"TextRun SCXW241941042 BCX0 NormalTextRun\" lang=\"ES-DO\"> El ministro administrativo de la Presidencia, <strong>Andr\u00e9s Bautista,<\/strong> jurament\u00f3 este mi\u00e9rcoles a <strong>Carlos <\/strong><\/span><span class=\"TextRun SCXW241941042 BCX0 NormalTextRun SpellingErrorV2Themed\" lang=\"ES-DO\"><strong>Alessandry<\/strong><\/span><span class=\"TextRun SCXW241941042 BCX0 NormalTextRun\" lang=\"ES-DO\"><strong> Roa <\/strong><\/span><span class=\"TextRun SCXW241941042 BCX0 NormalTextRun SpellingErrorV2Themed\" lang=\"ES-DO\"><strong>Howley<\/strong><\/span><span class=\"TextRun SCXW241941042 BCX0 NormalTextRun\" lang=\"ES-DO\"> como <strong>director ejecutivo<\/strong> para el Desarrollo Econ\u00f3mico de la provincia San Juan, iniciativa denominada <strong>Plan San Juan.<\/strong><\/span><span class=\"EOP SCXW241941042 BCX0\">\u00a0<\/span><\/p>\n<\/div>\n<div class=\"OutlineElement Ltr SCXW241941042 BCX0\">\n<p class=\"text-align-justify\"><span class=\"TextRun SCXW241941042 BCX0 NormalTextRun\" lang=\"ES-DO\">Durante un breve acto de juramentaci\u00f3n en su despacho, Bautista resalt\u00f3 la confianza depositada en Roa <\/span><span class=\"TextRun SCXW241941042 BCX0 NormalTextRun SpellingErrorV2Themed\" lang=\"ES-DO\">Howley<\/span><span class=\"TextRun SCXW241941042 BCX0 NormalTextRun\" lang=\"ES-DO\"> para asumir sus nuevas atribuciones en favor del <strong>desarrollo de la provincia de San Juan<\/strong> y de la regi\u00f3n Sur.<\/span><span class=\"EOP SCXW241941042 BCX0\">\u00a0<\/span><\/p>\n<\/div>\n<div class=\"OutlineElement Ltr SCXW241941042 BCX0\">\n<p class=\"text-align-justify\"><em><span class=\"TextRun SCXW241941042 BCX0 NormalTextRun\" lang=\"ES-DO\">\u201cLe deseo el mayor de los \u00e9xitos y sabemos que usted har\u00e1 todo el esfuerzo con transparencia y eficiencia para el beneficio de San Juan y toda la regi\u00f3n\u201d,<\/span><\/em><span class=\"TextRun SCXW241941042 BCX0 NormalTextRun\" lang=\"ES-DO\"> expres\u00f3.<\/span><span class=\"EOP SCXW241941042 BCX0\">\u00a0<\/span><\/p>\n<\/div>\n<div class=\"OutlineElement Ltr SCXW241941042 BCX0\">\n<p class=\"text-align-justify\"><span class=\"TextRun SCXW241941042 BCX0 NormalTextRun\" lang=\"ES-DO\">De su lado, Roa <\/span><span class=\"TextRun SCXW241941042 BCX0 NormalTextRun SpellingErrorV2Themed\" lang=\"ES-DO\">Howley<\/span><span class=\"TextRun SCXW241941042 BCX0 NormalTextRun\" lang=\"ES-DO\"> se comprometi\u00f3 a trabajar desde la Direcci\u00f3n de la Comisi\u00f3n en favor de las acciones orientadas al <strong>desarrollo integral econ\u00f3mico y social<\/strong> de los residentes de San Juan, sus comunidades y zonas aleda\u00f1as.<\/span><span class=\"EOP SCXW241941042 BCX0\">\u00a0<\/span><\/p>\n<\/div>\n<div class=\"OutlineElement Ltr SCXW241941042 BCX0\">\n<p class=\"text-align-justify\"><span class=\"TextRun SCXW241941042 BCX0 NormalTextRun\" lang=\"ES-DO\">La designaci\u00f3n fue realizada mediante el <strong>Decreto n\u00famero 285-26<\/strong>, emitido por el <strong>presidente Luis <\/strong><\/span><span class=\"TextRun SCXW241941042 BCX0 NormalTextRun SpellingErrorV2Themed\" lang=\"ES-DO\"><strong>Abinader<\/strong><\/span><span class=\"TextRun SCXW241941042 BCX0 NormalTextRun\" lang=\"ES-DO\">.<\/span><span class=\"EOP SCXW241941042 BCX0\">\u00a0<\/span><\/p>\n<\/div>\n<p><img decoding=\"async\" src=\"https:\/\/www.presidencia.gob.do\/sites\/default\/files\/inline-images\/Dise%C3%B1o%20sin%20t%C3%ADtulo%20%2869%29.png\" data-entity-uuid=\"204bc1b4-acef-4cea-8c70-6be1a2c10e89\" data-entity-type=\"file\" width=\"1300\" height=\"730\" loading=\"lazy\">\n<\/p>\n<div class=\"OutlineElement Ltr SCXW241941042 BCX0\">\n<p class=\"text-align-justify\"><span class=\"TextRun SCXW241941042 BCX0 NormalTextRun\" lang=\"ES-DO\"><strong>Sobre la comisi\u00f3n<\/strong><\/span><span class=\"EOP SCXW241941042 BCX0\">\u00a0<\/span><\/p>\n<\/div>\n<div class=\"OutlineElement Ltr SCXW241941042 BCX0\">\n<p class=\"text-align-justify\"><span class=\"TextRun SCXW241941042 BCX0 NormalTextRun\" lang=\"ES-DO\">La Direcci\u00f3n Ejecutiva de la Comisi\u00f3n del Plan San Juan tendr\u00e1 como responsabilidad realizar las <strong>coordinaciones t\u00e9cnicas<\/strong> necesarias para que los proyectos aprobados se ejecuten dentro del cronograma establecido.<\/span><span class=\"EOP SCXW241941042 BCX0\">\u00a0<\/span><\/p>\n<\/div>\n<div class=\"OutlineElement Ltr SCXW241941042 BCX0\">\n<p class=\"text-align-justify\"><span class=\"TextRun SCXW241941042 BCX0 NormalTextRun\" lang=\"ES-DO\">Adem\u00e1s, tendr\u00e1 a su cargo la <strong>administraci\u00f3n de los fondos asignados<\/strong> para la ejecuci\u00f3n de las acciones y actividades aprobadas, as\u00ed como la coordinaci\u00f3n en la formulaci\u00f3n de pol\u00edticas derivadas del Plan San Juan, incluyendo la definici\u00f3n y ejecuci\u00f3n <strong>de iniciativas, programas y proyectos <\/strong>necesarios para alcanzar los resultados esperados.<\/span><span class=\"EOP SCXW241941042 BCX0\">\u00a0<\/span><\/p>\n<\/div>\n<\/div>\n<div class=\"field field--name-field-image field--type-image field--label-hidden field__item\">  <img decoding=\"async\" loading=\"lazy\" src=\"https:\/\/www.presidencia.gob.do\/sites\/default\/files\/news\/2026-04\/Dise%C3%B1o%20sin%20t%C3%ADtulo%20%2868%29.png\" width=\"1300\" height=\"730\" alt=\"Plan San Juan\"><\/p>\n<\/div>\n<p>\u00a0Ministro Andr\u00e9s Bautista juramenta a Carlos Alessandry Roa Howley como director ejecutivo del Plan San Juan<br \/>\nrosahenriquez<br \/>\n29 de  Abril 2026 | 16:27<\/p>\n<p>Santo Domingo.- El ministro administrativo de la Presidencia, Andr\u00e9s Bautista, jurament\u00f3 este mi\u00e9rcoles a Carlos Alessandry Roa Howley como director ejecutivo para el Desarrollo Econ\u00f3mico de la provincia San Juan, iniciativa denominada Plan San Juan.\u00a0<\/p>\n<p>Durante un breve acto de juramentaci\u00f3n en su despacho, Bautista resalt\u00f3 la confianza depositada en Roa Howley para asumir sus nuevas atribuciones en favor del desarrollo de la provincia de San Juan y de la regi\u00f3n Sur.\u00a0<\/p>\n<p>\u201cLe deseo el mayor de los \u00e9xitos y sabemos que usted har\u00e1 todo el esfuerzo con transparencia y eficiencia para el beneficio de San Juan y toda la regi\u00f3n\u201d, expres\u00f3.\u00a0<\/p>\n<p>De su lado, Roa Howley se comprometi\u00f3 a trabajar desde la Direcci\u00f3n de la Comisi\u00f3n en favor de las acciones orientadas al desarrollo integral econ\u00f3mico y social de los residentes de San Juan, sus comunidades y zonas aleda\u00f1as.\u00a0<\/p>\n<p>La designaci\u00f3n fue realizada mediante el Decreto n\u00famero 285-26, emitido por el presidente Luis Abinader.\u00a0<\/p>\n<p>Sobre la comisi\u00f3n\u00a0<\/p>\n<p>La Direcci\u00f3n Ejecutiva de la Comisi\u00f3n del Plan San Juan tendr\u00e1 como responsabilidad realizar las coordinaciones t\u00e9cnicas necesarias para que los proyectos aprobados se ejecuten dentro del cronograma establecido.\u00a0<\/p>\n<p>Adem\u00e1s, tendr\u00e1 a su cargo la administraci\u00f3n de los fondos asignados para la ejecuci\u00f3n de las acciones y actividades aprobadas, as\u00ed como la coordinaci\u00f3n en la formulaci\u00f3n de pol\u00edticas derivadas del Plan San Juan, incluyendo la definici\u00f3n y ejecuci\u00f3n de iniciativas, programas y proyectos necesarios para alcanzar los resultados esperados.\u00a0\u00a0\u00a0\u00a0<\/p>\n","protected":false},"excerpt":{"rendered":"<p>Ministro Andr\u00e9s Bautista juramenta a Carlos Alessandry Roa Howley como director ejecutivo del Plan San Juan rosahenriquez 29 de Abril 2026 | 16:27 Santo Domingo.- El ministro administrativo de la Presidencia, Andr\u00e9s Bautista, jurament\u00f3 este mi\u00e9rcoles a Carlos Alessandry Roa Howley como director ejecutivo para el Desarrollo Econ\u00f3mico de la provincia San Juan, iniciativa denominada [&hellip;]<\/p>\n","protected":false},"author":1,"featured_media":26181,"comment_status":"open","ping_status":"open","sticky":false,"template":"","format":"standard","meta":{"amp_status":"","footnotes":""},"categories":[8],"tags":[],"class_list":["post-26180","post","type-post","status-publish","format-standard","has-post-thumbnail","hentry","category-republica"],"_links":{"self":[{"href":"https:\/\/ermdigital.com\/index.php?rest_route=\/wp\/v2\/posts\/26180","targetHints":{"allow":["GET"]}}],"collection":[{"href":"https:\/\/ermdigital.com\/index.php?rest_route=\/wp\/v2\/posts"}],"about":[{"href":"https:\/\/ermdigital.com\/index.php?rest_route=\/wp\/v2\/types\/post"}],"author":[{"embeddable":true,"href":"https:\/\/ermdigital.com\/index.php?rest_route=\/wp\/v2\/users\/1"}],"replies":[{"embeddable":true,"href":"https:\/\/ermdigital.com\/index.php?rest_route=%2Fwp%2Fv2%2Fcomments&post=26180"}],"version-history":[{"count":0,"href":"https:\/\/ermdigital.com\/index.php?rest_route=\/wp\/v2\/posts\/26180\/revisions"}],"wp:featuredmedia":[{"embeddable":true,"href":"https:\/\/ermdigital.com\/index.php?rest_route=\/wp\/v2\/media\/26181"}],"wp:attachment":[{"href":"https:\/\/ermdigital.com\/index.php?rest_route=%2Fwp%2Fv2%2Fmedia&parent=26180"}],"wp:term":[{"taxonomy":"category","embeddable":true,"href":"https:\/\/ermdigital.com\/index.php?rest_route=%2Fwp%2Fv2%2Fcategories&post=26180"},{"taxonomy":"post_tag","embeddable":true,"href":"https:\/\/ermdigital.com\/index.php?rest_route=%2Fwp%2Fv2%2Ftags&post=26180"}],"curies":[{"name":"wp","href":"https:\/\/api.w.org\/{rel}","templated":true}]}}