{"id":26176,"date":"2026-04-29T16:11:05","date_gmt":"2026-04-29T20:11:05","guid":{"rendered":"https:\/\/ermdigital.com\/?p=26176"},"modified":"2026-04-29T16:11:05","modified_gmt":"2026-04-29T20:11:05","slug":"paliza-sobre-alianzas-del-prm-cualquier-posicion-individual-no-compromete-nuestra-organizacion","status":"publish","type":"post","link":"https:\/\/ermdigital.com\/?p=26176","title":{"rendered":"Paliza sobre alianzas del PRM: Cualquier posici\u00f3n individual no compromete nuestra organizaci\u00f3n\u00a0"},"content":{"rendered":"<p>&lt;![CDATA[<\/p>\n<p>El presidente del Partido Revolucionario Moderno (PRM), Jos\u00e9 Ignacio Paliza, afirm\u00f3 este mi\u00e9rcoles que la posici\u00f3n de la organizaci\u00f3n oficialista \u201ces clara y coherente\u201d en torno a las alianzas pol\u00edticas en tiempos electorales, al subrayar que esa decisi\u00f3n solo le \u201ccorresponde a la direcci\u00f3n nacional\u201d.<\/p>\n<p><a href=\"https:\/\/listindiario.com\/la-republica\/politica\/20260429\/paliza-sobre-alianzas-prm-posicion-individual-compromete-nuestra-organizacion_903752.html\">wf_cms.rss.read_more<\/a><\/p>\n<p>]]&gt;<\/p>\n<p>\u200bPaliza reaccion\u00f3 a un tema que en los \u00faltimos d\u00edas ha ganado fuerzas en la opini\u00f3n p\u00fablica: una alianza entre el PRM y el Partido de la Liberaci\u00f3n Dominicana (PLD) con miras a elecciones de 2028\u00a0\u00a0Pol\u00edtica\u00a0<\/p>\n","protected":false},"excerpt":{"rendered":"<p>&lt;![CDATA[ El presidente del Partido Revolucionario Moderno (PRM), Jos\u00e9 Ignacio Paliza, afirm\u00f3 este mi\u00e9rcoles que la posici\u00f3n de la organizaci\u00f3n oficialista \u201ces clara y coherente\u201d en torno a las alianzas pol\u00edticas en tiempos electorales, al subrayar que esa decisi\u00f3n solo le \u201ccorresponde a la direcci\u00f3n nacional\u201d. wf_cms.rss.read_more ]]&gt; \u200bPaliza reaccion\u00f3 a un tema que en [&hellip;]<\/p>\n","protected":false},"author":1,"featured_media":26177,"comment_status":"open","ping_status":"open","sticky":false,"template":"","format":"standard","meta":{"amp_status":"","footnotes":""},"categories":[5],"tags":[],"class_list":["post-26176","post","type-post","status-publish","format-standard","has-post-thumbnail","hentry","category-politica"],"_links":{"self":[{"href":"https:\/\/ermdigital.com\/index.php?rest_route=\/wp\/v2\/posts\/26176","targetHints":{"allow":["GET"]}}],"collection":[{"href":"https:\/\/ermdigital.com\/index.php?rest_route=\/wp\/v2\/posts"}],"about":[{"href":"https:\/\/ermdigital.com\/index.php?rest_route=\/wp\/v2\/types\/post"}],"author":[{"embeddable":true,"href":"https:\/\/ermdigital.com\/index.php?rest_route=\/wp\/v2\/users\/1"}],"replies":[{"embeddable":true,"href":"https:\/\/ermdigital.com\/index.php?rest_route=%2Fwp%2Fv2%2Fcomments&post=26176"}],"version-history":[{"count":0,"href":"https:\/\/ermdigital.com\/index.php?rest_route=\/wp\/v2\/posts\/26176\/revisions"}],"wp:featuredmedia":[{"embeddable":true,"href":"https:\/\/ermdigital.com\/index.php?rest_route=\/wp\/v2\/media\/26177"}],"wp:attachment":[{"href":"https:\/\/ermdigital.com\/index.php?rest_route=%2Fwp%2Fv2%2Fmedia&parent=26176"}],"wp:term":[{"taxonomy":"category","embeddable":true,"href":"https:\/\/ermdigital.com\/index.php?rest_route=%2Fwp%2Fv2%2Fcategories&post=26176"},{"taxonomy":"post_tag","embeddable":true,"href":"https:\/\/ermdigital.com\/index.php?rest_route=%2Fwp%2Fv2%2Ftags&post=26176"}],"curies":[{"name":"wp","href":"https:\/\/api.w.org\/{rel}","templated":true}]}}