{"id":26162,"date":"2026-04-29T15:27:40","date_gmt":"2026-04-29T19:27:40","guid":{"rendered":"https:\/\/ermdigital.com\/?p=26162"},"modified":"2026-04-29T15:27:40","modified_gmt":"2026-04-29T19:27:40","slug":"sns-fortalece-red-publica-con-mas-de-900-nombramientos-en-cuatro-meses","status":"publish","type":"post","link":"https:\/\/ermdigital.com\/?p=26162","title":{"rendered":"SNS fortalece Red P\u00fablica con m\u00e1s de 900 nombramientos en cuatro meses"},"content":{"rendered":"<p><span class=\"field field--name-title field--type-string field--label-hidden\">SNS fortalece Red P\u00fablica con m\u00e1s de 900 nombramientos en cuatro meses <\/span><br \/>\n<span class=\"field field--name-uid field--type-entity-reference field--label-hidden\"><span>rosahenriquez<\/span><\/span><br \/>\n<span class=\"field field--name-created field--type-created field--label-hidden\"><time datetime=\"2026-04-29T15:27:40-04:00\" title=\"Mi\u00e9rcoles, Abril 29, 2026 - 15:27\" class=\"datetime\">29 de  Abril 2026 | 15:27<\/time><br \/>\n<\/span><\/p>\n<div class=\"clearfix text-formatted field field--name-body field--type-text-with-summary field--label-hidden field__item\">\n<div class=\"OutlineElement Ltr SCXW229654392 BCX0\">\n<p class=\"text-align-justify\"><span class=\"TextRun SCXW229654392 BCX0 NormalTextRun\" lang=\"ES-DO\">Santo <\/span><span class=\"TextRun SCXW229654392 BCX0 NormalTextRun ContextualSpellingAndGrammarErrorV2Themed\" lang=\"ES-DO\">Domingo.\u2013<\/span><span class=\"TextRun SCXW229654392 BCX0 NormalTextRun\" lang=\"ES-DO\"> El director ejecutivo del Servicio Nacional de Salud (SNS<strong>), doctor Julio Landr\u00f3n,<\/strong> inform\u00f3 que, en los primeros cuatro meses de su gesti\u00f3n, ha logrado la incorporaci\u00f3n de <strong>m\u00e1s de 900 profesionales<\/strong> de la salud, como parte de las acciones dirigidas a robustecer la <strong>capacidad de respuesta<\/strong> de la Red P\u00fablica.<\/span><span class=\"EOP SCXW229654392 BCX0\">\u00a0<\/span><\/p>\n<\/div>\n<div class=\"OutlineElement Ltr SCXW229654392 BCX0\">\n<p class=\"text-align-justify\"><span class=\"TextRun SCXW229654392 BCX0 NormalTextRun\" lang=\"ES-DO\">En un encuentro de trabajo con el presidente del Colegio M\u00e9dico Dominicano (CMD), <strong>doctor Luis Pe\u00f1a N\u00fa\u00f1ez<\/strong>, se pas\u00f3 balance a los avances alcanzados, destacando el <strong>impacto positivo<\/strong> de los nombramientos en la reducci\u00f3n del d\u00e9ficit de personal en los centros de salud.<\/span><span class=\"EOP SCXW229654392 BCX0\">\u00a0<\/span><\/p>\n<\/div>\n<div class=\"OutlineElement Ltr SCXW229654392 BCX0\">\n<p class=\"text-align-justify\"><span class=\"TextRun SCXW229654392 BCX0 NormalTextRun\" lang=\"ES-DO\">Estas designaciones responden al acuerdo interinstitucional <strong>entre el SNS y el CMD<\/strong>, orientado a fortalecer la <strong>cobertura de servicios<\/strong> y mejorar las<strong> condiciones laborales<\/strong> del personal m\u00e9dico en todo el territorio nacional.<\/span><span class=\"EOP SCXW229654392 BCX0\">\u00a0<\/span><\/p>\n<\/div>\n<div class=\"OutlineElement Ltr SCXW229654392 BCX0\">\n<p class=\"text-align-justify\"><span class=\"TextRun SCXW229654392 BCX0 NormalTextRun\" lang=\"ES-DO\">Durante la reuni\u00f3n, se detall\u00f3 la incorporaci\u00f3n de <strong>276<\/strong> m\u00e9dicos especialistas, <strong>186 <\/strong>m\u00e9dicos generales y <strong>461 <\/strong>profesionales de otras \u00e1reas de la salud, adem\u00e1s de <strong>48 reclasificaciones<\/strong>, medidas que contribuyen a optimizar la atenci\u00f3n en los establecimientos sanitarios.<\/span><span class=\"EOP SCXW229654392 BCX0\">\u00a0<\/span><\/p>\n<\/div>\n<p><img decoding=\"async\" data-entity-uuid=\"87165770-568b-4007-8213-f1f3412b2909\" data-entity-type=\"file\" src=\"https:\/\/www.presidencia.gob.do\/sites\/default\/files\/inline-images\/Dise%C3%B1o%20sin%20t%C3%ADtulo%20%2860%29.png\" width=\"1300\" height=\"730\" loading=\"lazy\">\n<\/p>\n<div class=\"OutlineElement Ltr SCXW229654392 BCX0\">\n<p class=\"text-align-justify\"><span class=\"TextRun SCXW229654392 BCX0 NormalTextRun\" lang=\"ES-DO\">El doctor Landr\u00f3n valor\u00f3 que estos avances forman parte del compromiso de la instituci\u00f3n con la consolidaci\u00f3n de un sistema de salud <strong>m\u00e1s eficiente, accesible y humano.<\/strong><\/span><span class=\"EOP SCXW229654392 BCX0\">\u00a0<\/span><\/p>\n<\/div>\n<div class=\"OutlineElement Ltr SCXW229654392 BCX0\">\n<p class=\"text-align-justify\"><span class=\"TextRun SCXW229654392 BCX0 NormalTextRun\" lang=\"ES-DO\">En tanto, el presidente del CMD calific\u00f3 estos nombramientos como una \u201ccifra r\u00e9cord\u201d en favor del sector y valor\u00f3 que la actual gesti\u00f3n <strong>ha priorizado la reducci\u00f3n del desempleo m\u00e9dico,<\/strong> una de las principales demandas del gremio.<\/span><span class=\"EOP SCXW229654392 BCX0\">\u00a0<\/span><\/p>\n<\/div>\n<div class=\"OutlineElement Ltr SCXW229654392 BCX0\">\n<p class=\"text-align-justify\"><span class=\"TextRun SCXW229654392 BCX0 NormalTextRun\" lang=\"ES-DO\">Durante el encuentro tambi\u00e9n se abordaron temas prioritarios de la agenda sanitaria, entre ellos el impulso de la Atenci\u00f3n Primaria y el seguimiento a las iniciativas coordinadas con el <strong>presidente de la Rep\u00fablica, Luis <\/strong><\/span><span class=\"TextRun SCXW229654392 BCX0 NormalTextRun SpellingErrorV2Themed\" lang=\"ES-DO\"><strong>Abinader<\/strong><\/span><span class=\"TextRun SCXW229654392 BCX0 NormalTextRun\" lang=\"ES-DO\">, y <strong>la vicepresidenta Raquel Pe\u00f1a,<\/strong> orientadas a seguir fortaleciendo el sistema de salud y <strong>elevar la calidad<\/strong> de los servicios.<\/span><span class=\"EOP SCXW229654392 BCX0\">\u00a0<\/span><\/p>\n<\/div>\n<div class=\"OutlineElement Ltr SCXW229654392 BCX0\">\n<p class=\"text-align-justify\"><span class=\"TextRun SCXW229654392 BCX0 NormalTextRun\" lang=\"ES-DO\">En el encuentro tambi\u00e9n estuvieron presentes, por el CMD, <\/span><span class=\"TextRun SCXW229654392 BCX0 NormalTextRun SpellingErrorV2Themed\" lang=\"ES-DO\"><strong>Miosotte<\/strong><\/span><span class=\"TextRun SCXW229654392 BCX0 NormalTextRun\" lang=\"ES-DO\"><strong> <\/strong><\/span><span class=\"TextRun SCXW229654392 BCX0 NormalTextRun SpellingErrorV2Themed\" lang=\"ES-DO\"><strong>Lazala<\/strong><\/span><span class=\"TextRun SCXW229654392 BCX0 NormalTextRun\" lang=\"ES-DO\">, secretaria general, y <strong>Thomas Ventura<\/strong>, secretario de Residencias M\u00e9dicas; mientras que por el SNS participaron <strong>Bienvenido Hern\u00e1ndez<\/strong>, director de Recursos Humanos, junto con miembros del equipo t\u00e9cnico institucional.<\/span><span class=\"EOP SCXW229654392 BCX0\">\u00a0<\/span><\/p>\n<\/div>\n<\/div>\n<div class=\"field field--name-field-image field--type-image field--label-hidden field__item\">  <img decoding=\"async\" loading=\"lazy\" src=\"https:\/\/www.presidencia.gob.do\/sites\/default\/files\/news\/2026-04\/Dise%C3%B1o%20sin%20t%C3%ADtulo%20%2861%29.png\" width=\"1300\" height=\"730\" alt=\"SNS\"><\/p>\n<\/div>\n<p>\u00a0SNS fortalece Red P\u00fablica con m\u00e1s de 900 nombramientos en cuatro meses<br \/>\nrosahenriquez<br \/>\n29 de  Abril 2026 | 15:27<\/p>\n<p>Santo Domingo.\u2013 El director ejecutivo del Servicio Nacional de Salud (SNS), doctor Julio Landr\u00f3n, inform\u00f3 que, en los primeros cuatro meses de su gesti\u00f3n, ha logrado la incorporaci\u00f3n de m\u00e1s de 900 profesionales de la salud, como parte de las acciones dirigidas a robustecer la capacidad de respuesta de la Red P\u00fablica.\u00a0<\/p>\n<p>En un encuentro de trabajo con el presidente del Colegio M\u00e9dico Dominicano (CMD), doctor Luis Pe\u00f1a N\u00fa\u00f1ez, se pas\u00f3 balance a los avances alcanzados, destacando el impacto positivo de los nombramientos en la reducci\u00f3n del d\u00e9ficit de personal en los centros de salud.\u00a0<\/p>\n<p>Estas designaciones responden al acuerdo interinstitucional entre el SNS y el CMD, orientado a fortalecer la cobertura de servicios y mejorar las condiciones laborales del personal m\u00e9dico en todo el territorio nacional.\u00a0<\/p>\n<p>Durante la reuni\u00f3n, se detall\u00f3 la incorporaci\u00f3n de 276 m\u00e9dicos especialistas, 186 m\u00e9dicos generales y 461 profesionales de otras \u00e1reas de la salud, adem\u00e1s de 48 reclasificaciones, medidas que contribuyen a optimizar la atenci\u00f3n en los establecimientos sanitarios.\u00a0<\/p>\n<p>El doctor Landr\u00f3n valor\u00f3 que estos avances forman parte del compromiso de la instituci\u00f3n con la consolidaci\u00f3n de un sistema de salud m\u00e1s eficiente, accesible y humano.\u00a0<\/p>\n<p>En tanto, el presidente del CMD calific\u00f3 estos nombramientos como una \u201ccifra r\u00e9cord\u201d en favor del sector y valor\u00f3 que la actual gesti\u00f3n ha priorizado la reducci\u00f3n del desempleo m\u00e9dico, una de las principales demandas del gremio.\u00a0<\/p>\n<p>Durante el encuentro tambi\u00e9n se abordaron temas prioritarios de la agenda sanitaria, entre ellos el impulso de la Atenci\u00f3n Primaria y el seguimiento a las iniciativas coordinadas con el presidente de la Rep\u00fablica, Luis Abinader, y la vicepresidenta Raquel Pe\u00f1a, orientadas a seguir fortaleciendo el sistema de salud y elevar la calidad de los servicios.\u00a0<\/p>\n<p>En el encuentro tambi\u00e9n estuvieron presentes, por el CMD, Miosotte Lazala, secretaria general, y Thomas Ventura, secretario de Residencias M\u00e9dicas; mientras que por el SNS participaron Bienvenido Hern\u00e1ndez, director de Recursos Humanos, junto con miembros del equipo t\u00e9cnico institucional.\u00a0\u00a0\u00a0\u00a0<\/p>\n","protected":false},"excerpt":{"rendered":"<p>SNS fortalece Red P\u00fablica con m\u00e1s de 900 nombramientos en cuatro meses rosahenriquez 29 de Abril 2026 | 15:27 Santo Domingo.\u2013 El director ejecutivo del Servicio Nacional de Salud (SNS), doctor Julio Landr\u00f3n, inform\u00f3 que, en los primeros cuatro meses de su gesti\u00f3n, ha logrado la incorporaci\u00f3n de m\u00e1s de 900 profesionales de la salud, [&hellip;]<\/p>\n","protected":false},"author":1,"featured_media":26163,"comment_status":"open","ping_status":"open","sticky":false,"template":"","format":"standard","meta":{"amp_status":"","footnotes":""},"categories":[8],"tags":[],"class_list":["post-26162","post","type-post","status-publish","format-standard","has-post-thumbnail","hentry","category-republica"],"_links":{"self":[{"href":"https:\/\/ermdigital.com\/index.php?rest_route=\/wp\/v2\/posts\/26162","targetHints":{"allow":["GET"]}}],"collection":[{"href":"https:\/\/ermdigital.com\/index.php?rest_route=\/wp\/v2\/posts"}],"about":[{"href":"https:\/\/ermdigital.com\/index.php?rest_route=\/wp\/v2\/types\/post"}],"author":[{"embeddable":true,"href":"https:\/\/ermdigital.com\/index.php?rest_route=\/wp\/v2\/users\/1"}],"replies":[{"embeddable":true,"href":"https:\/\/ermdigital.com\/index.php?rest_route=%2Fwp%2Fv2%2Fcomments&post=26162"}],"version-history":[{"count":0,"href":"https:\/\/ermdigital.com\/index.php?rest_route=\/wp\/v2\/posts\/26162\/revisions"}],"wp:featuredmedia":[{"embeddable":true,"href":"https:\/\/ermdigital.com\/index.php?rest_route=\/wp\/v2\/media\/26163"}],"wp:attachment":[{"href":"https:\/\/ermdigital.com\/index.php?rest_route=%2Fwp%2Fv2%2Fmedia&parent=26162"}],"wp:term":[{"taxonomy":"category","embeddable":true,"href":"https:\/\/ermdigital.com\/index.php?rest_route=%2Fwp%2Fv2%2Fcategories&post=26162"},{"taxonomy":"post_tag","embeddable":true,"href":"https:\/\/ermdigital.com\/index.php?rest_route=%2Fwp%2Fv2%2Ftags&post=26162"}],"curies":[{"name":"wp","href":"https:\/\/api.w.org\/{rel}","templated":true}]}}