{"id":26156,"date":"2026-04-29T16:00:49","date_gmt":"2026-04-29T20:00:49","guid":{"rendered":"https:\/\/ermdigital.com\/?p=26156"},"modified":"2026-04-29T16:00:49","modified_gmt":"2026-04-29T20:00:49","slug":"superate-gradua-primer-grupo-de-madres-y-padres-en-cuidados-y-apoyo-a-personas-con-discapacidad","status":"publish","type":"post","link":"https:\/\/ermdigital.com\/?p=26156","title":{"rendered":"Sup\u00e9rate grad\u00faa primer grupo de madres y padres en cuidados y apoyo a personas con discapacidad"},"content":{"rendered":"<p><span class=\"field field--name-title field--type-string field--label-hidden\">Sup\u00e9rate grad\u00faa primer grupo de madres y padres en cuidados y apoyo a personas con discapacidad <\/span><br \/>\n<span class=\"field field--name-uid field--type-entity-reference field--label-hidden\"><span>rosahenriquez<\/span><\/span><br \/>\n<span class=\"field field--name-created field--type-created field--label-hidden\"><time datetime=\"2026-04-29T16:00:49-04:00\" title=\"Mi\u00e9rcoles, Abril 29, 2026 - 16:00\" class=\"datetime\">29 de  Abril 2026 | 16:00<\/time><br \/>\n<\/span><\/p>\n<div class=\"clearfix text-formatted field field--name-body field--type-text-with-summary field--label-hidden field__item\">\n<div class=\"OutlineElement Ltr SCXW257984063 BCX0\">\n<p class=\"text-align-justify\"><span class=\"TextRun SCXW257984063 BCX0 NormalTextRun\" lang=\"ES-DO\">Santo <\/span><span class=\"TextRun SCXW257984063 BCX0 NormalTextRun ContextualSpellingAndGrammarErrorV2Themed\" lang=\"ES-DO\">Domingo.-<\/span><span class=\"TextRun SCXW257984063 BCX0 NormalTextRun\" lang=\"ES-DO\"> <strong>La Direcci\u00f3n de Desarrollo Social Sup\u00e9rate<\/strong> realiz\u00f3 la graduaci\u00f3n de la primera cohorte del <strong>\u201cCurso de Cuidados y Apoyo para Personas con Discapacidad\u201d,<\/strong> impartido por el Instituto Nacional de Formaci\u00f3n T\u00e9cnico Profesional <strong>(Infotep).<\/strong> La iniciativa se enmarca en el fortalecimiento de la <strong>pol\u00edtica de cuidados<\/strong> y el compromiso con los derechos de las <strong>personas con discapacidad.<\/strong><\/span><span class=\"EOP SCXW257984063 BCX0\">\u00a0<\/span><\/p>\n<\/div>\n<div class=\"OutlineElement Ltr SCXW257984063 BCX0\">\n<p class=\"text-align-justify\"><span class=\"TextRun SCXW257984063 BCX0 NormalTextRun\" lang=\"ES-DO\">Este primer grupo de <strong>55 personas<\/strong>, lo integran madres y padres de ni\u00f1os, ni\u00f1as y adolescentes con discapacidad, quienes recibieron formaci\u00f3n especializada como parte de la coordinaci\u00f3n interinstitucional entre <strong>Sup\u00e9rate<\/strong>, el Instituto Nacional de Formaci\u00f3n T\u00e9cnico Profesional <strong>(Infotep)<\/strong> y el Consejo Nacional de Discapacidad <strong>(<\/strong><\/span><span class=\"TextRun SCXW257984063 BCX0 NormalTextRun SpellingErrorV2Themed\" lang=\"ES-DO\"><strong>Conadis<\/strong><\/span><span class=\"TextRun SCXW257984063 BCX0 NormalTextRun\" lang=\"ES-DO\"><strong>).<\/strong><\/span><span class=\"EOP SCXW257984063 BCX0\">\u00a0<\/span><\/p>\n<\/div>\n<div class=\"OutlineElement Ltr SCXW257984063 BCX0\">\n<p class=\"text-align-justify\"><span class=\"TextRun SCXW257984063 BCX0 NormalTextRun\" lang=\"ES-DO\">La directora general de Sup\u00e9rate, <strong>Mayra Jim\u00e9nez<\/strong>, destac\u00f3 que esta graduaci\u00f3n constituye un <strong>hito relevante<\/strong> en el reconocimiento del rol del cuidado como un componente clave dentro de los <strong>sistemas de protecci\u00f3n social<\/strong>, en coherencia con la promoci\u00f3n del <strong>bienestar, la autonom\u00eda y la inclusi\u00f3n social.<\/strong><\/span><span class=\"EOP SCXW257984063 BCX0\">\u00a0<\/span><\/p>\n<\/div>\n<div class=\"OutlineElement Ltr SCXW257984063 BCX0\">\n<p class=\"text-align-justify\"><span class=\"TextRun SCXW257984063 BCX0 NormalTextRun\" lang=\"ES-DO\">De su lado, la directora general del Infotep, <strong>Maira Morla Pineda,<\/strong> resalt\u00f3 que el avance y madurez de las sociedades y pa\u00edses m\u00e1s que por su <strong>progreso econ\u00f3mico y tecnolog\u00eda<\/strong>, se mide en la manera con que dispensa a sus ciudadanos <strong>atenci\u00f3n, protecci\u00f3n y apoyo<\/strong>, para una vida plena, feliz y productiva que les permita sentirse realizados y parte importante del tejido social.<\/span><span class=\"EOP SCXW257984063 BCX0\">\u00a0<\/span><\/p>\n<\/div>\n<div class=\"OutlineElement Ltr SCXW257984063 BCX0\">\n<p class=\"text-align-justify\"><span class=\"TextRun SCXW257984063 BCX0 NormalTextRun\" lang=\"ES-DO\">Mientras, <strong>la se\u00f1ora <\/strong><\/span><span class=\"TextRun SCXW257984063 BCX0 NormalTextRun SpellingErrorV2Themed\" lang=\"ES-DO\"><strong>Rosainy<\/strong><\/span><span class=\"TextRun SCXW257984063 BCX0 NormalTextRun\" lang=\"ES-DO\"><strong> Mart\u00ednez<\/strong>, en representaci\u00f3n de las madres y padres cuidadores, expres\u00f3: \u201c<\/span><em><span class=\"TextRun SCXW257984063 BCX0 NormalTextRun\" lang=\"ES-DO\">Decidimos prepararnos y crecer porque entendimos que el amor es fundamental, pero tambi\u00e9n, que nuestros hijos e hijas merecen cuidados con conocimiento, con t\u00e9cnicas y con profesionalismo\u201d.<\/span><\/em><span class=\"EOP SCXW257984063 BCX0\">\u00a0<\/span><\/p>\n<\/div>\n<div class=\"OutlineElement Ltr SCXW257984063 BCX0\">\n<p class=\"text-align-justify\"><span class=\"TextRun SCXW257984063 BCX0 NormalTextRun\" lang=\"ES-DO\">En tanto, el presidente del <\/span><span class=\"TextRun SCXW257984063 BCX0 NormalTextRun SpellingErrorV2Themed\" lang=\"ES-DO\">Conadis<\/span><span class=\"TextRun SCXW257984063 BCX0 NormalTextRun\" lang=\"ES-DO\">, <strong>Benny Metz,<\/strong> sostuvo que este curso dise\u00f1ado para el cuidado personal de personas con discapacidad representa un paso significativo en la formaci\u00f3n de capital humano comprometido con la <strong>inclusi\u00f3n y la atenci\u00f3n digna.<\/strong><\/span><span class=\"EOP SCXW257984063 BCX0\">\u00a0<\/span><\/p>\n<\/div>\n<div class=\"OutlineElement Ltr SCXW257984063 BCX0\">\n<p class=\"text-align-justify\"><span class=\"TextRun SCXW257984063 BCX0 NormalTextRun\" lang=\"ES-DO\">Desde la <strong>Mesa Intersectorial de Cuidados<\/strong>, liderada por Sup\u00e9rate, se avanza en acciones concretas para <strong>consolidar una respuesta<\/strong> en coordinaci\u00f3n con el <\/span><span class=\"TextRun SCXW257984063 BCX0 NormalTextRun SpellingErrorV2Themed\" lang=\"ES-DO\">Conadis<\/span><span class=\"TextRun SCXW257984063 BCX0 NormalTextRun\" lang=\"ES-DO\">, como entidad rectora <strong>en materia de discapacidad<\/strong> y con el Infotep impulsando este proceso formativo, como una muestra de que las pol\u00edticas p\u00fablicas pueden <strong>cambiar vidas<\/strong> cuando se convierten en hechos.<\/span><span class=\"EOP SCXW257984063 BCX0\">\u00a0<\/span><\/p>\n<\/div>\n<div class=\"OutlineElement Ltr SCXW257984063 BCX0\">\n<p class=\"text-align-justify\"><span class=\"TextRun SCXW257984063 BCX0 NormalTextRun\" lang=\"ES-DO\">Con esta iniciativa, Sup\u00e9rate reafirma el <strong>compromiso del Gobierno dominicano<\/strong> de seguir construyendo respuestas que transformen vidas, <strong>reduzcan desigualdades<\/strong> y permitan que las personas con discapacidad y sus familias vivan con <strong>m\u00e1s apoyo, mayor autonom\u00eda y mejores oportunidades<\/strong>, con la firme convicci\u00f3n de que la inclusi\u00f3n se construye con decisiones p\u00fablicas, con <strong>inversi\u00f3n social<\/strong>, con derechos y con <strong>respeto a la dignidad humana.<\/strong><\/span><span class=\"EOP SCXW257984063 BCX0\">\u00a0<\/span><\/p>\n<\/div>\n<div class=\"OutlineElement Ltr SCXW257984063 BCX0\">\n<p class=\"text-align-justify\"><span class=\"TextRun SCXW257984063 BCX0 NormalTextRun\" lang=\"ES-DO\">En el acto de graduaci\u00f3n estuvieron presentes el director ejecutivo del Consejo Nacional de la Persona Envejeciente (<\/span><span class=\"TextRun SCXW257984063 BCX0 NormalTextRun SpellingErrorV2Themed\" lang=\"ES-DO\">Conape<\/span><span class=\"TextRun SCXW257984063 BCX0 NormalTextRun\" lang=\"ES-DO\">), <strong>Demetrio Vicente<\/strong>; el subdirector general del Infotep, <strong>Luis Rodr\u00edguez<\/strong>; la subdirectora de Desarrollo Inclusivo de Sup\u00e9rate, <strong>Carolina Alvarado<\/strong>, y la directora de la Comunidad de Madres y Familias con hijos con Discapacidad (<\/span><span class=\"TextRun SCXW257984063 BCX0 NormalTextRun SpellingErrorV2Themed\" lang=\"ES-DO\">Commadis<\/span><span class=\"TextRun SCXW257984063 BCX0 NormalTextRun\" lang=\"ES-DO\">), <strong>Katherine de Le\u00f3n.<\/strong><\/span><span class=\"EOP SCXW257984063 BCX0\">\u00a0<\/span><\/p>\n<\/div>\n<\/div>\n<div class=\"field field--name-field-image field--type-image field--label-hidden field__item\">  <img decoding=\"async\" loading=\"lazy\" src=\"https:\/\/www.presidencia.gob.do\/sites\/default\/files\/news\/2026-04\/Dise%C3%B1o%20sin%20t%C3%ADtulo%20%2867%29.png\" width=\"1300\" height=\"730\" alt=\"Sup\u00e9rate\"><\/p>\n<\/div>\n<p>\u00a0Sup\u00e9rate grad\u00faa primer grupo de madres y padres en cuidados y apoyo a personas con discapacidad<br \/>\nrosahenriquez<br \/>\n29 de  Abril 2026 | 16:00<\/p>\n<p>Santo Domingo.- La Direcci\u00f3n de Desarrollo Social Sup\u00e9rate realiz\u00f3 la graduaci\u00f3n de la primera cohorte del \u201cCurso de Cuidados y Apoyo para Personas con Discapacidad\u201d, impartido por el Instituto Nacional de Formaci\u00f3n T\u00e9cnico Profesional (Infotep). La iniciativa se enmarca en el fortalecimiento de la pol\u00edtica de cuidados y el compromiso con los derechos de las personas con discapacidad.\u00a0<\/p>\n<p>Este primer grupo de 55 personas, lo integran madres y padres de ni\u00f1os, ni\u00f1as y adolescentes con discapacidad, quienes recibieron formaci\u00f3n especializada como parte de la coordinaci\u00f3n interinstitucional entre Sup\u00e9rate, el Instituto Nacional de Formaci\u00f3n T\u00e9cnico Profesional (Infotep) y el Consejo Nacional de Discapacidad (Conadis).\u00a0<\/p>\n<p>La directora general de Sup\u00e9rate, Mayra Jim\u00e9nez, destac\u00f3 que esta graduaci\u00f3n constituye un hito relevante en el reconocimiento del rol del cuidado como un componente clave dentro de los sistemas de protecci\u00f3n social, en coherencia con la promoci\u00f3n del bienestar, la autonom\u00eda y la inclusi\u00f3n social.\u00a0<\/p>\n<p>De su lado, la directora general del Infotep, Maira Morla Pineda, resalt\u00f3 que el avance y madurez de las sociedades y pa\u00edses m\u00e1s que por su progreso econ\u00f3mico y tecnolog\u00eda, se mide en la manera con que dispensa a sus ciudadanos atenci\u00f3n, protecci\u00f3n y apoyo, para una vida plena, feliz y productiva que les permita sentirse realizados y parte importante del tejido social.\u00a0<\/p>\n<p>Mientras, la se\u00f1ora Rosainy Mart\u00ednez, en representaci\u00f3n de las madres y padres cuidadores, expres\u00f3: \u201cDecidimos prepararnos y crecer porque entendimos que el amor es fundamental, pero tambi\u00e9n, que nuestros hijos e hijas merecen cuidados con conocimiento, con t\u00e9cnicas y con profesionalismo\u201d.\u00a0<\/p>\n<p>En tanto, el presidente del Conadis, Benny Metz, sostuvo que este curso dise\u00f1ado para el cuidado personal de personas con discapacidad representa un paso significativo en la formaci\u00f3n de capital humano comprometido con la inclusi\u00f3n y la atenci\u00f3n digna.\u00a0<\/p>\n<p>Desde la Mesa Intersectorial de Cuidados, liderada por Sup\u00e9rate, se avanza en acciones concretas para consolidar una respuesta en coordinaci\u00f3n con el Conadis, como entidad rectora en materia de discapacidad y con el Infotep impulsando este proceso formativo, como una muestra de que las pol\u00edticas p\u00fablicas pueden cambiar vidas cuando se convierten en hechos.\u00a0<\/p>\n<p>Con esta iniciativa, Sup\u00e9rate reafirma el compromiso del Gobierno dominicano de seguir construyendo respuestas que transformen vidas, reduzcan desigualdades y permitan que las personas con discapacidad y sus familias vivan con m\u00e1s apoyo, mayor autonom\u00eda y mejores oportunidades, con la firme convicci\u00f3n de que la inclusi\u00f3n se construye con decisiones p\u00fablicas, con inversi\u00f3n social, con derechos y con respeto a la dignidad humana.\u00a0<\/p>\n<p>En el acto de graduaci\u00f3n estuvieron presentes el director ejecutivo del Consejo Nacional de la Persona Envejeciente (Conape), Demetrio Vicente; el subdirector general del Infotep, Luis Rodr\u00edguez; la subdirectora de Desarrollo Inclusivo de Sup\u00e9rate, Carolina Alvarado, y la directora de la Comunidad de Madres y Familias con hijos con Discapacidad (Commadis), Katherine de Le\u00f3n.\u00a0\u00a0\u00a0\u00a0<\/p>\n","protected":false},"excerpt":{"rendered":"<p>Sup\u00e9rate grad\u00faa primer grupo de madres y padres en cuidados y apoyo a personas con discapacidad rosahenriquez 29 de Abril 2026 | 16:00 Santo Domingo.- La Direcci\u00f3n de Desarrollo Social Sup\u00e9rate realiz\u00f3 la graduaci\u00f3n de la primera cohorte del \u201cCurso de Cuidados y Apoyo para Personas con Discapacidad\u201d, impartido por el Instituto Nacional de Formaci\u00f3n [&hellip;]<\/p>\n","protected":false},"author":1,"featured_media":26157,"comment_status":"open","ping_status":"open","sticky":false,"template":"","format":"standard","meta":{"amp_status":"","footnotes":""},"categories":[8],"tags":[],"class_list":["post-26156","post","type-post","status-publish","format-standard","has-post-thumbnail","hentry","category-republica"],"_links":{"self":[{"href":"https:\/\/ermdigital.com\/index.php?rest_route=\/wp\/v2\/posts\/26156","targetHints":{"allow":["GET"]}}],"collection":[{"href":"https:\/\/ermdigital.com\/index.php?rest_route=\/wp\/v2\/posts"}],"about":[{"href":"https:\/\/ermdigital.com\/index.php?rest_route=\/wp\/v2\/types\/post"}],"author":[{"embeddable":true,"href":"https:\/\/ermdigital.com\/index.php?rest_route=\/wp\/v2\/users\/1"}],"replies":[{"embeddable":true,"href":"https:\/\/ermdigital.com\/index.php?rest_route=%2Fwp%2Fv2%2Fcomments&post=26156"}],"version-history":[{"count":0,"href":"https:\/\/ermdigital.com\/index.php?rest_route=\/wp\/v2\/posts\/26156\/revisions"}],"wp:featuredmedia":[{"embeddable":true,"href":"https:\/\/ermdigital.com\/index.php?rest_route=\/wp\/v2\/media\/26157"}],"wp:attachment":[{"href":"https:\/\/ermdigital.com\/index.php?rest_route=%2Fwp%2Fv2%2Fmedia&parent=26156"}],"wp:term":[{"taxonomy":"category","embeddable":true,"href":"https:\/\/ermdigital.com\/index.php?rest_route=%2Fwp%2Fv2%2Fcategories&post=26156"},{"taxonomy":"post_tag","embeddable":true,"href":"https:\/\/ermdigital.com\/index.php?rest_route=%2Fwp%2Fv2%2Ftags&post=26156"}],"curies":[{"name":"wp","href":"https:\/\/api.w.org\/{rel}","templated":true}]}}