{"id":26146,"date":"2026-04-29T14:45:53","date_gmt":"2026-04-29T18:45:53","guid":{"rendered":"https:\/\/ermdigital.com\/?p=26146"},"modified":"2026-04-29T14:45:53","modified_gmt":"2026-04-29T18:45:53","slug":"soh-conservacion-advierte-deterioro-ambiental-en-el-rio-palomino-de-barahona-y-llama-a-accion-urgente","status":"publish","type":"post","link":"https:\/\/ermdigital.com\/?p=26146","title":{"rendered":"SOH Conservaci\u00f3n advierte deterioro ambiental en el r\u00edo Palomino de Barahona y llama a acci\u00f3n urgente"},"content":{"rendered":"<p>La organizaci\u00f3n SOH Conservaci\u00f3n advirti\u00f3 que evidencias recientes apuntan a que el r\u00edo Palomino, ubicado en la provincia de Barahona, ya presenta se\u00f1ales visibles de alteraci\u00f3n como consecuencia de la extracci\u00f3n de materiales, una actividad que, asegura, podr\u00eda tener impactos significativos si no se regula adecuadamente.<\/p>\n<p>Jorge Brocca, director ejecutivo, manifest\u00f3 que en este afluente del suroeste dominicano se han identificado cambios en su din\u00e1mica natural, incluyendo modificaciones en el cauce, zonas de remoci\u00f3n de sedimentos y alteraciones en su morfolog\u00eda.<\/p>\n<p>El especialista asegur\u00f3 que, debido a la pendiente caracter\u00edstica de la zona, la extracci\u00f3n de materiales podr\u00eda intensificar el arrastre de sedimentos hacia otros sistemas, como el r\u00edo Yaque del Sur. Este fen\u00f3meno tendr\u00eda repercusiones directas en el suministro de agua y en la actividad agr\u00edcola de regiones aguas abajo.<\/p>\n<h4 class=\"wp-block-heading\"><strong>Puedes leer: <a href=\"https:\/\/deultimominuto.net\/nacionales\/luis-carvajal-denuncia-mafia\/\">Barahona bajo asedio: Luis Carvajal denuncia \"mafia de agregados\" y colapso de la institucionalidad ambiental<\/a><\/strong><\/h4>\n<p>Asimismo, se\u00f1al\u00f3 que la intervenci\u00f3n sin control podr\u00eda derivar en una reducci\u00f3n de la cuenca, aumento de la contaminaci\u00f3n y un deterioro general del ecosistema, calificando el escenario como un posible \u201cperder-perder\u201d, tanto para el medio ambiente como para las comunidades.<\/p>\n<h4 class=\"wp-block-heading\"><strong>Falta de regulaci\u00f3n t\u00e9cnica<\/strong><\/h4>\n<p>El especialista enfatiz\u00f3 que la extracci\u00f3n de agregados no es, en s\u00ed misma, una actividad negativa. Sin embargo, su ejecuci\u00f3n sin el debido respaldo t\u00e9cnico constituye el principal problema. En muchos casos, la actividad se desarrolla sin estudios de impacto ambiental rigurosos que determinen con precisi\u00f3n los niveles de extracci\u00f3n sostenibles.<\/p>\n<p>\u201cEsta debilidad en la planificaci\u00f3n tiene implicaciones directas para la poblaci\u00f3n, considerando que los r\u00edos cumplen funciones esenciales como el abastecimiento de agua, la mitigaci\u00f3n de inundaciones y el soporte de actividades productivas\u201d, dijo.<\/p>\n<h4 class=\"wp-block-heading\"><strong>Llamado a una gesti\u00f3n responsable<\/strong><\/h4>\n<p>Ante este panorama, plante\u00f3 como \u00fanica v\u00eda el ordenamiento de la actividad extractiva. Esto incluye la realizaci\u00f3n de estudios ambientales s\u00f3lidos, una supervisi\u00f3n efectiva por parte del Estado y la participaci\u00f3n activa de organizaciones no gubernamentales.<\/p>\n<p>\u201cEl objetivo debe ser garantizar que la extracci\u00f3n de materiales responda a criterios de sostenibilidad y no a un proceso de degradaci\u00f3n progresiva que comprometa tanto el equilibrio ecol\u00f3gico como la calidad de vida de las comunidades\u201d, manifest\u00f3.<\/p>\n<h4 class=\"wp-block-heading\"><strong>Regi\u00f3n vulnerable y dependencia directa de los r\u00edos<\/strong><\/h4>\n<p>El contexto geogr\u00e1fico del suroeste del pa\u00eds agrava la situaci\u00f3n. En provincias como Barahona, las comunidades dependen directamente de los r\u00edos para consumo humano, riego agr\u00edcola y diversas actividades econ\u00f3micas. Esta dependencia convierte a estos sistemas en particularmente vulnerables ante cualquier alteraci\u00f3n.<\/p>\n<p>La entidad indic\u00f3 que, en el caso espec\u00edfico del r\u00edo Palomino, su rol como fuente de sustento para poblaciones locales implica que cualquier impacto negativo se traduce de forma inmediata en consecuencias sociales y econ\u00f3micas. A esto se suma una limitada capacidad de supervisi\u00f3n en la regi\u00f3n, lo que incrementa el riesgo de pr\u00e1cticas inadecuadas.<\/p>\n<h4 class=\"wp-block-heading\"><strong>Proyecci\u00f3n a mediano plazo<\/strong><\/h4>\n<p>Si el ritmo actual de extracci\u00f3n se mantiene, los efectos dejar\u00edan de ser una advertencia futura para consolidarse como una problem\u00e1tica estructural. Seg\u00fan las estimaciones, en un per\u00edodo de cinco a diez a\u00f1os podr\u00edan registrarse reducciones en la disponibilidad de agua, mayor frecuencia de eventos extremos \u2014como inundaciones o sequ\u00edas localizadas\u2014 y una disminuci\u00f3n considerable en la productividad de las comunidades que dependen de estos recursos.<\/p>\n<h4 class=\"wp-block-heading\"><strong>\u00bfQu\u00e9 es SOH Conservaci\u00f3n?<\/strong><\/h4>\n<p>La Sociedad (SOH) Conservaci\u00f3n es una organizaci\u00f3n sin fines de lucro en Rep\u00fablica Dominicana enfocada en el medio ambiente.<\/p>\n<p>Es una entidad ambiental fundada por cient\u00edficos, bi\u00f3logos y conservacionistas, con el objetivo de proteger la biodiversidad de la isla La Hispaniola (Rep\u00fablica Dominicana y Hait\u00ed), con \u00e9nfasis especial en aves y ecosistemas naturales.<\/p>\n<p>Su trabajo se desarrolla en varias l\u00edneas clave que abarcan la conservaci\u00f3n ambiental, la investigaci\u00f3n cient\u00edfica y la educaci\u00f3n y sensibilizaci\u00f3n.<\/p>\n<p>\u200bLa organizaci\u00f3n SOH Conservaci\u00f3n advirti\u00f3 que evidencias recientes apuntan a que el r\u00edo Palomino, ubicado en la provincia de Barahona, ya presenta se\u00f1ales visibles de alteraci\u00f3n como consecuencia de la extracci\u00f3n de materiales, una actividad que, asegura, podr\u00eda tener impactos significativos si no se regula adecuadamente. Jorge Brocca, director ejecutivo, manifest\u00f3 que en este afluente\u00a0\u00a0Nacionales, Barahona\u00a0\u00a0<\/p>\n","protected":false},"excerpt":{"rendered":"<p>La organizaci\u00f3n SOH Conservaci\u00f3n advirti\u00f3 que evidencias recientes apuntan a que el r\u00edo Palomino, ubicado en la provincia de Barahona, ya presenta se\u00f1ales visibles de alteraci\u00f3n como consecuencia de la extracci\u00f3n de materiales, una actividad que, asegura, podr\u00eda tener impactos significativos si no se regula adecuadamente. Jorge Brocca, director ejecutivo, manifest\u00f3 que en este afluente [&hellip;]<\/p>\n","protected":false},"author":1,"featured_media":26147,"comment_status":"open","ping_status":"open","sticky":false,"template":"","format":"standard","meta":{"amp_status":"","footnotes":""},"categories":[3],"tags":[],"class_list":["post-26146","post","type-post","status-publish","format-standard","has-post-thumbnail","hentry","category-de-ultimo-minuto"],"_links":{"self":[{"href":"https:\/\/ermdigital.com\/index.php?rest_route=\/wp\/v2\/posts\/26146","targetHints":{"allow":["GET"]}}],"collection":[{"href":"https:\/\/ermdigital.com\/index.php?rest_route=\/wp\/v2\/posts"}],"about":[{"href":"https:\/\/ermdigital.com\/index.php?rest_route=\/wp\/v2\/types\/post"}],"author":[{"embeddable":true,"href":"https:\/\/ermdigital.com\/index.php?rest_route=\/wp\/v2\/users\/1"}],"replies":[{"embeddable":true,"href":"https:\/\/ermdigital.com\/index.php?rest_route=%2Fwp%2Fv2%2Fcomments&post=26146"}],"version-history":[{"count":0,"href":"https:\/\/ermdigital.com\/index.php?rest_route=\/wp\/v2\/posts\/26146\/revisions"}],"wp:featuredmedia":[{"embeddable":true,"href":"https:\/\/ermdigital.com\/index.php?rest_route=\/wp\/v2\/media\/26147"}],"wp:attachment":[{"href":"https:\/\/ermdigital.com\/index.php?rest_route=%2Fwp%2Fv2%2Fmedia&parent=26146"}],"wp:term":[{"taxonomy":"category","embeddable":true,"href":"https:\/\/ermdigital.com\/index.php?rest_route=%2Fwp%2Fv2%2Fcategories&post=26146"},{"taxonomy":"post_tag","embeddable":true,"href":"https:\/\/ermdigital.com\/index.php?rest_route=%2Fwp%2Fv2%2Ftags&post=26146"}],"curies":[{"name":"wp","href":"https:\/\/api.w.org\/{rel}","templated":true}]}}