{"id":26138,"date":"2026-04-29T15:00:40","date_gmt":"2026-04-29T19:00:40","guid":{"rendered":"https:\/\/ermdigital.com\/?p=26138"},"modified":"2026-04-29T15:00:40","modified_gmt":"2026-04-29T19:00:40","slug":"eeuu-trabaja-por-una-solucion-pacifica-pero-en-plazo-razonable-de-conflicto-del-sahara","status":"publish","type":"post","link":"https:\/\/ermdigital.com\/?p=26138","title":{"rendered":"EEUU trabaja por una soluci\u00f3n \"pac\u00edfica\" pero \"en plazo razonable\" de conflicto del S\u00e1hara"},"content":{"rendered":"<p><strong>Rabat<\/strong>.- El subsecretario de <strong>Estado de Estados Unidos<\/strong>, <strong>Christopher Landau<\/strong>, afirm\u00f3 este mi\u00e9rcoles en Rabat que su pa\u00eds trabaja por una soluci\u00f3n \"pac\u00edfica\" del conflicto del S\u00e1hara Occidental, pero tambi\u00e9n \"<strong>en un plazo razonable<\/strong>\", en el marco de la \u00faltima resoluci\u00f3n de la ONU, que considera el plan de autonom\u00eda marroqu\u00ed como posible base para una soluci\u00f3n pol\u00edtica.<\/p>\n<p>\"Hemos reconocido la soberan\u00eda marroqu\u00ed sobre el S\u00e1hara Occidental. Estamos, desde luego, tratando, en el marco de la resoluci\u00f3n m\u00e1s reciente del Consejo de Seguridad, de lograr una soluci\u00f3n pac\u00edfica a ese conflicto que se ha prolongado durante un tiempo inaceptable\", subray\u00f3 Landau en una comparecencia conjunta con el ministro marroqu\u00ed de Exteriores, <strong>Naser Burita<\/strong>.<\/p>\n<h2 class=\"wp-block-heading\"><strong>Avanzar hacia una resoluci\u00f3n pac\u00edfica<\/strong><\/h2>\n<p>El responsable estadounidense insisti\u00f3 en la necesidad de avanzar hacia una resoluci\u00f3n pac\u00edfica en \"un plazo razonable\": \"Esta situaci\u00f3n no puede esperar otros 50 a\u00f1os, ni 150, ni 200 a\u00f1os para resolverse\".<\/p>\n<h5 class=\"wp-block-heading\"><strong>Recomendamos leer: <a href=\"https:\/\/deultimominuto.net\/internacionales\/refugiados-saharauis\/\">Refugiados saharauis protestan contra el plan de EE.UU. para el S\u00e1hara por segundo d\u00eda<\/a><\/strong><\/h5>\n<p>Landau viaj\u00f3 hoy a Marruecos y estar\u00e1 en Casablanca y Marrakech en el marco de una gira magreb\u00ed que comenz\u00f3 el lunes con su visita a Argelia, donde fue recibido por el presidente Abdelmayid Teb\u00fan en un encuentro cuyo contenido no trascendi\u00f3, y donde tambi\u00e9n se reuni\u00f3 con el ministro de Exteriores, Ahmed Attaf, quien se\u00f1al\u00f3 que abordaron el conflicto del S\u00e1hara Occidental.<\/p>\n<h2 class=\"wp-block-heading\"><strong>Misi\u00f3n en el S\u00e1hara Occidental (Minurso)<\/strong><\/h2>\n<p>La gira de Landau se produce en v\u00edsperas de una sesi\u00f3n que celebrar\u00e1 el Consejo de Seguridad de la ONU sobre la misi\u00f3n en el S\u00e1hara Occidental (Minurso) -que cumple este mi\u00e9rcoles 35 a\u00f1os- para examinar su papel en la excolonia espa\u00f1ola en medio de propuestas de EE.UU de revisar su mandato.<\/p>\n<h5 class=\"wp-block-heading\"><strong>Puedes leer: <a href=\"https:\/\/deultimominuto.net\/internacionales\/estados-unidos-sanciono-2\/\">Estados Unidos sancion\u00f3 a 35 entidades vinculadas a las finanzas clandestinas del r\u00e9gimen de Ir\u00e1n<\/a><\/strong><\/h5>\n<h2 class=\"wp-block-heading\"><strong>Marruecos administra el 80% del S\u00e1hara<\/strong><\/h2>\n<p>Desde la retirada de Espa\u00f1a en 1975, Marruecos administra el 80 % de los cerca de 277.000 kil\u00f3metros cuadrados del S\u00e1hara Occidental y defiende un plan de autonom\u00eda -presentado por primera vez en 2007- bajo su soberan\u00eda como \u00fanica salida al conflicto, mientras el Frente Polisario y Argelia insisten en un refer\u00e9ndum de autodeterminaci\u00f3n que incluya tambi\u00e9n la opci\u00f3n de independencia.<\/p>\n<p>El conflicto ha experimentado un nuevo giro el pasado octubre con la \u00faltima resoluci\u00f3n del <strong>Consejo de Seguridad<\/strong> de la <strong>ONU<\/strong>, que refuerza la propuesta marroqu\u00ed de autonom\u00eda como base \"m\u00e1s viable\" para una soluci\u00f3n pol\u00edtica en un contexto en el que la propuesta marroqu\u00ed ha venido recabando un creciente apoyo internacional, incluido el respaldo de potencias como EE.UU, Reino Unido y Francia, as\u00ed como de la Uni\u00f3n Europea .<\/p>\n<figure class=\"wp-block-image size-large\"><img loading=\"lazy\" decoding=\"async\" width=\"1024\" height=\"683\" src=\"https:\/\/cdn.deultimominuto.net\/wp-content\/uploads\/2026\/04\/sahara-conflicto-marruecos-madrid-1-1024x683.webp\" alt='EEUU trabaja por una soluci\u00f3n \"pac\u00edfica\" pero \"en plazo razonable\" de conflicto del S\u00e1hara - Noticias de hoy en Rep\u00fablica Dominicana | De \u00daltimo Minuto' class=\"wp-image-647971\" title='EEUU trabaja por una soluci\u00f3n \"pac\u00edfica\" pero \"en plazo razonable\" de conflicto del S\u00e1hara | 1 |'><\/figure>\n<p>\u200bRabat.- El subsecretario de Estado de Estados Unidos, Christopher Landau, afirm\u00f3 este mi\u00e9rcoles en Rabat que su pa\u00eds trabaja por una soluci\u00f3n \"pac\u00edfica\" del conflicto del S\u00e1hara Occidental, pero tambi\u00e9n \"en un plazo razonable\", en el marco de la \u00faltima resoluci\u00f3n de la ONU, que considera el plan de autonom\u00eda marroqu\u00ed como posible base para\u00a0\u00a0Internacionales, conflicto, plazo, Rabat\u00a0\u00a0<\/p>\n","protected":false},"excerpt":{"rendered":"<p>Rabat.- El subsecretario de Estado de Estados Unidos, Christopher Landau, afirm\u00f3 este mi\u00e9rcoles en Rabat que su pa\u00eds trabaja por una soluci\u00f3n \"pac\u00edfica\" del conflicto del S\u00e1hara Occidental, pero tambi\u00e9n \"en un plazo razonable\", en el marco de la \u00faltima resoluci\u00f3n de la ONU, que considera el plan de autonom\u00eda marroqu\u00ed como posible base para [&hellip;]<\/p>\n","protected":false},"author":1,"featured_media":26139,"comment_status":"open","ping_status":"open","sticky":false,"template":"","format":"standard","meta":{"amp_status":"","footnotes":""},"categories":[3],"tags":[],"class_list":["post-26138","post","type-post","status-publish","format-standard","has-post-thumbnail","hentry","category-de-ultimo-minuto"],"_links":{"self":[{"href":"https:\/\/ermdigital.com\/index.php?rest_route=\/wp\/v2\/posts\/26138","targetHints":{"allow":["GET"]}}],"collection":[{"href":"https:\/\/ermdigital.com\/index.php?rest_route=\/wp\/v2\/posts"}],"about":[{"href":"https:\/\/ermdigital.com\/index.php?rest_route=\/wp\/v2\/types\/post"}],"author":[{"embeddable":true,"href":"https:\/\/ermdigital.com\/index.php?rest_route=\/wp\/v2\/users\/1"}],"replies":[{"embeddable":true,"href":"https:\/\/ermdigital.com\/index.php?rest_route=%2Fwp%2Fv2%2Fcomments&post=26138"}],"version-history":[{"count":0,"href":"https:\/\/ermdigital.com\/index.php?rest_route=\/wp\/v2\/posts\/26138\/revisions"}],"wp:featuredmedia":[{"embeddable":true,"href":"https:\/\/ermdigital.com\/index.php?rest_route=\/wp\/v2\/media\/26139"}],"wp:attachment":[{"href":"https:\/\/ermdigital.com\/index.php?rest_route=%2Fwp%2Fv2%2Fmedia&parent=26138"}],"wp:term":[{"taxonomy":"category","embeddable":true,"href":"https:\/\/ermdigital.com\/index.php?rest_route=%2Fwp%2Fv2%2Fcategories&post=26138"},{"taxonomy":"post_tag","embeddable":true,"href":"https:\/\/ermdigital.com\/index.php?rest_route=%2Fwp%2Fv2%2Ftags&post=26138"}],"curies":[{"name":"wp","href":"https:\/\/api.w.org\/{rel}","templated":true}]}}