{"id":26136,"date":"2026-04-29T15:02:02","date_gmt":"2026-04-29T19:02:02","guid":{"rendered":"https:\/\/ermdigital.com\/?p=26136"},"modified":"2026-04-29T15:02:02","modified_gmt":"2026-04-29T19:02:02","slug":"radhames-silverio-y-ministro-del-mescyt-abordan-la-alineacion-de-la-oferta-curricular-de-la-uasd","status":"publish","type":"post","link":"https:\/\/ermdigital.com\/?p=26136","title":{"rendered":"Radham\u00e9s Silverio y ministro del MESCyT abordan la alineaci\u00f3n de la oferta curricular de la UASD"},"content":{"rendered":"<p><em>Silverio abord\u00f3 la pertinencia acad\u00e9mica, la investigaci\u00f3n y la inclusi\u00f3n en el marco del desarrollo nacional.<\/em><\/p>\n<p><strong><em>Santo Domingo, R.D.\u2013<\/em> <\/strong>El aspirante a rector de la Universidad Aut\u00f3noma de Santo Domingo <a href=\"https:\/\/deultimominuto.net\/nacionales\/mas-de-834-mil-motociclistas\/\">(UASD)<\/a>, Radham\u00e9s Silverio, sostuvo un encuentro con el ministro de Ministerio de Educaci\u00f3n Superior, Ciencia y Tecnolog\u00eda <a href=\"https:\/\/deultimominuto.net\/nacionales\/mas-de-834-mil-motociclistas\/\">(MESCyT)<\/a>, Rafael Santos Bad\u00eda, en el que abordaron la necesidad de alinear la oferta curricular universitaria con las demandas de las comunidades.<\/p>\n<p>Durante la reuni\u00f3n, las partes intercambiaron criterios sobre iniciativas orientadas a fortalecer la oferta acad\u00e9mica en las distintas facultades y recintos regionales de la UASD, resaltando su impacto en el desarrollo social y productivo del pa\u00eds.<\/p>\n<p>Silverio present\u00f3 aspectos centrales de su propuesta de gesti\u00f3n acad\u00e9mica y administrativa en el contexto del proceso electoral universitario, haciendo \u00e9nfasis en la pertinencia de los programas formativos y en la ampliaci\u00f3n de oportunidades educativas.<\/p>\n<p>\u201cEl pa\u00eds necesita una universidad m\u00e1s conectada con su entorno, que forme profesionales capaces de responder a los desaf\u00edos reales de sus comunidades\u201d, expres\u00f3 Silverio.<\/p>\n<p>Asimismo, abord\u00f3 la pertinencia acad\u00e9mica, la investigaci\u00f3n y la inclusi\u00f3n en el marco del desarrollo nacional. \u201cDebemos consolidar una educaci\u00f3n superior alineada con las necesidades nacionales, que promueva la equidad y el desarrollo sostenible\u201d, afirm\u00f3.<\/p>\n<p>En el encuentro tambi\u00e9n se trat\u00f3 el rol del MESCyT en la formulaci\u00f3n de pol\u00edticas p\u00fablicas orientadas a elevar la calidad de la educaci\u00f3n superior, as\u00ed como su funci\u00f3n en la articulaci\u00f3n entre la academia, el Estado y la sociedad.<\/p>\n<p>En materia de investigaci\u00f3n, Silverio se refiri\u00f3 al alcance del Fondo Nacional de Innovaci\u00f3n y Desarrollo Cient\u00edfico y Tecnol\u00f3gico (FONDOCyT), destacando su papel como mecanismo de financiamiento para proyectos cient\u00edficos y de innovaci\u00f3n.<\/p>\n<p>Sostuvo que el fortalecimiento de este fondo permitir\u00eda generar conocimientos aplicados y aportar soluciones a problem\u00e1ticas nacionales.<\/p>\n<p>El encuentro forma parte de los esfuerzos por promover un modelo de educaci\u00f3n superior m\u00e1s pertinente y vinculado al desarrollo del pa\u00eds.<\/p>\n<p>\u200bSilverio abord\u00f3 la pertinencia acad\u00e9mica, la investigaci\u00f3n y la inclusi\u00f3n en el marco del desarrollo nacional. Santo Domingo, R.D.\u2013 El aspirante a rector de la Universidad Aut\u00f3noma de Santo Domingo (UASD), Radham\u00e9s Silverio, sostuvo un encuentro con el ministro de Ministerio de Educaci\u00f3n Superior, Ciencia y Tecnolog\u00eda (MESCyT), Rafael Santos Bad\u00eda, en el que abordaron\u00a0\u00a0Estilo, UASD\u00a0\u00a0<\/p>\n","protected":false},"excerpt":{"rendered":"<p>Silverio abord\u00f3 la pertinencia acad\u00e9mica, la investigaci\u00f3n y la inclusi\u00f3n en el marco del desarrollo nacional. Santo Domingo, R.D.\u2013 El aspirante a rector de la Universidad Aut\u00f3noma de Santo Domingo (UASD), Radham\u00e9s Silverio, sostuvo un encuentro con el ministro de Ministerio de Educaci\u00f3n Superior, Ciencia y Tecnolog\u00eda (MESCyT), Rafael Santos Bad\u00eda, en el que abordaron [&hellip;]<\/p>\n","protected":false},"author":1,"featured_media":26137,"comment_status":"open","ping_status":"open","sticky":false,"template":"","format":"standard","meta":{"amp_status":"","footnotes":""},"categories":[3],"tags":[],"class_list":["post-26136","post","type-post","status-publish","format-standard","has-post-thumbnail","hentry","category-de-ultimo-minuto"],"_links":{"self":[{"href":"https:\/\/ermdigital.com\/index.php?rest_route=\/wp\/v2\/posts\/26136","targetHints":{"allow":["GET"]}}],"collection":[{"href":"https:\/\/ermdigital.com\/index.php?rest_route=\/wp\/v2\/posts"}],"about":[{"href":"https:\/\/ermdigital.com\/index.php?rest_route=\/wp\/v2\/types\/post"}],"author":[{"embeddable":true,"href":"https:\/\/ermdigital.com\/index.php?rest_route=\/wp\/v2\/users\/1"}],"replies":[{"embeddable":true,"href":"https:\/\/ermdigital.com\/index.php?rest_route=%2Fwp%2Fv2%2Fcomments&post=26136"}],"version-history":[{"count":0,"href":"https:\/\/ermdigital.com\/index.php?rest_route=\/wp\/v2\/posts\/26136\/revisions"}],"wp:featuredmedia":[{"embeddable":true,"href":"https:\/\/ermdigital.com\/index.php?rest_route=\/wp\/v2\/media\/26137"}],"wp:attachment":[{"href":"https:\/\/ermdigital.com\/index.php?rest_route=%2Fwp%2Fv2%2Fmedia&parent=26136"}],"wp:term":[{"taxonomy":"category","embeddable":true,"href":"https:\/\/ermdigital.com\/index.php?rest_route=%2Fwp%2Fv2%2Fcategories&post=26136"},{"taxonomy":"post_tag","embeddable":true,"href":"https:\/\/ermdigital.com\/index.php?rest_route=%2Fwp%2Fv2%2Ftags&post=26136"}],"curies":[{"name":"wp","href":"https:\/\/api.w.org\/{rel}","templated":true}]}}