{"id":26134,"date":"2026-04-29T15:06:04","date_gmt":"2026-04-29T19:06:04","guid":{"rendered":"https:\/\/ermdigital.com\/?p=26134"},"modified":"2026-04-29T15:06:04","modified_gmt":"2026-04-29T19:06:04","slug":"imponen-tres-meses-de-prision-preventiva-a-hombres-por-homicidio-de-ciudadano-puertorriqueno-en-santiago","status":"publish","type":"post","link":"https:\/\/ermdigital.com\/?p=26134","title":{"rendered":"Imponen tres meses de prisi\u00f3n preventiva a hombres por homicidio de ciudadano puertorrique\u00f1o en Santiago"},"content":{"rendered":"<p><strong>Santiago.-<\/strong> El Tribunal de <a href=\"https:\/\/deultimominuto.net\/nacionales\/abaten-en-santiago-a-el-solitario\/\">Atenci\u00f3n Permanente del Distrito Judicial de Santiago <\/a>dict\u00f3 este mi\u00e9rcoles tres meses de prisi\u00f3n preventiva contra tres hombres acusados de participar en el homicidio del ciudadano puertorrique\u00f1o Raymond Clemente Navarro, de 52 a\u00f1os, ocurrido durante un asalto en el municipio de Pu\u00f1al.<\/p>\n<p>La medida fue impuesta por la jueza Yarirza Cabral, quien consider\u00f3 la gravedad del hecho y los antecedentes penales de algunos de los imputados como elementos determinantes para ordenar su env\u00edo a prisi\u00f3n.<\/p>\n<p>Los acusados, identificados como Sa\u00fal Hern\u00e1ndez, Wedelyn Orlando Reyes Rodr\u00edguez y Edlin Ram\u00f3n Estrella Correa, deber\u00e1n cumplir la medida cautelar en el Centro de Correcci\u00f3n y Rehabilitaci\u00f3n La Isleta, en Moca, mientras el Ministerio P\u00fablico profundiza las investigaciones.<\/p>\n<h4 class=\"wp-block-heading\"><strong>Puedes leer: <a href=\"https:\/\/deultimominuto.net\/nacionales\/abaten-en-santiago-a-el-solitario\/\">Abaten en Santiago a \u201cEl Solitario\u201d, vinculado a m\u00e1s de 40 asaltos; recuperan decenas de pertenencias<\/a><\/strong><\/h4>\n<p>De acuerdo con el expediente, los imputados habr\u00edan conformado una estructura delictiva dedicada a cometer asaltos en distintos sectores de Santiago. Para ejecutar los hechos, rentaron un veh\u00edculo bajo el pretexto de que recibir\u00edan la visita de un familiar procedente de Estados Unidos, lo que les permiti\u00f3 movilizarse sin levantar sospechas.<\/p>\n<p>El crimen ocurri\u00f3 la noche del viernes 17 de abril en la avenida Hispanoamericana, cuando la v\u00edctima fue interceptada y despojada de varias cadenas de oro, en un asalto que termin\u00f3 con su muerte.<\/p>\n<p>Durante la audiencia, el Ministerio P\u00fablico sostuvo que cuenta con evidencias suficientes que vinculan a los acusados con el hecho, mientras que representantes legales de la familia de la v\u00edctima valoraron la decisi\u00f3n del tribunal.<\/p>\n<p>El abogado de los familiares de la v\u00edctima, Roberto Vital, afirm\u00f3 que las evidencias presentadas en esta fase comprometen a los imputados y adelant\u00f3 que, de sostenerse durante el proceso, podr\u00edan derivar en condenas de hasta 30 a\u00f1os de prisi\u00f3n para cada uno de los implicados.<\/p>\n<p>En tanto, la defensa de uno de los acusados indic\u00f3 que respetar\u00e1 la decisi\u00f3n judicial, aunque no descarta recurrir la medida en instancias superiores.<\/p>\n<p>Las autoridades informaron que contin\u00faan las investigaciones, ya que no descartan la participaci\u00f3n de otras personas en el crimen.<\/p>\n<p>\u200bSantiago.- El Tribunal de Atenci\u00f3n Permanente del Distrito Judicial de Santiago dict\u00f3 este mi\u00e9rcoles tres meses de prisi\u00f3n preventiva contra tres hombres acusados de participar en el homicidio del ciudadano puertorrique\u00f1o Raymond Clemente Navarro, de 52 a\u00f1os, ocurrido durante un asalto en el municipio de Pu\u00f1al. La medida fue impuesta por la jueza Yarirza Cabral,\u00a0\u00a0Nacionales, Santiago\u00a0\u00a0<\/p>\n","protected":false},"excerpt":{"rendered":"<p>Santiago.- El Tribunal de Atenci\u00f3n Permanente del Distrito Judicial de Santiago dict\u00f3 este mi\u00e9rcoles tres meses de prisi\u00f3n preventiva contra tres hombres acusados de participar en el homicidio del ciudadano puertorrique\u00f1o Raymond Clemente Navarro, de 52 a\u00f1os, ocurrido durante un asalto en el municipio de Pu\u00f1al. La medida fue impuesta por la jueza Yarirza Cabral, [&hellip;]<\/p>\n","protected":false},"author":1,"featured_media":26135,"comment_status":"open","ping_status":"open","sticky":false,"template":"","format":"standard","meta":{"amp_status":"","footnotes":""},"categories":[3],"tags":[],"class_list":["post-26134","post","type-post","status-publish","format-standard","has-post-thumbnail","hentry","category-de-ultimo-minuto"],"_links":{"self":[{"href":"https:\/\/ermdigital.com\/index.php?rest_route=\/wp\/v2\/posts\/26134","targetHints":{"allow":["GET"]}}],"collection":[{"href":"https:\/\/ermdigital.com\/index.php?rest_route=\/wp\/v2\/posts"}],"about":[{"href":"https:\/\/ermdigital.com\/index.php?rest_route=\/wp\/v2\/types\/post"}],"author":[{"embeddable":true,"href":"https:\/\/ermdigital.com\/index.php?rest_route=\/wp\/v2\/users\/1"}],"replies":[{"embeddable":true,"href":"https:\/\/ermdigital.com\/index.php?rest_route=%2Fwp%2Fv2%2Fcomments&post=26134"}],"version-history":[{"count":0,"href":"https:\/\/ermdigital.com\/index.php?rest_route=\/wp\/v2\/posts\/26134\/revisions"}],"wp:featuredmedia":[{"embeddable":true,"href":"https:\/\/ermdigital.com\/index.php?rest_route=\/wp\/v2\/media\/26135"}],"wp:attachment":[{"href":"https:\/\/ermdigital.com\/index.php?rest_route=%2Fwp%2Fv2%2Fmedia&parent=26134"}],"wp:term":[{"taxonomy":"category","embeddable":true,"href":"https:\/\/ermdigital.com\/index.php?rest_route=%2Fwp%2Fv2%2Fcategories&post=26134"},{"taxonomy":"post_tag","embeddable":true,"href":"https:\/\/ermdigital.com\/index.php?rest_route=%2Fwp%2Fv2%2Ftags&post=26134"}],"curies":[{"name":"wp","href":"https:\/\/api.w.org\/{rel}","templated":true}]}}