{"id":26124,"date":"2026-04-29T14:28:56","date_gmt":"2026-04-29T18:28:56","guid":{"rendered":"https:\/\/ermdigital.com\/?p=26124"},"modified":"2026-04-29T14:28:56","modified_gmt":"2026-04-29T18:28:56","slug":"director-de-aduanas-preside-primera-reunion-del-comite-nacional-de-gestion-de-riesgo-en-materia-de-comercio-de-bienes","status":"publish","type":"post","link":"https:\/\/ermdigital.com\/?p=26124","title":{"rendered":"Director de Aduanas preside primera reuni\u00f3n del Comit\u00e9 Nacional de Gesti\u00f3n de Riesgo en Materia de Comercio de Bienes\u00a0"},"content":{"rendered":"<p><span class=\"field field--name-title field--type-string field--label-hidden\">Director de Aduanas preside primera reuni\u00f3n del Comit\u00e9 Nacional de Gesti\u00f3n de Riesgo en Materia de Comercio de Bienes\u00a0  <\/span><br \/>\n<span class=\"field field--name-uid field--type-entity-reference field--label-hidden\"><span>rosahenriquez<\/span><\/span><br \/>\n<span class=\"field field--name-created field--type-created field--label-hidden\"><time datetime=\"2026-04-29T14:28:56-04:00\" title=\"Mi\u00e9rcoles, Abril 29, 2026 - 14:28\" class=\"datetime\">29 de  Abril 2026 | 14:28<\/time><br \/>\n<\/span><\/p>\n<div class=\"clearfix text-formatted field field--name-body field--type-text-with-summary field--label-hidden field__item\">\n<div class=\"OutlineElement Ltr SCXW245921410 BCX0\">\n<p class=\"text-align-justify\"><span class=\"TextRun SCXW245921410 BCX0 NormalTextRun\" lang=\"ES-DO\">Santo <\/span><span class=\"TextRun SCXW245921410 BCX0 NormalTextRun ContextualSpellingAndGrammarErrorV2Themed\" lang=\"ES-DO\">Domingo.\u2013<\/span><span class=\"TextRun SCXW245921410 BCX0 NormalTextRun\" lang=\"ES-DO\"> Ante el reto de <strong>regular la gesti\u00f3n integral de riesgo<\/strong> en el sistema aduanero de la Rep\u00fablica Dominicana, y con el prop\u00f3sito de facilitar el equilibrio entre <strong>control, cumplimiento, recaudaci\u00f3n y facilitaci\u00f3n<\/strong> del comercio, la Direcci\u00f3n General de Aduanas (<strong>DGA<\/strong>) presidi\u00f3 la primera sesi\u00f3n de trabajo del Comit\u00e9 Nacional de Gesti\u00f3n de Riesgo en Materia de Comercio de Bienes.\u00a0<\/span><span class=\"EOP SCXW245921410 BCX0\">\u00a0<\/span><\/p>\n<\/div>\n<div class=\"OutlineElement Ltr SCXW245921410 BCX0\">\n<p class=\"text-align-justify\"><span class=\"TextRun SCXW245921410 BCX0 NormalTextRun\" lang=\"ES-DO\">El presidente del comit\u00e9, <strong>Nelson Arroyo<\/strong>, en sus palabras centrales, asegur\u00f3 que dicha reuni\u00f3n es un mandato de la <strong>Ley 168-21,<\/strong> de Aduanas de la Rep\u00fablica Dominicana y su reglamento de aplicaci\u00f3n, <strong>Decreto 755-22<\/strong>, en atenci\u00f3n a la importancia de fortalecer la coordinaci\u00f3n interinstitucional en gesti\u00f3n de riesgo <strong>aplicada al comercio de bienes.<\/strong>\u00a0<\/span><span class=\"EOP SCXW245921410 BCX0\">\u00a0<\/span><\/p>\n<\/div>\n<div class=\"OutlineElement Ltr SCXW245921410 BCX0\">\n<p class=\"text-align-justify\"><em><span class=\"TextRun SCXW245921410 BCX0 NormalTextRun\" lang=\"ES-DO\">\u201cEstamos proyectando el modelo de pa\u00eds que queremos construir. Una Rep\u00fablica Dominicana m\u00e1s competitiva, m\u00e1s confiable e integrada al comercio global, esto no ser\u00e1 fruto del azar, sino de decisiones estrat\u00e9gicas, instituciones s\u00f3lidas y una visi\u00f3n compartida entre todas las instituciones del Estado que concurren en el control aduanero\u201d,<\/span><\/em><span class=\"TextRun SCXW245921410 BCX0 NormalTextRun\" lang=\"ES-DO\"> destac\u00f3 el titular de la DGA.\u00a0<\/span><span class=\"EOP SCXW245921410 BCX0\">\u00a0<\/span><\/p>\n<\/div>\n<div class=\"OutlineElement Ltr SCXW245921410 BCX0\">\n<p class=\"text-align-justify\"><span class=\"TextRun SCXW245921410 BCX0 NormalTextRun\" lang=\"ES-DO\">La Gesti\u00f3n Integral de Riesgo (GIR) ser\u00e1 coordinada por Aduanas y con ella se establece un <strong>modelo de control<\/strong> que permite <strong>identificar, evaluar y mitigar riesgos<\/strong> en todas las etapas del despacho (antes, durante y despu\u00e9s), integrando a m\u00faltiples instituciones del Estado que tienen un rol de control en <strong>puertos, aeropuertos y pasos fronterizos terrestres<\/strong>, bajo lineamientos comunes.\u00a0<\/span><span class=\"EOP SCXW245921410 BCX0\">\u00a0<\/span><\/p>\n<\/div>\n<p><img decoding=\"async\" src=\"https:\/\/www.presidencia.gob.do\/sites\/default\/files\/inline-images\/Dise%C3%B1o%20sin%20t%C3%ADtulo%20%2856%29.png\" data-entity-uuid=\"79831a67-0f18-471e-9262-fe48aeaa8cba\" data-entity-type=\"file\" width=\"1300\" height=\"730\" loading=\"lazy\">\n<\/p>\n<div class=\"OutlineElement Ltr SCXW245921410 BCX0\">\n<p class=\"text-align-justify\"><em><span class=\"TextRun SCXW245921410 BCX0 NormalTextRun\" lang=\"ES-DO\">\u201cDesde la DGA reafirmamos nuestro compromiso de seguir siendo un facilitador del desarrollo, un garante de la legalidad y un socio estrat\u00e9gico del comercio, convencidos de que una aduana moderna, eficiente y transparente no solo mueve mercanc\u00edas: mueve oportunidades, fortalece la confianza y abre el camino hacia un crecimiento sostenible para todos\u201d<\/span><\/em><span class=\"TextRun SCXW245921410 BCX0 NormalTextRun\" lang=\"ES-DO\">, ponder\u00f3 Arroyo.\u00a0<\/span><span class=\"EOP SCXW245921410 BCX0\">\u00a0<\/span><\/p>\n<\/div>\n<div class=\"OutlineElement Ltr SCXW245921410 BCX0\">\n<p class=\"text-align-justify\"><span class=\"TextRun SCXW245921410 BCX0 NormalTextRun\" lang=\"ES-DO\">A trav\u00e9s del Comit\u00e9 Nacional y las mesas t\u00e9cnicas, se promueve una gesti\u00f3n articulada que <strong>previene il\u00edcitos, mejora la transparencia, fortalecer la seguridad<\/strong> en la cadena log\u00edstica, el cumplimiento de los operadores aduaneros, reducir la discrecionalidad, <strong>optimizar recursos<\/strong> y, al mismo tiempo, facilitar el comercio mediante el uso de <strong>tecnolog\u00eda, perfiles de riesgo y an\u00e1lisis de informaci\u00f3n<\/strong> compartida.\u00a0\u00a0<\/span><span class=\"EOP SCXW245921410 BCX0\">\u00a0<\/span><\/p>\n<\/div>\n<div class=\"OutlineElement Ltr SCXW245921410 BCX0\">\n<p class=\"text-align-justify\"><span class=\"TextRun SCXW245921410 BCX0 NormalTextRun\" lang=\"ES-DO\">Este primer encuentro destaca el compromiso del pa\u00eds con las mejores pr\u00e1cticas internacionales, aline\u00e1ndose con las recomendaciones de la <strong>Organizaci\u00f3n Mundial de Aduanas<\/strong> (OMA), que sostiene: El control aduanero debe basarse en un sistema de gesti\u00f3n de riesgos, porque garantiza decisiones objetivas, <strong>transparentes y consistentes,<\/strong> reduciendo la posibilidad de errores, arbitrariedad o corrupci\u00f3n.\u00a0<\/span><span class=\"EOP SCXW245921410 BCX0\">\u00a0<\/span><\/p>\n<\/div>\n<div class=\"OutlineElement Ltr SCXW245921410 BCX0\">\n<p class=\"text-align-justify\"><span class=\"TextRun SCXW245921410 BCX0 NormalTextRun\" lang=\"ES-DO\">La reuni\u00f3n estuvo encabezada por el director de la DGA, <strong>Nelson Arroyo<\/strong>, y en la que participaron representantes de <strong>m\u00e1s de 11 entidades<\/strong> de diferentes sectores como son: el ministro de Defensa (MIDE), <strong>teniente general Carlos Antonio Fern\u00e1ndez Onofre<\/strong>; el ministro de Industria, Comercio y <\/span><span class=\"TextRun SCXW245921410 BCX0 NormalTextRun SpellingErrorV2Themed\" lang=\"ES-DO\">Mipymes<\/span><span class=\"TextRun SCXW245921410 BCX0 NormalTextRun\" lang=\"ES-DO\"> (MICM), <strong>Eduardo Sanz <\/strong><\/span><span class=\"TextRun SCXW245921410 BCX0 NormalTextRun SpellingErrorV2Themed\" lang=\"ES-DO\"><strong>Lovat\u00f3n<\/strong><\/span><span class=\"TextRun SCXW245921410 BCX0 NormalTextRun\" lang=\"ES-DO\">; el ministro de Vivienda (<\/span><span class=\"TextRun SCXW245921410 BCX0 NormalTextRun SpellingErrorV2Themed\" lang=\"ES-DO\">Mived<\/span><span class=\"TextRun SCXW245921410 BCX0 NormalTextRun\" lang=\"ES-DO\">), <strong>V\u00edctor Bison\u00f3<\/strong>; el ministro de Agricultura (MA), <strong>Francisco <\/strong><\/span><span class=\"TextRun SCXW245921410 BCX0 NormalTextRun SpellingErrorV2Themed\" lang=\"ES-DO\"><strong>Oliviero<\/strong><\/span><span class=\"TextRun SCXW245921410 BCX0 NormalTextRun\" lang=\"ES-DO\"><strong> Espaillat<\/strong>; el director general de Impuestas Internos (DGII), <strong>Pedro Urrutia<\/strong>, el director general de Migraci\u00f3n (DGM), <strong>vicealmirante (ARD) Luis Rafael Lee <\/strong><\/span><span class=\"TextRun SCXW245921410 BCX0 NormalTextRun SpellingErrorV2Themed\" lang=\"ES-DO\"><strong>Ballaster<\/strong><\/span><span class=\"TextRun SCXW245921410 BCX0 NormalTextRun\" lang=\"ES-DO\">; el titular del Instituto Dominicano para la Calidad (<\/span><span class=\"TextRun SCXW245921410 BCX0 NormalTextRun SpellingErrorV2Themed\" lang=\"ES-DO\">Indocal<\/span><span class=\"TextRun SCXW245921410 BCX0 NormalTextRun\" lang=\"ES-DO\">), <\/span><span class=\"TextRun SCXW245921410 BCX0 NormalTextRun SpellingErrorV2Themed\" lang=\"ES-DO\"><strong>Nestor<\/strong><\/span><span class=\"TextRun SCXW245921410 BCX0 NormalTextRun\" lang=\"ES-DO\"><strong> Julio Matos Ure\u00f1a<\/strong>. As\u00ed mismo, los subdirectores de la DGA: <strong>Gabino Polanco, <\/strong><\/span><span class=\"TextRun SCXW245921410 BCX0 NormalTextRun SpellingErrorV2Themed\" lang=\"ES-DO\"><strong>Anulfo<\/strong><\/span><span class=\"TextRun SCXW245921410 BCX0 NormalTextRun\" lang=\"ES-DO\"><strong> Pascual, Rosa Fern\u00e1ndez, Raquel Soriano, Francis Almonte y Frederick L\u00f3pez<\/strong>; la gerente de Fiscalizaci\u00f3n, <\/span><span class=\"TextRun SCXW245921410 BCX0 NormalTextRun SpellingErrorV2Themed\" lang=\"ES-DO\"><strong>Nabila<\/strong><\/span><span class=\"TextRun SCXW245921410 BCX0 NormalTextRun\" lang=\"ES-DO\"><strong> Varela<\/strong>, y el asesor, <strong>Eduardo Rodr\u00edguez,<\/strong> entre otros.<\/span><span class=\"EOP SCXW245921410 BCX0\">\u00a0<\/span><\/p>\n<\/div>\n<\/div>\n<div class=\"field field--name-field-image field--type-image field--label-hidden field__item\">  <img decoding=\"async\" loading=\"lazy\" src=\"https:\/\/www.presidencia.gob.do\/sites\/default\/files\/news\/2026-04\/Dise%C3%B1o%20sin%20t%C3%ADtulo%20%2855%29.png\" width=\"1300\" height=\"730\" alt=\"Aduanas\"><\/p>\n<\/div>\n<p>\u00a0Director de Aduanas preside primera reuni\u00f3n del Comit\u00e9 Nacional de Gesti\u00f3n de Riesgo en Materia de Comercio de Bienes\u00a0<br \/>\nrosahenriquez<br \/>\n29 de  Abril 2026 | 14:28<\/p>\n<p>Santo Domingo.\u2013 Ante el reto de regular la gesti\u00f3n integral de riesgo en el sistema aduanero de la Rep\u00fablica Dominicana, y con el prop\u00f3sito de facilitar el equilibrio entre control, cumplimiento, recaudaci\u00f3n y facilitaci\u00f3n del comercio, la Direcci\u00f3n General de Aduanas (DGA) presidi\u00f3 la primera sesi\u00f3n de trabajo del Comit\u00e9 Nacional de Gesti\u00f3n de Riesgo en Materia de Comercio de Bienes.\u00a0\u00a0<\/p>\n<p>El presidente del comit\u00e9, Nelson Arroyo, en sus palabras centrales, asegur\u00f3 que dicha reuni\u00f3n es un mandato de la Ley 168-21, de Aduanas de la Rep\u00fablica Dominicana y su reglamento de aplicaci\u00f3n, Decreto 755-22, en atenci\u00f3n a la importancia de fortalecer la coordinaci\u00f3n interinstitucional en gesti\u00f3n de riesgo aplicada al comercio de bienes.\u00a0\u00a0<\/p>\n<p>\u201cEstamos proyectando el modelo de pa\u00eds que queremos construir. Una Rep\u00fablica Dominicana m\u00e1s competitiva, m\u00e1s confiable e integrada al comercio global, esto no ser\u00e1 fruto del azar, sino de decisiones estrat\u00e9gicas, instituciones s\u00f3lidas y una visi\u00f3n compartida entre todas las instituciones del Estado que concurren en el control aduanero\u201d, destac\u00f3 el titular de la DGA.\u00a0\u00a0<\/p>\n<p>La Gesti\u00f3n Integral de Riesgo (GIR) ser\u00e1 coordinada por Aduanas y con ella se establece un modelo de control que permite identificar, evaluar y mitigar riesgos en todas las etapas del despacho (antes, durante y despu\u00e9s), integrando a m\u00faltiples instituciones del Estado que tienen un rol de control en puertos, aeropuertos y pasos fronterizos terrestres, bajo lineamientos comunes.\u00a0\u00a0<\/p>\n<p>\u201cDesde la DGA reafirmamos nuestro compromiso de seguir siendo un facilitador del desarrollo, un garante de la legalidad y un socio estrat\u00e9gico del comercio, convencidos de que una aduana moderna, eficiente y transparente no solo mueve mercanc\u00edas: mueve oportunidades, fortalece la confianza y abre el camino hacia un crecimiento sostenible para todos\u201d, ponder\u00f3 Arroyo.\u00a0\u00a0<\/p>\n<p>A trav\u00e9s del Comit\u00e9 Nacional y las mesas t\u00e9cnicas, se promueve una gesti\u00f3n articulada que previene il\u00edcitos, mejora la transparencia, fortalecer la seguridad en la cadena log\u00edstica, el cumplimiento de los operadores aduaneros, reducir la discrecionalidad, optimizar recursos y, al mismo tiempo, facilitar el comercio mediante el uso de tecnolog\u00eda, perfiles de riesgo y an\u00e1lisis de informaci\u00f3n compartida.\u00a0\u00a0\u00a0<\/p>\n<p>Este primer encuentro destaca el compromiso del pa\u00eds con las mejores pr\u00e1cticas internacionales, aline\u00e1ndose con las recomendaciones de la Organizaci\u00f3n Mundial de Aduanas (OMA), que sostiene: El control aduanero debe basarse en un sistema de gesti\u00f3n de riesgos, porque garantiza decisiones objetivas, transparentes y consistentes, reduciendo la posibilidad de errores, arbitrariedad o corrupci\u00f3n.\u00a0\u00a0<\/p>\n<p>La reuni\u00f3n estuvo encabezada por el director de la DGA, Nelson Arroyo, y en la que participaron representantes de m\u00e1s de 11 entidades de diferentes sectores como son: el ministro de Defensa (MIDE), teniente general Carlos Antonio Fern\u00e1ndez Onofre; el ministro de Industria, Comercio y Mipymes (MICM), Eduardo Sanz Lovat\u00f3n; el ministro de Vivienda (Mived), V\u00edctor Bison\u00f3; el ministro de Agricultura (MA), Francisco Oliviero Espaillat; el director general de Impuestas Internos (DGII), Pedro Urrutia, el director general de Migraci\u00f3n (DGM), vicealmirante (ARD) Luis Rafael Lee Ballaster; el titular del Instituto Dominicano para la Calidad (Indocal), Nestor Julio Matos Ure\u00f1a. As\u00ed mismo, los subdirectores de la DGA: Gabino Polanco, Anulfo Pascual, Rosa Fern\u00e1ndez, Raquel Soriano, Francis Almonte y Frederick L\u00f3pez; la gerente de Fiscalizaci\u00f3n, Nabila Varela, y el asesor, Eduardo Rodr\u00edguez, entre otros.\u00a0\u00a0\u00a0\u00a0<\/p>\n","protected":false},"excerpt":{"rendered":"<p>Director de Aduanas preside primera reuni\u00f3n del Comit\u00e9 Nacional de Gesti\u00f3n de Riesgo en Materia de Comercio de Bienes\u00a0 rosahenriquez 29 de Abril 2026 | 14:28 Santo Domingo.\u2013 Ante el reto de regular la gesti\u00f3n integral de riesgo en el sistema aduanero de la Rep\u00fablica Dominicana, y con el prop\u00f3sito de facilitar el equilibrio entre [&hellip;]<\/p>\n","protected":false},"author":1,"featured_media":26125,"comment_status":"open","ping_status":"open","sticky":false,"template":"","format":"standard","meta":{"amp_status":"","footnotes":""},"categories":[8],"tags":[],"class_list":["post-26124","post","type-post","status-publish","format-standard","has-post-thumbnail","hentry","category-republica"],"_links":{"self":[{"href":"https:\/\/ermdigital.com\/index.php?rest_route=\/wp\/v2\/posts\/26124","targetHints":{"allow":["GET"]}}],"collection":[{"href":"https:\/\/ermdigital.com\/index.php?rest_route=\/wp\/v2\/posts"}],"about":[{"href":"https:\/\/ermdigital.com\/index.php?rest_route=\/wp\/v2\/types\/post"}],"author":[{"embeddable":true,"href":"https:\/\/ermdigital.com\/index.php?rest_route=\/wp\/v2\/users\/1"}],"replies":[{"embeddable":true,"href":"https:\/\/ermdigital.com\/index.php?rest_route=%2Fwp%2Fv2%2Fcomments&post=26124"}],"version-history":[{"count":0,"href":"https:\/\/ermdigital.com\/index.php?rest_route=\/wp\/v2\/posts\/26124\/revisions"}],"wp:featuredmedia":[{"embeddable":true,"href":"https:\/\/ermdigital.com\/index.php?rest_route=\/wp\/v2\/media\/26125"}],"wp:attachment":[{"href":"https:\/\/ermdigital.com\/index.php?rest_route=%2Fwp%2Fv2%2Fmedia&parent=26124"}],"wp:term":[{"taxonomy":"category","embeddable":true,"href":"https:\/\/ermdigital.com\/index.php?rest_route=%2Fwp%2Fv2%2Fcategories&post=26124"},{"taxonomy":"post_tag","embeddable":true,"href":"https:\/\/ermdigital.com\/index.php?rest_route=%2Fwp%2Fv2%2Ftags&post=26124"}],"curies":[{"name":"wp","href":"https:\/\/api.w.org\/{rel}","templated":true}]}}