{"id":26122,"date":"2026-04-29T14:39:45","date_gmt":"2026-04-29T18:39:45","guid":{"rendered":"https:\/\/ermdigital.com\/?p=26122"},"modified":"2026-04-29T14:39:45","modified_gmt":"2026-04-29T18:39:45","slug":"mescyt-fortalece-cooperacion-academica-con-francia-en-areas-estrategicas-del-conocimiento","status":"publish","type":"post","link":"https:\/\/ermdigital.com\/?p=26122","title":{"rendered":"Mescyt fortalece cooperaci\u00f3n acad\u00e9mica con Francia en \u00e1reas estrat\u00e9gicas del conocimiento"},"content":{"rendered":"<p><span class=\"field field--name-title field--type-string field--label-hidden\">Mescyt fortalece cooperaci\u00f3n acad\u00e9mica con Francia en \u00e1reas estrat\u00e9gicas del conocimiento <\/span><br \/>\n<span class=\"field field--name-uid field--type-entity-reference field--label-hidden\"><span>rosahenriquez<\/span><\/span><br \/>\n<span class=\"field field--name-created field--type-created field--label-hidden\"><time datetime=\"2026-04-29T14:39:45-04:00\" title=\"Mi\u00e9rcoles, Abril 29, 2026 - 14:39\" class=\"datetime\">29 de  Abril 2026 | 14:39<\/time><br \/>\n<\/span><\/p>\n<div class=\"clearfix text-formatted field field--name-body field--type-text-with-summary field--label-hidden field__item\">\n<div class=\"OutlineElement Ltr SCXW128812282 BCX0\">\n<p><span class=\"TextRun SCXW128812282 BCX0 NormalTextRun\" lang=\"ES-DO\">Santo <\/span><span class=\"TextRun SCXW128812282 BCX0 NormalTextRun ContextualSpellingAndGrammarErrorV2Themed\" lang=\"ES-DO\">Domingo.\u2013<\/span><span class=\"TextRun SCXW128812282 BCX0 NormalTextRun\" lang=\"ES-DO\"> El ministro de <strong>Educaci\u00f3n Superior, Ciencia y Tecnolog\u00eda<\/strong> (<\/span><span class=\"TextRun SCXW128812282 BCX0 NormalTextRun SpellingErrorV2Themed\" lang=\"ES-DO\">Mescyt<\/span><span class=\"TextRun SCXW128812282 BCX0 NormalTextRun\" lang=\"ES-DO\">), <strong>Rafael Santos Bad\u00eda<\/strong>, recibi\u00f3 la visita de la embajadora de Francia en la Rep\u00fablica Dominicana, <strong>Sonia <\/strong><\/span><span class=\"TextRun SCXW128812282 BCX0 NormalTextRun SpellingErrorV2Themed\" lang=\"ES-DO\"><strong>Barbry<\/strong><\/span><span class=\"TextRun SCXW128812282 BCX0 NormalTextRun\" lang=\"ES-DO\">, en un encuentro orientado a ampliar y fortalecer los v\u00ednculos <strong>educativos, cient\u00edficos y culturales<\/strong> entre ambas naciones.<\/span><span class=\"EOP SCXW128812282 BCX0\">\u00a0<\/span><\/p>\n<\/div>\n<div class=\"OutlineElement Ltr SCXW128812282 BCX0\">\n<p><span class=\"TextRun SCXW128812282 BCX0 NormalTextRun\" lang=\"ES-DO\">Durante la reuni\u00f3n, el titular del <\/span><span class=\"TextRun SCXW128812282 BCX0 NormalTextRun SpellingErrorV2Themed\" lang=\"ES-DO\">Mescyt<\/span><span class=\"TextRun SCXW128812282 BCX0 NormalTextRun\" lang=\"ES-DO\"> destac\u00f3 el inter\u00e9s de promover acuerdos de cooperaci\u00f3n entre <strong>universidades dominicanas y francesas<\/strong>, que faciliten el intercambio acad\u00e9mico, as\u00ed como el desarrollo de programas de <strong>doble titulaci\u00f3n<\/strong> en \u00e1reas estrat\u00e9gicas del conocimiento.<\/span><span class=\"EOP SCXW128812282 BCX0\">\u00a0<\/span><\/p>\n<\/div>\n<div class=\"OutlineElement Ltr SCXW128812282 BCX0\">\n<p><em><span class=\"TextRun SCXW128812282 BCX0 NormalTextRun\" lang=\"ES-DO\">\u201cEstamos promoviendo que universidades de la Rep\u00fablica Dominicana suscriban acuerdos con universidades francesas, a fin de facilitar la llegada de catedr\u00e1ticos de Francia a nuestras instituciones de educaci\u00f3n superior IES y desarrollar proyectos conjuntos de doble titulaci\u00f3n en \u00e1reas vinculadas al futuro, tales como la investigaci\u00f3n espacial, los semiconductores y las transformaciones del empleo\u201d,<\/span><\/em><span class=\"TextRun SCXW128812282 BCX0 NormalTextRun\" lang=\"ES-DO\"> expres\u00f3 el ministro Santos Bad\u00eda.<\/span><span class=\"EOP SCXW128812282 BCX0\">\u00a0<\/span><\/p>\n<\/div>\n<div class=\"OutlineElement Ltr SCXW128812282 BCX0\">\n<p><span class=\"TextRun SCXW128812282 BCX0 NormalTextRun\" lang=\"ES-DO\">Asimismo, explic\u00f3 que el di\u00e1logo abarc\u00f3 aspectos clave relacionados con la <strong>educaci\u00f3n y la cultura<\/strong>, en el contexto del proceso de transformaci\u00f3n del sistema educativo que impulsa el pa\u00eds.\u00a0<\/span><span class=\"EOP SCXW128812282 BCX0\">\u00a0<\/span><\/p>\n<\/div>\n<div class=\"OutlineElement Ltr SCXW128812282 BCX0\">\n<p><em><span class=\"TextRun SCXW128812282 BCX0 NormalTextRun\" lang=\"ES-DO\">\u201cHemos pasado revista a las relaciones y compromisos acad\u00e9micos existentes con Francia, as\u00ed como a los acuerdos suscritos por el presidente Luis <\/span><span class=\"TextRun SCXW128812282 BCX0 NormalTextRun SpellingErrorV2Themed\" lang=\"ES-DO\">Abinader<\/span><span class=\"TextRun SCXW128812282 BCX0 NormalTextRun\" lang=\"ES-DO\"> con su hom\u00f3logo franc\u00e9s, Emmanuel Macron, durante la visita oficial realizada a ese pa\u00eds europeo\u201d,<\/span><\/em><span class=\"TextRun SCXW128812282 BCX0 NormalTextRun\" lang=\"ES-DO\"> se\u00f1al\u00f3 el funcionario.<\/span><span class=\"EOP SCXW128812282 BCX0\">\u00a0<\/span><\/p>\n<\/div>\n<div class=\"OutlineElement Ltr SCXW128812282 BCX0\">\n<p><span class=\"TextRun SCXW128812282 BCX0 NormalTextRun\" lang=\"ES-DO\">El ministro subray\u00f3 que este acercamiento abre <strong>nuevas oportunidades de cooperaci\u00f3n regional,<\/strong> incluyendo iniciativas conjuntas con territorios del Caribe donde Francia mantiene presencia, lo que permitir\u00e1 desarrollar <strong>proyectos innovadores<\/strong> y fortalecer una relaci\u00f3n hist\u00f3rica que ha contribuido a la formaci\u00f3n acad\u00e9mica de relevantes figuras dominicanas.<\/span><span class=\"EOP SCXW128812282 BCX0\">\u00a0<\/span><\/p>\n<\/div>\n<div class=\"OutlineElement Ltr SCXW128812282 BCX0\">\n<p><span class=\"TextRun SCXW128812282 BCX0 NormalTextRun\" lang=\"ES-DO\"><\/span><span class=\"TextRun SCXW128812282 BCX0 NormalTextRun\" lang=\"ES-DO\">De su lado, la embajadora Sonia <\/span><span class=\"TextRun SCXW128812282 BCX0 NormalTextRun SpellingErrorV2Themed\" lang=\"ES-DO\">Barbry<\/span><span class=\"TextRun SCXW128812282 BCX0 NormalTextRun\" lang=\"ES-DO\"> reafirm\u00f3 el <strong>compromiso del Gobierno franc\u00e9s<\/strong> con el fortalecimiento de las relaciones bilaterales y su disposici\u00f3n de seguir apoyando el <strong>desarrollo educativo y econ\u00f3mico<\/strong> de la Rep\u00fablica Dominicana.<\/span><span class=\"EOP SCXW128812282 BCX0\">\u00a0<\/span><\/p>\n<\/div>\n<div class=\"OutlineElement Ltr SCXW128812282 BCX0\">\n<p><em><span class=\"TextRun SCXW128812282 BCX0 NormalTextRun\" lang=\"EN-US\">\u201cFrancia <\/span><span class=\"TextRun SCXW128812282 BCX0 NormalTextRun SpellingErrorV2Themed\" lang=\"EN-US\">est\u00e1<\/span><span class=\"TextRun SCXW128812282 BCX0 NormalTextRun\" lang=\"EN-US\"> <\/span><span class=\"TextRun SCXW128812282 BCX0 NormalTextRun SpellingErrorV2Themed\" lang=\"EN-US\">comprometida<\/span><span class=\"TextRun SCXW128812282 BCX0 NormalTextRun\" lang=\"EN-US\"> <\/span><span class=\"TextRun SCXW128812282 BCX0 NormalTextRun SpellingErrorV2Themed\" lang=\"EN-US\">en<\/span><span class=\"TextRun SCXW128812282 BCX0 NormalTextRun\" lang=\"EN-US\"> <\/span><span class=\"TextRun SCXW128812282 BCX0 NormalTextRun SpellingErrorV2Themed\" lang=\"EN-US\">acompa\u00f1ar<\/span><span class=\"TextRun SCXW128812282 BCX0 NormalTextRun\" lang=\"EN-US\"> a la Rep\u00fablica Dominicana <\/span><span class=\"TextRun SCXW128812282 BCX0 NormalTextRun SpellingErrorV2Themed\" lang=\"EN-US\">en<\/span><span class=\"TextRun SCXW128812282 BCX0 NormalTextRun\" lang=\"EN-US\"> <\/span><span class=\"TextRun SCXW128812282 BCX0 NormalTextRun SpellingErrorV2Themed\" lang=\"EN-US\">su<\/span><span class=\"TextRun SCXW128812282 BCX0 NormalTextRun\" lang=\"EN-US\"> <\/span><span class=\"TextRun SCXW128812282 BCX0 NormalTextRun SpellingErrorV2Themed\" lang=\"EN-US\">crecimiento<\/span><span class=\"TextRun SCXW128812282 BCX0 NormalTextRun\" lang=\"EN-US\"> <\/span><span class=\"TextRun SCXW128812282 BCX0 NormalTextRun SpellingErrorV2Themed\" lang=\"EN-US\">econ\u00f3mico<\/span><span class=\"TextRun SCXW128812282 BCX0 NormalTextRun\" lang=\"EN-US\"> y <\/span><span class=\"TextRun SCXW128812282 BCX0 NormalTextRun SpellingErrorV2Themed\" lang=\"EN-US\">en<\/span><span class=\"TextRun SCXW128812282 BCX0 NormalTextRun\" lang=\"EN-US\"> la <\/span><span class=\"TextRun SCXW128812282 BCX0 NormalTextRun SpellingErrorV2Themed\" lang=\"EN-US\">reforma<\/span><span class=\"TextRun SCXW128812282 BCX0 NormalTextRun\" lang=\"EN-US\"> de <\/span><span class=\"TextRun SCXW128812282 BCX0 NormalTextRun SpellingErrorV2Themed\" lang=\"EN-US\">su<\/span><span class=\"TextRun SCXW128812282 BCX0 NormalTextRun\" lang=\"EN-US\"> <\/span><span class=\"TextRun SCXW128812282 BCX0 NormalTextRun SpellingErrorV2Themed\" lang=\"EN-US\">sistema<\/span><span class=\"TextRun SCXW128812282 BCX0 NormalTextRun\" lang=\"EN-US\"> <\/span><span class=\"TextRun SCXW128812282 BCX0 NormalTextRun SpellingErrorV2Themed\" lang=\"EN-US\">educativo<\/span><span class=\"TextRun SCXW128812282 BCX0 NormalTextRun\" lang=\"EN-US\">. <\/span><span class=\"TextRun SCXW128812282 BCX0 NormalTextRun SpellingErrorV2Themed\" lang=\"EN-US\">Hemos<\/span><span class=\"TextRun SCXW128812282 BCX0 NormalTextRun\" lang=\"EN-US\"> <\/span><span class=\"TextRun SCXW128812282 BCX0 NormalTextRun SpellingErrorV2Themed\" lang=\"EN-US\">conversado<\/span><span class=\"TextRun SCXW128812282 BCX0 NormalTextRun\" lang=\"EN-US\"> <\/span><span class=\"TextRun SCXW128812282 BCX0 NormalTextRun SpellingErrorV2Themed\" lang=\"EN-US\">sobre<\/span><span class=\"TextRun SCXW128812282 BCX0 NormalTextRun\" lang=\"EN-US\"> <\/span><span class=\"TextRun SCXW128812282 BCX0 NormalTextRun SpellingErrorV2Themed\" lang=\"EN-US\">los<\/span><span class=\"TextRun SCXW128812282 BCX0 NormalTextRun\" lang=\"EN-US\"> <\/span><span class=\"TextRun SCXW128812282 BCX0 NormalTextRun SpellingErrorV2Themed\" lang=\"EN-US\">proyectos<\/span><span class=\"TextRun SCXW128812282 BCX0 NormalTextRun\" lang=\"EN-US\"> de <\/span><span class=\"TextRun SCXW128812282 BCX0 NormalTextRun SpellingErrorV2Themed\" lang=\"EN-US\">cooperaci\u00f3n<\/span><span class=\"TextRun SCXW128812282 BCX0 NormalTextRun\" lang=\"EN-US\"> <\/span><span class=\"TextRun SCXW128812282 BCX0 NormalTextRun SpellingErrorV2Themed\" lang=\"EN-US\">actualmente<\/span><span class=\"TextRun SCXW128812282 BCX0 NormalTextRun\" lang=\"EN-US\"> <\/span><span class=\"TextRun SCXW128812282 BCX0 NormalTextRun SpellingErrorV2Themed\" lang=\"EN-US\">en<\/span><span class=\"TextRun SCXW128812282 BCX0 NormalTextRun\" lang=\"EN-US\"> <\/span><span class=\"TextRun SCXW128812282 BCX0 NormalTextRun SpellingErrorV2Themed\" lang=\"EN-US\">curso<\/span><span class=\"TextRun SCXW128812282 BCX0 NormalTextRun\" lang=\"EN-US\"> y <\/span><span class=\"TextRun SCXW128812282 BCX0 NormalTextRun SpellingErrorV2Themed\" lang=\"EN-US\">sobre<\/span><span class=\"TextRun SCXW128812282 BCX0 NormalTextRun\" lang=\"EN-US\"> las <\/span><span class=\"TextRun SCXW128812282 BCX0 NormalTextRun SpellingErrorV2Themed\" lang=\"EN-US\">oportunidades<\/span><span class=\"TextRun SCXW128812282 BCX0 NormalTextRun\" lang=\"EN-US\"> para <\/span><span class=\"TextRun SCXW128812282 BCX0 NormalTextRun SpellingErrorV2Themed\" lang=\"EN-US\">ampliarlos<\/span><span class=\"TextRun SCXW128812282 BCX0 NormalTextRun\" lang=\"EN-US\"> de <\/span><span class=\"TextRun SCXW128812282 BCX0 NormalTextRun SpellingErrorV2Themed\" lang=\"EN-US\">manera<\/span><span class=\"TextRun SCXW128812282 BCX0 NormalTextRun\" lang=\"EN-US\"> <\/span><span class=\"TextRun SCXW128812282 BCX0 NormalTextRun SpellingErrorV2Themed\" lang=\"EN-US\">conjunta<\/span><span class=\"TextRun SCXW128812282 BCX0 NormalTextRun\" lang=\"EN-US\"> con <\/span><span class=\"TextRun SCXW128812282 BCX0 NormalTextRun SpellingErrorV2Themed\" lang=\"EN-US\">el<\/span><span class=\"TextRun SCXW128812282 BCX0 NormalTextRun\" lang=\"EN-US\"> <\/span><span class=\"TextRun SCXW128812282 BCX0 NormalTextRun SpellingErrorV2Themed\" lang=\"EN-US\">Mescyt<\/span><span class=\"TextRun SCXW128812282 BCX0 NormalTextRun\" lang=\"EN-US\">\u201d, <\/span><\/em><span class=\"TextRun SCXW128812282 BCX0 NormalTextRun SpellingErrorV2Themed\" lang=\"EN-US\">manifest\u00f3<\/span><span class=\"TextRun SCXW128812282 BCX0 NormalTextRun\" lang=\"EN-US\"> la <\/span><span class=\"TextRun SCXW128812282 BCX0 NormalTextRun SpellingErrorV2Themed\" lang=\"EN-US\">diplom\u00e1tica<\/span><span class=\"TextRun SCXW128812282 BCX0 NormalTextRun\" lang=\"EN-US\">.<\/span><span class=\"EOP SCXW128812282 BCX0\">\u00a0<\/span><\/p>\n<\/div>\n<div class=\"OutlineElement Ltr SCXW128812282 BCX0\">\n<p><span class=\"TextRun SCXW128812282 BCX0 NormalTextRun\" lang=\"ES-DO\">La visita consolida la agenda de cooperaci\u00f3n internacional que impulsa el Ministerio de Educaci\u00f3n Superior, Ciencia y Tecnolog\u00eda, orientada a <strong>elevar la calidad de la educaci\u00f3n superior<\/strong>, fortalecer la <strong>investigaci\u00f3n cient\u00edfica<\/strong> y promover la innovaci\u00f3n en \u00e1reas clave para el <strong>desarrollo sostenible<\/strong> del pa\u00eds.<\/span><\/p>\n<\/div>\n<\/div>\n<div class=\"field field--name-field-image field--type-image field--label-hidden field__item\">  <img decoding=\"async\" loading=\"lazy\" src=\"https:\/\/www.presidencia.gob.do\/sites\/default\/files\/news\/2026-04\/Dise%C3%B1o%20sin%20t%C3%ADtulo%20%2857%29.png\" width=\"1300\" height=\"730\" alt=\"MESCYT\"><\/p>\n<\/div>\n<p>\u00a0Mescyt fortalece cooperaci\u00f3n acad\u00e9mica con Francia en \u00e1reas estrat\u00e9gicas del conocimiento<br \/>\nrosahenriquez<br \/>\n29 de  Abril 2026 | 14:39<\/p>\n<p>Santo Domingo.\u2013 El ministro de Educaci\u00f3n Superior, Ciencia y Tecnolog\u00eda (Mescyt), Rafael Santos Bad\u00eda, recibi\u00f3 la visita de la embajadora de Francia en la Rep\u00fablica Dominicana, Sonia Barbry, en un encuentro orientado a ampliar y fortalecer los v\u00ednculos educativos, cient\u00edficos y culturales entre ambas naciones.\u00a0<\/p>\n<p>Durante la reuni\u00f3n, el titular del Mescyt destac\u00f3 el inter\u00e9s de promover acuerdos de cooperaci\u00f3n entre universidades dominicanas y francesas, que faciliten el intercambio acad\u00e9mico, as\u00ed como el desarrollo de programas de doble titulaci\u00f3n en \u00e1reas estrat\u00e9gicas del conocimiento.\u00a0<\/p>\n<p>\u201cEstamos promoviendo que universidades de la Rep\u00fablica Dominicana suscriban acuerdos con universidades francesas, a fin de facilitar la llegada de catedr\u00e1ticos de Francia a nuestras instituciones de educaci\u00f3n superior IES y desarrollar proyectos conjuntos de doble titulaci\u00f3n en \u00e1reas vinculadas al futuro, tales como la investigaci\u00f3n espacial, los semiconductores y las transformaciones del empleo\u201d, expres\u00f3 el ministro Santos Bad\u00eda.\u00a0<\/p>\n<p>Asimismo, explic\u00f3 que el di\u00e1logo abarc\u00f3 aspectos clave relacionados con la educaci\u00f3n y la cultura, en el contexto del proceso de transformaci\u00f3n del sistema educativo que impulsa el pa\u00eds.\u00a0\u00a0<\/p>\n<p>\u201cHemos pasado revista a las relaciones y compromisos acad\u00e9micos existentes con Francia, as\u00ed como a los acuerdos suscritos por el presidente Luis Abinader con su hom\u00f3logo franc\u00e9s, Emmanuel Macron, durante la visita oficial realizada a ese pa\u00eds europeo\u201d, se\u00f1al\u00f3 el funcionario.\u00a0<\/p>\n<p>El ministro subray\u00f3 que este acercamiento abre nuevas oportunidades de cooperaci\u00f3n regional, incluyendo iniciativas conjuntas con territorios del Caribe donde Francia mantiene presencia, lo que permitir\u00e1 desarrollar proyectos innovadores y fortalecer una relaci\u00f3n hist\u00f3rica que ha contribuido a la formaci\u00f3n acad\u00e9mica de relevantes figuras dominicanas.\u00a0<\/p>\n<p>De su lado, la embajadora Sonia Barbry reafirm\u00f3 el compromiso del Gobierno franc\u00e9s con el fortalecimiento de las relaciones bilaterales y su disposici\u00f3n de seguir apoyando el desarrollo educativo y econ\u00f3mico de la Rep\u00fablica Dominicana.\u00a0<\/p>\n<p>\u201cFrancia est\u00e1 comprometida en acompa\u00f1ar a la Rep\u00fablica Dominicana en su crecimiento econ\u00f3mico y en la reforma de su sistema educativo. Hemos conversado sobre los proyectos de cooperaci\u00f3n actualmente en curso y sobre las oportunidades para ampliarlos de manera conjunta con el Mescyt\u201d, manifest\u00f3 la diplom\u00e1tica.\u00a0<\/p>\n<p>La visita consolida la agenda de cooperaci\u00f3n internacional que impulsa el Ministerio de Educaci\u00f3n Superior, Ciencia y Tecnolog\u00eda, orientada a elevar la calidad de la educaci\u00f3n superior, fortalecer la investigaci\u00f3n cient\u00edfica y promover la innovaci\u00f3n en \u00e1reas clave para el desarrollo sostenible del pa\u00eds.\u00a0\u00a0\u00a0<\/p>\n","protected":false},"excerpt":{"rendered":"<p>Mescyt fortalece cooperaci\u00f3n acad\u00e9mica con Francia en \u00e1reas estrat\u00e9gicas del conocimiento rosahenriquez 29 de Abril 2026 | 14:39 Santo Domingo.\u2013 El ministro de Educaci\u00f3n Superior, Ciencia y Tecnolog\u00eda (Mescyt), Rafael Santos Bad\u00eda, recibi\u00f3 la visita de la embajadora de Francia en la Rep\u00fablica Dominicana, Sonia Barbry, en un encuentro orientado a ampliar y fortalecer los [&hellip;]<\/p>\n","protected":false},"author":1,"featured_media":26123,"comment_status":"open","ping_status":"open","sticky":false,"template":"","format":"standard","meta":{"amp_status":"","footnotes":""},"categories":[8],"tags":[],"class_list":["post-26122","post","type-post","status-publish","format-standard","has-post-thumbnail","hentry","category-republica"],"_links":{"self":[{"href":"https:\/\/ermdigital.com\/index.php?rest_route=\/wp\/v2\/posts\/26122","targetHints":{"allow":["GET"]}}],"collection":[{"href":"https:\/\/ermdigital.com\/index.php?rest_route=\/wp\/v2\/posts"}],"about":[{"href":"https:\/\/ermdigital.com\/index.php?rest_route=\/wp\/v2\/types\/post"}],"author":[{"embeddable":true,"href":"https:\/\/ermdigital.com\/index.php?rest_route=\/wp\/v2\/users\/1"}],"replies":[{"embeddable":true,"href":"https:\/\/ermdigital.com\/index.php?rest_route=%2Fwp%2Fv2%2Fcomments&post=26122"}],"version-history":[{"count":0,"href":"https:\/\/ermdigital.com\/index.php?rest_route=\/wp\/v2\/posts\/26122\/revisions"}],"wp:featuredmedia":[{"embeddable":true,"href":"https:\/\/ermdigital.com\/index.php?rest_route=\/wp\/v2\/media\/26123"}],"wp:attachment":[{"href":"https:\/\/ermdigital.com\/index.php?rest_route=%2Fwp%2Fv2%2Fmedia&parent=26122"}],"wp:term":[{"taxonomy":"category","embeddable":true,"href":"https:\/\/ermdigital.com\/index.php?rest_route=%2Fwp%2Fv2%2Fcategories&post=26122"},{"taxonomy":"post_tag","embeddable":true,"href":"https:\/\/ermdigital.com\/index.php?rest_route=%2Fwp%2Fv2%2Ftags&post=26122"}],"curies":[{"name":"wp","href":"https:\/\/api.w.org\/{rel}","templated":true}]}}