{"id":26120,"date":"2026-04-29T14:55:55","date_gmt":"2026-04-29T18:55:55","guid":{"rendered":"https:\/\/ermdigital.com\/?p=26120"},"modified":"2026-04-29T14:55:55","modified_gmt":"2026-04-29T18:55:55","slug":"republica-dominicana-firma-tratado-con-espana-para-fortalecer-la-prevencion-y-deteccion-del-crimen-organizado","status":"publish","type":"post","link":"https:\/\/ermdigital.com\/?p=26120","title":{"rendered":"Rep\u00fablica Dominicana firma tratado con Espa\u00f1a para fortalecer la prevenci\u00f3n y detecci\u00f3n del crimen organizado"},"content":{"rendered":"<p><span class=\"field field--name-title field--type-string field--label-hidden\">Rep\u00fablica Dominicana firma tratado con Espa\u00f1a para fortalecer la prevenci\u00f3n y detecci\u00f3n del crimen organizado <\/span><br \/>\n<span class=\"field field--name-uid field--type-entity-reference field--label-hidden\"><span>rosahenriquez<\/span><\/span><br \/>\n<span class=\"field field--name-created field--type-created field--label-hidden\"><time datetime=\"2026-04-29T14:55:55-04:00\" title=\"Mi\u00e9rcoles, Abril 29, 2026 - 14:55\" class=\"datetime\">29 de  Abril 2026 | 14:55<\/time><br \/>\n<\/span><\/p>\n<div class=\"clearfix text-formatted field field--name-body field--type-text-with-summary field--label-hidden field__item\">\n<div class=\"OutlineElement Ltr SCXW26545995 BCX0\">\n<p><span class=\"TextRun SCXW26545995 BCX0 NormalTextRun\" lang=\"ES-DO\">Santo Domingo.- <strong>La Rep\u00fablica Dominicana y Espa\u00f1a<\/strong> firmaron un <strong>tratado internacional<\/strong>, con el objetivo de fortalecer la <strong>lucha contra la delincuencia organizada<\/strong> y mejorar los niveles de <strong>seguridad ciudadana<\/strong> en ambos pa\u00edses.<\/span><span class=\"EOP SCXW26545995 BCX0\">\u00a0<\/span><\/p>\n<\/div>\n<div class=\"OutlineElement Ltr SCXW26545995 BCX0\">\n<p><span class=\"TextRun SCXW26545995 BCX0 NormalTextRun\" lang=\"ES-DO\">El acuerdo fue suscrito por la ministra de Interior y Polic\u00eda, <strong>Faride <\/strong><\/span><span class=\"TextRun SCXW26545995 BCX0 NormalTextRun SpellingErrorV2Themed\" lang=\"ES-DO\"><strong>Raful<\/strong><\/span><span class=\"TextRun SCXW26545995 BCX0 NormalTextRun\" lang=\"ES-DO\">, y el ministro de Interior de Espa\u00f1a, <strong>Fernando Grande-Marlaska G\u00f3mez<\/strong>, en el marco de la colaboraci\u00f3n bilateral para <strong>prevenir, detectar e investigar delitos<\/strong> que trascienden fronteras.<\/span><span class=\"EOP SCXW26545995 BCX0\">\u00a0<\/span><\/p>\n<\/div>\n<div class=\"OutlineElement Ltr SCXW26545995 BCX0\">\n<p><span class=\"TextRun SCXW26545995 BCX0 NormalTextRun\" lang=\"ES-DO\">El tratado considera la cooperaci\u00f3n en <strong>una amplia gama de delitos<\/strong>, incluyendo el crimen organizado, el tr\u00e1fico de armas, el narcotr\u00e1fico, la trata de personas, los delitos financieros, la ciberdelincuencia, la violencia dom\u00e9stica y de g\u00e9nero, el robo y tr\u00e1fico de veh\u00edculos, el uso ilegal y la falsificaci\u00f3n de documentos de identidad, entre otras acciones delictivas que afectan la seguridad.<\/span><span class=\"EOP SCXW26545995 BCX0\">\u00a0<\/span><\/p>\n<\/div>\n<div class=\"OutlineElement Ltr SCXW26545995 BCX0\">\n<p><span class=\"TextRun SCXW26545995 BCX0 NormalTextRun\" lang=\"ES-DO\">Adem\u00e1s, establece mecanismos de intercambio de informaci\u00f3n, investigaciones en conjunto y asistencia operativa, que permitir\u00e1n <strong>fortalecer la identificaci\u00f3n de sospechosos,<\/strong> la b\u00fasqueda de <strong>personas desaparecidas<\/strong>, la localizaci\u00f3n de redes delictivas y la recuperaci\u00f3n de <strong>bienes vinculados a actividades il\u00edcitas.<\/strong><\/span><span class=\"EOP SCXW26545995 BCX0\">\u00a0<\/span><\/p>\n<\/div>\n<p><img decoding=\"async\" src=\"https:\/\/www.presidencia.gob.do\/sites\/default\/files\/inline-images\/Dise%C3%B1o%20sin%20t%C3%ADtulo%20%2858%29.png\" data-entity-uuid=\"01023316-be1d-4be0-9a54-795451db8847\" data-entity-type=\"file\" width=\"1300\" height=\"730\" loading=\"lazy\">\n<\/p>\n<div class=\"OutlineElement Ltr SCXW26545995 BCX0\">\n<p><span class=\"TextRun SCXW26545995 BCX0 NormalTextRun\" lang=\"EN-US\">La <\/span><span class=\"TextRun SCXW26545995 BCX0 NormalTextRun SpellingErrorV2Themed\" lang=\"EN-US\">ministra<\/span><span class=\"TextRun SCXW26545995 BCX0 NormalTextRun\" lang=\"EN-US\"> Faride <\/span><span class=\"TextRun SCXW26545995 BCX0 NormalTextRun SpellingErrorV2Themed\" lang=\"EN-US\">Raful<\/span><span class=\"TextRun SCXW26545995 BCX0 NormalTextRun\" lang=\"EN-US\"> <\/span><span class=\"TextRun SCXW26545995 BCX0 NormalTextRun SpellingErrorV2Themed\" lang=\"EN-US\">destac\u00f3<\/span><span class=\"TextRun SCXW26545995 BCX0 NormalTextRun\" lang=\"EN-US\"> <\/span><span class=\"TextRun SCXW26545995 BCX0 NormalTextRun SpellingErrorV2Themed\" lang=\"EN-US\">c\u00f3mo<\/span><span class=\"TextRun SCXW26545995 BCX0 NormalTextRun\" lang=\"EN-US\"> <\/span><span class=\"TextRun SCXW26545995 BCX0 NormalTextRun SpellingErrorV2Themed\" lang=\"EN-US\">este<\/span><span class=\"TextRun SCXW26545995 BCX0 NormalTextRun\" lang=\"EN-US\"> <\/span><span class=\"TextRun SCXW26545995 BCX0 NormalTextRun SpellingErrorV2Themed\" lang=\"EN-US\">tratado<\/span><span class=\"TextRun SCXW26545995 BCX0 NormalTextRun\" lang=\"EN-US\"> <\/span><em><span class=\"TextRun SCXW26545995 BCX0 NormalTextRun\" lang=\"EN-US\">\u201choy <\/span><span class=\"TextRun SCXW26545995 BCX0 NormalTextRun SpellingErrorV2Themed\" lang=\"EN-US\">ordena<\/span><span class=\"TextRun SCXW26545995 BCX0 NormalTextRun\" lang=\"EN-US\"> <\/span><span class=\"TextRun SCXW26545995 BCX0 NormalTextRun SpellingErrorV2Themed\" lang=\"EN-US\">esa<\/span><span class=\"TextRun SCXW26545995 BCX0 NormalTextRun\" lang=\"EN-US\"> <\/span><span class=\"TextRun SCXW26545995 BCX0 NormalTextRun SpellingErrorV2Themed\" lang=\"EN-US\">cooperaci\u00f3n<\/span><span class=\"TextRun SCXW26545995 BCX0 NormalTextRun\" lang=\"EN-US\"> <\/span><span class=\"TextRun SCXW26545995 BCX0 NormalTextRun SpellingErrorV2Themed\" lang=\"EN-US\">en<\/span><span class=\"TextRun SCXW26545995 BCX0 NormalTextRun\" lang=\"EN-US\"> <\/span><span class=\"TextRun SCXW26545995 BCX0 NormalTextRun SpellingErrorV2Themed\" lang=\"EN-US\">los<\/span><span class=\"TextRun SCXW26545995 BCX0 NormalTextRun\" lang=\"EN-US\"> <\/span><span class=\"TextRun SCXW26545995 BCX0 NormalTextRun SpellingErrorV2Themed\" lang=\"EN-US\">frentes<\/span><span class=\"TextRun SCXW26545995 BCX0 NormalTextRun\" lang=\"EN-US\"> <\/span><span class=\"TextRun SCXW26545995 BCX0 NormalTextRun SpellingErrorV2Themed\" lang=\"EN-US\">que<\/span><span class=\"TextRun SCXW26545995 BCX0 NormalTextRun\" lang=\"EN-US\"> la <\/span><span class=\"TextRun SCXW26545995 BCX0 NormalTextRun SpellingErrorV2Themed\" lang=\"EN-US\">realidad<\/span><span class=\"TextRun SCXW26545995 BCX0 NormalTextRun\" lang=\"EN-US\"> criminal <\/span><span class=\"TextRun SCXW26545995 BCX0 NormalTextRun SpellingErrorV2Themed\" lang=\"EN-US\">exige<\/span><span class=\"TextRun SCXW26545995 BCX0 NormalTextRun\" lang=\"EN-US\"> para <\/span><span class=\"TextRun SCXW26545995 BCX0 NormalTextRun SpellingErrorV2Themed\" lang=\"EN-US\">convertirnos<\/span><span class=\"TextRun SCXW26545995 BCX0 NormalTextRun\" lang=\"EN-US\"> <\/span><span class=\"TextRun SCXW26545995 BCX0 NormalTextRun SpellingErrorV2Themed\" lang=\"EN-US\">en<\/span><span class=\"TextRun SCXW26545995 BCX0 NormalTextRun\" lang=\"EN-US\"> <\/span><span class=\"TextRun SCXW26545995 BCX0 NormalTextRun SpellingErrorV2Themed\" lang=\"EN-US\">m\u00e1s<\/span><span class=\"TextRun SCXW26545995 BCX0 NormalTextRun\" lang=\"EN-US\"> <\/span><span class=\"TextRun SCXW26545995 BCX0 NormalTextRun SpellingErrorV2Themed\" lang=\"EN-US\">capaces<\/span><span class=\"TextRun SCXW26545995 BCX0 NormalTextRun\" lang=\"EN-US\">, <\/span><span class=\"TextRun SCXW26545995 BCX0 NormalTextRun SpellingErrorV2Themed\" lang=\"EN-US\">eficientes<\/span><span class=\"TextRun SCXW26545995 BCX0 NormalTextRun\" lang=\"EN-US\"> y <\/span><span class=\"TextRun SCXW26545995 BCX0 NormalTextRun SpellingErrorV2Themed\" lang=\"EN-US\">m\u00e1s<\/span><span class=\"TextRun SCXW26545995 BCX0 NormalTextRun\" lang=\"EN-US\"> <\/span><span class=\"TextRun SCXW26545995 BCX0 NormalTextRun SpellingErrorV2Themed\" lang=\"EN-US\">oportunos<\/span><span class=\"TextRun SCXW26545995 BCX0 NormalTextRun\" lang=\"EN-US\"> con <\/span><span class=\"TextRun SCXW26545995 BCX0 NormalTextRun SpellingErrorV2Themed\" lang=\"EN-US\">esta<\/span><span class=\"TextRun SCXW26545995 BCX0 NormalTextRun\" lang=\"EN-US\"> <\/span><span class=\"TextRun SCXW26545995 BCX0 NormalTextRun SpellingErrorV2Themed\" lang=\"EN-US\">cooperaci\u00f3n<\/span><span class=\"TextRun SCXW26545995 BCX0 NormalTextRun\" lang=\"EN-US\"> bilateral\u201d. <\/span><\/em><span class=\"TextRun SCXW26545995 BCX0 NormalTextRun SpellingErrorV2Themed\" lang=\"EN-US\">Adem\u00e1s<\/span><span class=\"TextRun SCXW26545995 BCX0 NormalTextRun\" lang=\"EN-US\">, <\/span><span class=\"TextRun SCXW26545995 BCX0 NormalTextRun SpellingErrorV2Themed\" lang=\"EN-US\">subray\u00f3<\/span><span class=\"TextRun SCXW26545995 BCX0 NormalTextRun\" lang=\"EN-US\"> <\/span><span class=\"TextRun SCXW26545995 BCX0 NormalTextRun SpellingErrorV2Themed\" lang=\"EN-US\">que<\/span><span class=\"TextRun SCXW26545995 BCX0 NormalTextRun\" lang=\"EN-US\"> <\/span><span class=\"TextRun SCXW26545995 BCX0 NormalTextRun SpellingErrorV2Themed\" lang=\"EN-US\">el<\/span><span class=\"TextRun SCXW26545995 BCX0 NormalTextRun\" lang=\"EN-US\"> <\/span><span class=\"TextRun SCXW26545995 BCX0 NormalTextRun SpellingErrorV2Themed\" lang=\"EN-US\">esp\u00edritu<\/span><span class=\"TextRun SCXW26545995 BCX0 NormalTextRun\" lang=\"EN-US\"> <\/span><span class=\"TextRun SCXW26545995 BCX0 NormalTextRun SpellingErrorV2Themed\" lang=\"EN-US\">que<\/span><span class=\"TextRun SCXW26545995 BCX0 NormalTextRun\" lang=\"EN-US\"> <\/span><span class=\"TextRun SCXW26545995 BCX0 NormalTextRun SpellingErrorV2Themed\" lang=\"EN-US\">ordena<\/span><span class=\"TextRun SCXW26545995 BCX0 NormalTextRun\" lang=\"EN-US\"> <\/span><span class=\"TextRun SCXW26545995 BCX0 NormalTextRun SpellingErrorV2Themed\" lang=\"EN-US\">este<\/span><span class=\"TextRun SCXW26545995 BCX0 NormalTextRun\" lang=\"EN-US\"> <\/span><span class=\"TextRun SCXW26545995 BCX0 NormalTextRun SpellingErrorV2Themed\" lang=\"EN-US\">instrumento<\/span><span class=\"TextRun SCXW26545995 BCX0 NormalTextRun\" lang=\"EN-US\"> <\/span><span class=\"TextRun SCXW26545995 BCX0 NormalTextRun SpellingErrorV2Themed\" lang=\"EN-US\">est\u00e1<\/span><span class=\"TextRun SCXW26545995 BCX0 NormalTextRun\" lang=\"EN-US\"> <\/span><span class=\"TextRun SCXW26545995 BCX0 NormalTextRun SpellingErrorV2Themed\" lang=\"EN-US\">basado<\/span><span class=\"TextRun SCXW26545995 BCX0 NormalTextRun\" lang=\"EN-US\"> <\/span><span class=\"TextRun SCXW26545995 BCX0 NormalTextRun SpellingErrorV2Themed\" lang=\"EN-US\">en<\/span><span class=\"TextRun SCXW26545995 BCX0 NormalTextRun\" lang=\"EN-US\"> la<\/span><em><span class=\"TextRun SCXW26545995 BCX0 NormalTextRun\" lang=\"EN-US\"> \u201c<\/span><span class=\"TextRun SCXW26545995 BCX0 NormalTextRun SpellingErrorV2Themed\" lang=\"EN-US\">igualdad<\/span><span class=\"TextRun SCXW26545995 BCX0 NormalTextRun\" lang=\"EN-US\">, <\/span><span class=\"TextRun SCXW26545995 BCX0 NormalTextRun SpellingErrorV2Themed\" lang=\"EN-US\">reciprocidad<\/span><span class=\"TextRun SCXW26545995 BCX0 NormalTextRun\" lang=\"EN-US\"> y <\/span><span class=\"TextRun SCXW26545995 BCX0 NormalTextRun SpellingErrorV2Themed\" lang=\"EN-US\">asistencia<\/span><span class=\"TextRun SCXW26545995 BCX0 NormalTextRun\" lang=\"EN-US\"> <\/span><span class=\"TextRun SCXW26545995 BCX0 NormalTextRun SpellingErrorV2Themed\" lang=\"EN-US\">mutua<\/span><span class=\"TextRun SCXW26545995 BCX0 NormalTextRun\" lang=\"EN-US\">, <\/span><span class=\"TextRun SCXW26545995 BCX0 NormalTextRun SpellingErrorV2Themed\" lang=\"EN-US\">siendo<\/span><span class=\"TextRun SCXW26545995 BCX0 NormalTextRun\" lang=\"EN-US\"> <\/span><span class=\"TextRun SCXW26545995 BCX0 NormalTextRun SpellingErrorV2Themed\" lang=\"EN-US\">esa<\/span><span class=\"TextRun SCXW26545995 BCX0 NormalTextRun\" lang=\"EN-US\"> la base <\/span><span class=\"TextRun SCXW26545995 BCX0 NormalTextRun SpellingErrorV2Themed\" lang=\"EN-US\">sobre<\/span><span class=\"TextRun SCXW26545995 BCX0 NormalTextRun\" lang=\"EN-US\"> la <\/span><span class=\"TextRun SCXW26545995 BCX0 NormalTextRun SpellingErrorV2Themed\" lang=\"EN-US\">que<\/span><span class=\"TextRun SCXW26545995 BCX0 NormalTextRun\" lang=\"EN-US\"> se <\/span><span class=\"TextRun SCXW26545995 BCX0 NormalTextRun SpellingErrorV2Themed\" lang=\"EN-US\">construye<\/span><span class=\"TextRun SCXW26545995 BCX0 NormalTextRun\" lang=\"EN-US\"> <\/span><span class=\"TextRun SCXW26545995 BCX0 NormalTextRun SpellingErrorV2Themed\" lang=\"EN-US\">una<\/span><span class=\"TextRun SCXW26545995 BCX0 NormalTextRun\" lang=\"EN-US\"> <\/span><span class=\"TextRun SCXW26545995 BCX0 NormalTextRun SpellingErrorV2Themed\" lang=\"EN-US\">cooperaci\u00f3n<\/span><span class=\"TextRun SCXW26545995 BCX0 NormalTextRun\" lang=\"EN-US\"> seria y <\/span><span class=\"TextRun SCXW26545995 BCX0 NormalTextRun SpellingErrorV2Themed\" lang=\"EN-US\">duradera<\/span><span class=\"TextRun SCXW26545995 BCX0 NormalTextRun\" lang=\"EN-US\"> entre <\/span><span class=\"TextRun SCXW26545995 BCX0 NormalTextRun SpellingErrorV2Themed\" lang=\"EN-US\">estados<\/span><span class=\"TextRun SCXW26545995 BCX0 NormalTextRun\" lang=\"EN-US\">, y es la forma <\/span><span class=\"TextRun SCXW26545995 BCX0 NormalTextRun SpellingErrorV2Themed\" lang=\"EN-US\">en<\/span><span class=\"TextRun SCXW26545995 BCX0 NormalTextRun\" lang=\"EN-US\"> <\/span><span class=\"TextRun SCXW26545995 BCX0 NormalTextRun SpellingErrorV2Themed\" lang=\"EN-US\">que<\/span><span class=\"TextRun SCXW26545995 BCX0 NormalTextRun\" lang=\"EN-US\"> la Rep\u00fablica Dominicana <\/span><span class=\"TextRun SCXW26545995 BCX0 NormalTextRun SpellingErrorV2Themed\" lang=\"EN-US\">entiende<\/span><span class=\"TextRun SCXW26545995 BCX0 NormalTextRun\" lang=\"EN-US\"> <\/span><span class=\"TextRun SCXW26545995 BCX0 NormalTextRun SpellingErrorV2Themed\" lang=\"EN-US\">su<\/span><span class=\"TextRun SCXW26545995 BCX0 NormalTextRun\" lang=\"EN-US\"> <\/span><span class=\"TextRun SCXW26545995 BCX0 NormalTextRun SpellingErrorV2Themed\" lang=\"EN-US\">lugar<\/span><span class=\"TextRun SCXW26545995 BCX0 NormalTextRun\" lang=\"EN-US\"> <\/span><span class=\"TextRun SCXW26545995 BCX0 NormalTextRun SpellingErrorV2Themed\" lang=\"EN-US\">en<\/span><span class=\"TextRun SCXW26545995 BCX0 NormalTextRun\" lang=\"EN-US\"> <\/span><span class=\"TextRun SCXW26545995 BCX0 NormalTextRun SpellingErrorV2Themed\" lang=\"EN-US\">el<\/span><span class=\"TextRun SCXW26545995 BCX0 NormalTextRun\" lang=\"EN-US\"> <\/span><span class=\"TextRun SCXW26545995 BCX0 NormalTextRun SpellingErrorV2Themed\" lang=\"EN-US\">concierto<\/span><span class=\"TextRun SCXW26545995 BCX0 NormalTextRun\" lang=\"EN-US\"> <\/span><span class=\"TextRun SCXW26545995 BCX0 NormalTextRun SpellingErrorV2Themed\" lang=\"EN-US\">internacional<\/span><span class=\"TextRun SCXW26545995 BCX0 NormalTextRun\" lang=\"EN-US\">\u201d, <\/span><\/em><span class=\"TextRun SCXW26545995 BCX0 NormalTextRun SpellingErrorV2Themed\" lang=\"EN-US\">indic\u00f3<\/span><span class=\"TextRun SCXW26545995 BCX0 NormalTextRun\" lang=\"EN-US\"> la <\/span><span class=\"TextRun SCXW26545995 BCX0 NormalTextRun SpellingErrorV2Themed\" lang=\"EN-US\">ministra<\/span><span class=\"TextRun SCXW26545995 BCX0 NormalTextRun\" lang=\"EN-US\">.<\/span><span class=\"EOP SCXW26545995 BCX0\">\u00a0<\/span><\/p>\n<\/div>\n<div class=\"OutlineElement Ltr SCXW26545995 BCX0\">\n<p><span class=\"TextRun SCXW26545995 BCX0 NormalTextRun\" lang=\"ES-DO\">Mientras que, el ministro de Interior de Espa\u00f1a reconoci\u00f3 tambi\u00e9n la importancia de este tratado expres\u00f3 que: <\/span><em><span class=\"TextRun SCXW26545995 BCX0 NormalTextRun\" lang=\"ES-DO\">\u201cHoy damos un paso m\u00e1s en el fortalecimiento de nuestra alianza en materia de seguridad, incorporando un nuevo marco jur\u00eddico que refuerza los mecanismos de colaboraci\u00f3n y promueve el intercambio de informaci\u00f3n, la asistencia t\u00e9cnica y la formaci\u00f3n\u201d.<\/span><\/em><span class=\"EOP SCXW26545995 BCX0\">\u00a0<\/span><\/p>\n<\/div>\n<div class=\"OutlineElement Ltr SCXW26545995 BCX0\">\n<p><span class=\"TextRun SCXW26545995 BCX0 NormalTextRun\" lang=\"ES-DO\">El acuerdo tambi\u00e9n permitir\u00e1 el intercambio de<strong> experiencias, tecnolog\u00edas y buenas pr\u00e1cticas <\/strong>en procesos de investigaci\u00f3n criminal, as\u00ed como la formaci\u00f3n especializada de los cuerpos de seguridad, aportando al fortalecimiento de la seguridad ciudadana.<\/span><span class=\"EOP SCXW26545995 BCX0\">\u00a0<\/span><\/p>\n<\/div>\n<div class=\"OutlineElement Ltr SCXW26545995 BCX0\">\n<p><span class=\"TextRun SCXW26545995 BCX0 NormalTextRun\" lang=\"ES-DO\">Con esta firma, ambos pa\u00edses reafirman su compromiso de <strong>trabajar de forma coordinada<\/strong> en materia de seguridad frente a los desaf\u00edos de la criminalidad, en un contexto donde la cooperaci\u00f3n internacional es clave para garantizar <strong>mayor orden y seguridad ciudadana<\/strong>.<\/span><\/p>\n<\/div>\n<\/div>\n<div class=\"field field--name-field-image field--type-image field--label-hidden field__item\">  <img decoding=\"async\" loading=\"lazy\" src=\"https:\/\/www.presidencia.gob.do\/sites\/default\/files\/news\/2026-04\/Dise%C3%B1o%20sin%20t%C3%ADtulo%20%2859%29.png\" width=\"1300\" height=\"730\" alt=\"Policia\"><\/p>\n<\/div>\n<p>\u00a0Rep\u00fablica Dominicana firma tratado con Espa\u00f1a para fortalecer la prevenci\u00f3n y detecci\u00f3n del crimen organizado<br \/>\nrosahenriquez<br \/>\n29 de  Abril 2026 | 14:55<\/p>\n<p>Santo Domingo.- La Rep\u00fablica Dominicana y Espa\u00f1a firmaron un tratado internacional, con el objetivo de fortalecer la lucha contra la delincuencia organizada y mejorar los niveles de seguridad ciudadana en ambos pa\u00edses.\u00a0<\/p>\n<p>El acuerdo fue suscrito por la ministra de Interior y Polic\u00eda, Faride Raful, y el ministro de Interior de Espa\u00f1a, Fernando Grande-Marlaska G\u00f3mez, en el marco de la colaboraci\u00f3n bilateral para prevenir, detectar e investigar delitos que trascienden fronteras.\u00a0<\/p>\n<p>El tratado considera la cooperaci\u00f3n en una amplia gama de delitos, incluyendo el crimen organizado, el tr\u00e1fico de armas, el narcotr\u00e1fico, la trata de personas, los delitos financieros, la ciberdelincuencia, la violencia dom\u00e9stica y de g\u00e9nero, el robo y tr\u00e1fico de veh\u00edculos, el uso ilegal y la falsificaci\u00f3n de documentos de identidad, entre otras acciones delictivas que afectan la seguridad.\u00a0<\/p>\n<p>Adem\u00e1s, establece mecanismos de intercambio de informaci\u00f3n, investigaciones en conjunto y asistencia operativa, que permitir\u00e1n fortalecer la identificaci\u00f3n de sospechosos, la b\u00fasqueda de personas desaparecidas, la localizaci\u00f3n de redes delictivas y la recuperaci\u00f3n de bienes vinculados a actividades il\u00edcitas.\u00a0<\/p>\n<p>La ministra Faride Raful destac\u00f3 c\u00f3mo este tratado \u201choy ordena esa cooperaci\u00f3n en los frentes que la realidad criminal exige para convertirnos en m\u00e1s capaces, eficientes y m\u00e1s oportunos con esta cooperaci\u00f3n bilateral\u201d. Adem\u00e1s, subray\u00f3 que el esp\u00edritu que ordena este instrumento est\u00e1 basado en la \u201cigualdad, reciprocidad y asistencia mutua, siendo esa la base sobre la que se construye una cooperaci\u00f3n seria y duradera entre estados, y es la forma en que la Rep\u00fablica Dominicana entiende su lugar en el concierto internacional\u201d, indic\u00f3 la ministra.\u00a0<\/p>\n<p>Mientras que, el ministro de Interior de Espa\u00f1a reconoci\u00f3 tambi\u00e9n la importancia de este tratado expres\u00f3 que: \u201cHoy damos un paso m\u00e1s en el fortalecimiento de nuestra alianza en materia de seguridad, incorporando un nuevo marco jur\u00eddico que refuerza los mecanismos de colaboraci\u00f3n y promueve el intercambio de informaci\u00f3n, la asistencia t\u00e9cnica y la formaci\u00f3n\u201d.\u00a0<\/p>\n<p>El acuerdo tambi\u00e9n permitir\u00e1 el intercambio de experiencias, tecnolog\u00edas y buenas pr\u00e1cticas en procesos de investigaci\u00f3n criminal, as\u00ed como la formaci\u00f3n especializada de los cuerpos de seguridad, aportando al fortalecimiento de la seguridad ciudadana.\u00a0<\/p>\n<p>Con esta firma, ambos pa\u00edses reafirman su compromiso de trabajar de forma coordinada en materia de seguridad frente a los desaf\u00edos de la criminalidad, en un contexto donde la cooperaci\u00f3n internacional es clave para garantizar mayor orden y seguridad ciudadana.\u00a0\u00a0\u00a0<\/p>\n","protected":false},"excerpt":{"rendered":"<p>Rep\u00fablica Dominicana firma tratado con Espa\u00f1a para fortalecer la prevenci\u00f3n y detecci\u00f3n del crimen organizado rosahenriquez 29 de Abril 2026 | 14:55 Santo Domingo.- La Rep\u00fablica Dominicana y Espa\u00f1a firmaron un tratado internacional, con el objetivo de fortalecer la lucha contra la delincuencia organizada y mejorar los niveles de seguridad ciudadana en ambos pa\u00edses.\u00a0 El [&hellip;]<\/p>\n","protected":false},"author":1,"featured_media":26121,"comment_status":"open","ping_status":"open","sticky":false,"template":"","format":"standard","meta":{"amp_status":"","footnotes":""},"categories":[8],"tags":[],"class_list":["post-26120","post","type-post","status-publish","format-standard","has-post-thumbnail","hentry","category-republica"],"_links":{"self":[{"href":"https:\/\/ermdigital.com\/index.php?rest_route=\/wp\/v2\/posts\/26120","targetHints":{"allow":["GET"]}}],"collection":[{"href":"https:\/\/ermdigital.com\/index.php?rest_route=\/wp\/v2\/posts"}],"about":[{"href":"https:\/\/ermdigital.com\/index.php?rest_route=\/wp\/v2\/types\/post"}],"author":[{"embeddable":true,"href":"https:\/\/ermdigital.com\/index.php?rest_route=\/wp\/v2\/users\/1"}],"replies":[{"embeddable":true,"href":"https:\/\/ermdigital.com\/index.php?rest_route=%2Fwp%2Fv2%2Fcomments&post=26120"}],"version-history":[{"count":0,"href":"https:\/\/ermdigital.com\/index.php?rest_route=\/wp\/v2\/posts\/26120\/revisions"}],"wp:featuredmedia":[{"embeddable":true,"href":"https:\/\/ermdigital.com\/index.php?rest_route=\/wp\/v2\/media\/26121"}],"wp:attachment":[{"href":"https:\/\/ermdigital.com\/index.php?rest_route=%2Fwp%2Fv2%2Fmedia&parent=26120"}],"wp:term":[{"taxonomy":"category","embeddable":true,"href":"https:\/\/ermdigital.com\/index.php?rest_route=%2Fwp%2Fv2%2Fcategories&post=26120"},{"taxonomy":"post_tag","embeddable":true,"href":"https:\/\/ermdigital.com\/index.php?rest_route=%2Fwp%2Fv2%2Ftags&post=26120"}],"curies":[{"name":"wp","href":"https:\/\/api.w.org\/{rel}","templated":true}]}}