{"id":26114,"date":"2026-04-29T14:45:35","date_gmt":"2026-04-29T18:45:35","guid":{"rendered":"https:\/\/ermdigital.com\/?p=26114"},"modified":"2026-04-29T14:45:35","modified_gmt":"2026-04-29T18:45:35","slug":"ante-discusion-de-reforma-laboral-sindicatos-de-santiago-se-movilizan-en-defensa-de-la-cesantia","status":"publish","type":"post","link":"https:\/\/ermdigital.com\/?p=26114","title":{"rendered":"Ante discusi\u00f3n de reforma laboral, sindicatos de Santiago se movilizan en defensa de la cesant\u00eda\u00a0"},"content":{"rendered":"<p>&lt;![CDATA[<\/p>\n<p>La Confederaci\u00f3n Nacional de Unidad Sindical (CNUS), liderada por Rafael Francisco Abreu Polanco, realiz\u00f3 este mi\u00e9rcoles una marcha en la zona monumental de Santiago para reiterar su rechazo a posibles cambios en la cesant\u00eda laboral, en medio del proceso de reforma del C\u00f3digo de Trabajo que se debate en el Congreso Nacional.<\/p>\n<p><a href=\"https:\/\/listindiario.com\/la-republica\/20260429\/discusion-reforma-laboral-sindicatos-santiago-movilizan-defensa-cesantia_903746.html\">wf_cms.rss.read_more<\/a><\/p>\n<p>]]&gt;<\/p>\n<p>\u200bLa organizaci\u00f3n record\u00f3 que la propuesta original surgi\u00f3 tras un prolongado proceso de di\u00e1logo entre trabajadores, empresarios y el Gobierno. No obstante, sostienen que en esta etapa se intenta introducir variaciones que distorsionan los acuerdos alcanzados.\u00a0\u00a0La Rep\u00fablica\u00a0<\/p>\n","protected":false},"excerpt":{"rendered":"<p>&lt;![CDATA[ La Confederaci\u00f3n Nacional de Unidad Sindical (CNUS), liderada por Rafael Francisco Abreu Polanco, realiz\u00f3 este mi\u00e9rcoles una marcha en la zona monumental de Santiago para reiterar su rechazo a posibles cambios en la cesant\u00eda laboral, en medio del proceso de reforma del C\u00f3digo de Trabajo que se debate en el Congreso Nacional. wf_cms.rss.read_more ]]&gt; [&hellip;]<\/p>\n","protected":false},"author":1,"featured_media":26115,"comment_status":"open","ping_status":"open","sticky":false,"template":"","format":"standard","meta":{"amp_status":"","footnotes":""},"categories":[5],"tags":[],"class_list":["post-26114","post","type-post","status-publish","format-standard","has-post-thumbnail","hentry","category-politica"],"_links":{"self":[{"href":"https:\/\/ermdigital.com\/index.php?rest_route=\/wp\/v2\/posts\/26114","targetHints":{"allow":["GET"]}}],"collection":[{"href":"https:\/\/ermdigital.com\/index.php?rest_route=\/wp\/v2\/posts"}],"about":[{"href":"https:\/\/ermdigital.com\/index.php?rest_route=\/wp\/v2\/types\/post"}],"author":[{"embeddable":true,"href":"https:\/\/ermdigital.com\/index.php?rest_route=\/wp\/v2\/users\/1"}],"replies":[{"embeddable":true,"href":"https:\/\/ermdigital.com\/index.php?rest_route=%2Fwp%2Fv2%2Fcomments&post=26114"}],"version-history":[{"count":0,"href":"https:\/\/ermdigital.com\/index.php?rest_route=\/wp\/v2\/posts\/26114\/revisions"}],"wp:featuredmedia":[{"embeddable":true,"href":"https:\/\/ermdigital.com\/index.php?rest_route=\/wp\/v2\/media\/26115"}],"wp:attachment":[{"href":"https:\/\/ermdigital.com\/index.php?rest_route=%2Fwp%2Fv2%2Fmedia&parent=26114"}],"wp:term":[{"taxonomy":"category","embeddable":true,"href":"https:\/\/ermdigital.com\/index.php?rest_route=%2Fwp%2Fv2%2Fcategories&post=26114"},{"taxonomy":"post_tag","embeddable":true,"href":"https:\/\/ermdigital.com\/index.php?rest_route=%2Fwp%2Fv2%2Ftags&post=26114"}],"curies":[{"name":"wp","href":"https:\/\/api.w.org\/{rel}","templated":true}]}}