{"id":26112,"date":"2026-04-29T14:49:55","date_gmt":"2026-04-29T18:49:55","guid":{"rendered":"https:\/\/ermdigital.com\/?p=26112"},"modified":"2026-04-29T14:49:55","modified_gmt":"2026-04-29T18:49:55","slug":"comunidades-quedan-incomunicadas-por-crecida-del-rio-yaque-del-norte-en-castanuelas","status":"publish","type":"post","link":"https:\/\/ermdigital.com\/?p=26112","title":{"rendered":"Comunidades quedan incomunicadas por crecida del r\u00edo Yaque del Norte en Casta\u00f1uelas\u00a0"},"content":{"rendered":"<p>&lt;![CDATA[<\/p>\n<p>Varias comunidades quedaron incomunicadas este mi\u00e9rcoles tras la crecida del <b>r\u00edo Yaque del Norte, a su paso por el municipio de Casta\u00f1uelas<\/b>, como consecuencia de las constantes lluvias registradas en la zona.<\/p>\n<p><a href=\"https:\/\/listindiario.com\/la-republica\/20260429\/comunidades-quedan-incomunicadas-crecida-rio-yaque-norte-castanuelas_903743.html\">wf_cms.rss.read_more<\/a><\/p>\n<p>]]&gt;<\/p>\n<p>\u200bVarias comunidades quedaron incomunicadas este mi\u00e9rcoles tras la crecida del r\u00edo Yaque del Norte, a su paso por el municipio de Casta\u00f1uelas, como consecuencia de las constantes lluvias registradas en la zona.\u00a0\u00a0La Rep\u00fablica\u00a0<\/p>\n","protected":false},"excerpt":{"rendered":"<p>&lt;![CDATA[ Varias comunidades quedaron incomunicadas este mi\u00e9rcoles tras la crecida del r\u00edo Yaque del Norte, a su paso por el municipio de Casta\u00f1uelas, como consecuencia de las constantes lluvias registradas en la zona. wf_cms.rss.read_more ]]&gt; \u200bVarias comunidades quedaron incomunicadas este mi\u00e9rcoles tras la crecida del r\u00edo Yaque del Norte, a su paso por el municipio [&hellip;]<\/p>\n","protected":false},"author":1,"featured_media":26113,"comment_status":"open","ping_status":"open","sticky":false,"template":"","format":"standard","meta":{"amp_status":"","footnotes":""},"categories":[5],"tags":[],"class_list":["post-26112","post","type-post","status-publish","format-standard","has-post-thumbnail","hentry","category-politica"],"_links":{"self":[{"href":"https:\/\/ermdigital.com\/index.php?rest_route=\/wp\/v2\/posts\/26112","targetHints":{"allow":["GET"]}}],"collection":[{"href":"https:\/\/ermdigital.com\/index.php?rest_route=\/wp\/v2\/posts"}],"about":[{"href":"https:\/\/ermdigital.com\/index.php?rest_route=\/wp\/v2\/types\/post"}],"author":[{"embeddable":true,"href":"https:\/\/ermdigital.com\/index.php?rest_route=\/wp\/v2\/users\/1"}],"replies":[{"embeddable":true,"href":"https:\/\/ermdigital.com\/index.php?rest_route=%2Fwp%2Fv2%2Fcomments&post=26112"}],"version-history":[{"count":0,"href":"https:\/\/ermdigital.com\/index.php?rest_route=\/wp\/v2\/posts\/26112\/revisions"}],"wp:featuredmedia":[{"embeddable":true,"href":"https:\/\/ermdigital.com\/index.php?rest_route=\/wp\/v2\/media\/26113"}],"wp:attachment":[{"href":"https:\/\/ermdigital.com\/index.php?rest_route=%2Fwp%2Fv2%2Fmedia&parent=26112"}],"wp:term":[{"taxonomy":"category","embeddable":true,"href":"https:\/\/ermdigital.com\/index.php?rest_route=%2Fwp%2Fv2%2Fcategories&post=26112"},{"taxonomy":"post_tag","embeddable":true,"href":"https:\/\/ermdigital.com\/index.php?rest_route=%2Fwp%2Fv2%2Ftags&post=26112"}],"curies":[{"name":"wp","href":"https:\/\/api.w.org\/{rel}","templated":true}]}}