{"id":26110,"date":"2026-04-29T13:25:29","date_gmt":"2026-04-29T17:25:29","guid":{"rendered":"https:\/\/ermdigital.com\/?p=26110"},"modified":"2026-04-29T13:25:29","modified_gmt":"2026-04-29T17:25:29","slug":"fuerza-aerea-reconoce-a-ricardo-de-los-santos-por-su-labor-legislativa","status":"publish","type":"post","link":"https:\/\/ermdigital.com\/?p=26110","title":{"rendered":"Fuerza A\u00e9rea reconoce a Ricardo de los Santos por su labor legislativa"},"content":{"rendered":"<p><strong>Santo Domingo, 29 de abril de 2026.<\/strong>\u2013 El presidente del Senado, Ricardo de los Santos, fue reconocido por una delegaci\u00f3n de 18 oficiales de la Vig\u00e9sima Tercera Promoci\u00f3n de la Especialidad de Comando y Estado Mayor A\u00e9reo de la Fuerza A\u00e9rea de Rep\u00fablica Dominicana, en reconocimiento a sus aportes al pa\u00eds a trav\u00e9s de su labor legislativa.<\/p>\n<p>Durante una visita guiada al Senado de la Rep\u00fablica, los discentes de la Escuela de Graduados de Comando y Estado Mayor A\u00e9reo (EGCEMA) entregaron una placa de honor al legislador, representante de la provincia S\u00e1nchez Ram\u00edrez, como s\u00edmbolo de la distinci\u00f3n.<\/p>\n<p>El reconocimiento fue entregado por la teniente coronel Elizabeth Guerrero Germ\u00e1n, quien agradeci\u00f3 la oportunidad de que los oficiales pudieran conocer de cerca el funcionamiento del \u00f3rgano legislativo.<\/p>\n<p>\u201cAgradezco de coraz\u00f3n este noble gesto. Se hace necesario continuar fortaleciendo la cooperaci\u00f3n y la comunicaci\u00f3n entre nuestras instituciones\u201d, expres\u00f3 De los Santos al recibir la distinci\u00f3n.<\/p>\n<p>Como parte de la actividad, los oficiales tambi\u00e9n entregaron un obsequio al personal de la Divisi\u00f3n de Participaci\u00f3n Ciudadana y Pol\u00edtica de la Direcci\u00f3n de Representaci\u00f3n del Senado, en agradecimiento por las orientaciones ofrecidas durante la visita.<\/p>\n<p>El recorrido incluy\u00f3 el hemiciclo, el Sal\u00f3n de la Asamblea Nacional, la Galer\u00eda de Expresidentes del Senado y la Biblioteca Bicameral Juan Pablo Duarte.<\/p>\n<p><strong>Te puede interesar: <a href=\"https:\/\/deultimominuto.net\/nacionales\/senado-reconoce-en-santiago-a-destacadas-figuras-del-arte-y-la-cultura-de-la-region-del-cibao\/\">Senado reconoce en Santiago a destacadas figuras del arte y la cultura de la regi\u00f3n del Cibao<\/a><\/strong><\/p>\n<p>La delegaci\u00f3n estuvo encabezada por el coronel piloto Omar de Jes\u00fas Montas Disla, director de EGCEMA, junto al teniente coronel Joel S. Jim\u00e9nez Valdez, encargado del curso de la especialidad.<\/p>\n<p>El programa \u201cVisitas Guiadas\u201d permite que ciudadanos e instituciones conozcan el funcionamiento del Senado mediante solicitudes a trav\u00e9s de su portal web.<\/p>\n<\/p>\n<p>\u200bSanto Domingo, 29 de abril de 2026.\u2013 El presidente del Senado, Ricardo de los Santos, fue reconocido por una delegaci\u00f3n de 18 oficiales de la Vig\u00e9sima Tercera Promoci\u00f3n de la Especialidad de Comando y Estado Mayor A\u00e9reo de la Fuerza A\u00e9rea de Rep\u00fablica Dominicana, en reconocimiento a sus aportes al pa\u00eds a trav\u00e9s de su\u00a0\u00a0Uncategorized, Deultimominuto, Deultimominuto., ElPeri\u00f3dicodelaVerdad, Rep\u00fablica Dominicana\u00a0\u00a0<\/p>\n","protected":false},"excerpt":{"rendered":"<p>Santo Domingo, 29 de abril de 2026.\u2013 El presidente del Senado, Ricardo de los Santos, fue reconocido por una delegaci\u00f3n de 18 oficiales de la Vig\u00e9sima Tercera Promoci\u00f3n de la Especialidad de Comando y Estado Mayor A\u00e9reo de la Fuerza A\u00e9rea de Rep\u00fablica Dominicana, en reconocimiento a sus aportes al pa\u00eds a trav\u00e9s de su [&hellip;]<\/p>\n","protected":false},"author":1,"featured_media":26111,"comment_status":"open","ping_status":"open","sticky":false,"template":"","format":"standard","meta":{"amp_status":"","footnotes":""},"categories":[3],"tags":[],"class_list":["post-26110","post","type-post","status-publish","format-standard","has-post-thumbnail","hentry","category-de-ultimo-minuto"],"_links":{"self":[{"href":"https:\/\/ermdigital.com\/index.php?rest_route=\/wp\/v2\/posts\/26110","targetHints":{"allow":["GET"]}}],"collection":[{"href":"https:\/\/ermdigital.com\/index.php?rest_route=\/wp\/v2\/posts"}],"about":[{"href":"https:\/\/ermdigital.com\/index.php?rest_route=\/wp\/v2\/types\/post"}],"author":[{"embeddable":true,"href":"https:\/\/ermdigital.com\/index.php?rest_route=\/wp\/v2\/users\/1"}],"replies":[{"embeddable":true,"href":"https:\/\/ermdigital.com\/index.php?rest_route=%2Fwp%2Fv2%2Fcomments&post=26110"}],"version-history":[{"count":0,"href":"https:\/\/ermdigital.com\/index.php?rest_route=\/wp\/v2\/posts\/26110\/revisions"}],"wp:featuredmedia":[{"embeddable":true,"href":"https:\/\/ermdigital.com\/index.php?rest_route=\/wp\/v2\/media\/26111"}],"wp:attachment":[{"href":"https:\/\/ermdigital.com\/index.php?rest_route=%2Fwp%2Fv2%2Fmedia&parent=26110"}],"wp:term":[{"taxonomy":"category","embeddable":true,"href":"https:\/\/ermdigital.com\/index.php?rest_route=%2Fwp%2Fv2%2Fcategories&post=26110"},{"taxonomy":"post_tag","embeddable":true,"href":"https:\/\/ermdigital.com\/index.php?rest_route=%2Fwp%2Fv2%2Ftags&post=26110"}],"curies":[{"name":"wp","href":"https:\/\/api.w.org\/{rel}","templated":true}]}}