{"id":26108,"date":"2026-04-29T13:32:42","date_gmt":"2026-04-29T17:32:42","guid":{"rendered":"https:\/\/ermdigital.com\/?p=26108"},"modified":"2026-04-29T13:32:42","modified_gmt":"2026-04-29T17:32:42","slug":"familiares-denuncian-maltratos-y-aislamiento-de-internos-en-rafey-hombres-en-santiago","status":"publish","type":"post","link":"https:\/\/ermdigital.com\/?p=26108","title":{"rendered":"Familiares denuncian maltratos y aislamiento de internos en Rafey Hombres, en Santiago"},"content":{"rendered":"<p>Santiago.- Familiares de privados de libertad en el Centro de Correcci\u00f3n y Rehabilitaci\u00f3n Rafey Hombres denunciaron este mi\u00e9rcoles presuntos maltratos f\u00edsicos, aislamiento injustificado y restricciones en la comunicaci\u00f3n con los internos, sin que hasta el momento hayan recibido respuestas de las autoridades del recinto.<\/p>\n<p>Desde tempranas horas de la ma\u00f1ana madres y esposas se apostaron frente al penal en espera de explicaciones por parte de la direcci\u00f3n del centro penitenciario<\/p>\n<p>Aseguran que han intentado, sin \u00e9xito, establecer contacto con el director del centro.<\/p>\n<p>Alexandra Bez, esposa de un interno, afirm\u00f3 que su pareja habr\u00eda sido v\u00edctima de abusos y aislamiento. \u201cAh\u00ed tienen un abuso con los presos. Ahora lo han aislado, y eso es un maltrato tambi\u00e9n para los dem\u00e1s. No nos permiten comunicarnos con ellos\u201d, expres\u00f3.<\/p>\n<p>De su lado, Yeraldin \u00c1lvarez, tambi\u00e9n esposa de un recluso, denunci\u00f3 que los internos son incomunicados y sometidos a condiciones que calific\u00f3 de inhumanas. \u201cEstamos aqu\u00ed desde las ocho de la ma\u00f1ana esperando hablar con el director y nadie nos da la cara.<\/p>\n<p>Hemos decidido denunciar porque no aguantamos m\u00e1s esta situaci\u00f3n\u201d, indic\u00f3.<\/p>\n<p>En tanto, Ramona Tapia, madre de un privado de libertad, asegur\u00f3 que su hijo logr\u00f3 contactarla en horas de la noche para informarle que estaba recluido en condiciones precarias. \u201cMe dijo que lo ten\u00edan aislado y que no sab\u00eda por qu\u00e9. La comida que les dan es de mala calidad, y no permiten que uno les lleve nada\u201d, denunci\u00f3.<\/p>\n<p>Otra de las manifestantes, Fiordaliza G\u00f3mez, afirm\u00f3 que su hijo lleva varios d\u00edas sin poder comunicarse con ella. Seg\u00fan explic\u00f3, el joven habr\u00eda sido sancionado tras un incidente menor, pero considera que las medidas tomadas son excesivas. \u201cLo tienen aislado y no me dicen nada. Mi hijo no es problem\u00e1tico, y temo que le est\u00e9n haciendo da\u00f1o\u201d, sostuvo.<\/p>\n<figure class=\"wp-block-gallery has-nested-images columns-default is-cropped wp-block-gallery-1 is-layout-flex wp-block-gallery-is-layout-flex\">\n<figure class=\"wp-block-image size-large\"><img loading=\"lazy\" decoding=\"async\" width=\"1024\" height=\"576\" data-id=\"647922\" src=\"https:\/\/cdn.deultimominuto.net\/wp-content\/uploads\/2026\/04\/978ba756-b893-4b3b-a664-331d020355f7-1024x576.jpeg\" alt=\"Familiares denuncian maltratos y aislamiento de internos en Rafey Hombres, en Santiago - Noticias de hoy en Rep\u00fablica Dominicana | De \u00daltimo Minuto\" class=\"wp-image-647922\" title=\"Familiares denuncian maltratos y aislamiento de internos en Rafey Hombres, en Santiago | 2 |\"><\/figure>\n<figure class=\"wp-block-image size-large\"><img decoding=\"async\" loading=\"lazy\" width=\"1024\" height=\"576\" data-id=\"647923\" src=\"https:\/\/cdn.deultimominuto.net\/wp-content\/uploads\/2026\/04\/e7a234e4-8496-4c76-a341-2fed5ead370b-1024x576.jpeg\" alt=\"Familiares denuncian maltratos y aislamiento de internos en Rafey Hombres, en Santiago - Noticias de hoy en Rep\u00fablica Dominicana | De \u00daltimo Minuto\" class=\"wp-image-647923\" title=\"Familiares denuncian maltratos y aislamiento de internos en Rafey Hombres, en Santiago | 3 |\"><\/figure>\n<\/figure>\n<p>Los denunciantes tambi\u00e9n se\u00f1alaron que algunos internos estar\u00edan siendo amenazados para evitar que informen sobre la situaci\u00f3n dentro del penal.<\/p>\n<p>Hasta el momento de la informaci\u00f3n las autoridades del Centro de Correcci\u00f3n y Rehabilitaci\u00f3n Rafey Hombres no hab\u00edan ofrecido una versi\u00f3n oficial sobre las acusaciones.<\/p>\n<p>Los familiares advirtieron que continuar\u00e1n las protestas hasta obtener respuestas claras y garant\u00edas sobre la integridad de los internos.<\/p>\n<p>\u200bSantiago.- Familiares de privados de libertad en el Centro de Correcci\u00f3n y Rehabilitaci\u00f3n Rafey Hombres denunciaron este mi\u00e9rcoles presuntos maltratos f\u00edsicos, aislamiento injustificado y restricciones en la comunicaci\u00f3n con los internos, sin que hasta el momento hayan recibido respuestas de las autoridades del recinto. Desde tempranas horas de la ma\u00f1ana madres y esposas se apostaron\u00a0\u00a0Nacionales, Denuncia, Deultimominuto, ElPeri\u00f3dicodelaVerdad, internos, Maltrato, Rep\u00fablica Dominicana\u00a0\u00a0<\/p>\n","protected":false},"excerpt":{"rendered":"<p>Santiago.- Familiares de privados de libertad en el Centro de Correcci\u00f3n y Rehabilitaci\u00f3n Rafey Hombres denunciaron este mi\u00e9rcoles presuntos maltratos f\u00edsicos, aislamiento injustificado y restricciones en la comunicaci\u00f3n con los internos, sin que hasta el momento hayan recibido respuestas de las autoridades del recinto. Desde tempranas horas de la ma\u00f1ana madres y esposas se apostaron [&hellip;]<\/p>\n","protected":false},"author":1,"featured_media":26109,"comment_status":"open","ping_status":"open","sticky":false,"template":"","format":"standard","meta":{"amp_status":"","footnotes":""},"categories":[3],"tags":[],"class_list":["post-26108","post","type-post","status-publish","format-standard","has-post-thumbnail","hentry","category-de-ultimo-minuto"],"_links":{"self":[{"href":"https:\/\/ermdigital.com\/index.php?rest_route=\/wp\/v2\/posts\/26108","targetHints":{"allow":["GET"]}}],"collection":[{"href":"https:\/\/ermdigital.com\/index.php?rest_route=\/wp\/v2\/posts"}],"about":[{"href":"https:\/\/ermdigital.com\/index.php?rest_route=\/wp\/v2\/types\/post"}],"author":[{"embeddable":true,"href":"https:\/\/ermdigital.com\/index.php?rest_route=\/wp\/v2\/users\/1"}],"replies":[{"embeddable":true,"href":"https:\/\/ermdigital.com\/index.php?rest_route=%2Fwp%2Fv2%2Fcomments&post=26108"}],"version-history":[{"count":0,"href":"https:\/\/ermdigital.com\/index.php?rest_route=\/wp\/v2\/posts\/26108\/revisions"}],"wp:featuredmedia":[{"embeddable":true,"href":"https:\/\/ermdigital.com\/index.php?rest_route=\/wp\/v2\/media\/26109"}],"wp:attachment":[{"href":"https:\/\/ermdigital.com\/index.php?rest_route=%2Fwp%2Fv2%2Fmedia&parent=26108"}],"wp:term":[{"taxonomy":"category","embeddable":true,"href":"https:\/\/ermdigital.com\/index.php?rest_route=%2Fwp%2Fv2%2Fcategories&post=26108"},{"taxonomy":"post_tag","embeddable":true,"href":"https:\/\/ermdigital.com\/index.php?rest_route=%2Fwp%2Fv2%2Ftags&post=26108"}],"curies":[{"name":"wp","href":"https:\/\/api.w.org\/{rel}","templated":true}]}}