{"id":26106,"date":"2026-04-29T13:39:20","date_gmt":"2026-04-29T17:39:20","guid":{"rendered":"https:\/\/ermdigital.com\/?p=26106"},"modified":"2026-04-29T13:39:20","modified_gmt":"2026-04-29T17:39:20","slug":"enfermeras-del-hospital-marcelino-velez-santana-se-suman-a-paro-nacional-y-denuncian-abandono-del-sector","status":"publish","type":"post","link":"https:\/\/ermdigital.com\/?p=26106","title":{"rendered":"Enfermeras del Hospital Marcelino V\u00e9lez Santana se suman a paro nacional y denuncian abandono del sector"},"content":{"rendered":"<p>Santo Domingo Oeste.- Enfermeras del Hospital General Regional Doctor Marcelino V\u00e9lez Santana se integraron al paro nacional de 24 horas, en reclamo del cumplimiento de acuerdos laborales que, aseguran, han sido ignorados por las autoridades durante a\u00f1os.<\/p>\n<p>Durante la jornada de protesta, la licenciada B\u00e9rgez de la Rosa denunci\u00f3 que, pese a m\u00faltiples reuniones con representantes del sector salud, las demandas no han sido atendidas. \u201cSe nos convoca a reuniones que luego no se concretan o simplemente se nos informa que no pueden recibirnos. No estamos pidiendo, estamos exigiendo derechos adquiridos que se nos han negado\u201d, expres\u00f3.<\/p>\n<p>Entre las principales exigencias, el personal de enfermer\u00eda destac\u00f3 la aplicaci\u00f3n del incentivo por tiempo en servicio, el cual seg\u00fan afirmaron nunca ha sido implementado en ese centro hospitalario. Indicaron que este beneficio deber\u00eda otorgarse cada cinco a\u00f1os como reconocimiento a la antig\u00fcedad laboral.<\/p>\n<p>Asimismo, criticaron la falta de apoyo institucional para su formaci\u00f3n profesional. Se\u00f1alaron que, aunque son incentivadas a capacitarse y cursar estudios superiores, no reciben respaldo econ\u00f3mico ni facilidades para costear maestr\u00edas u otras especializaciones.<\/p>\n<p>Los manifestantes tambi\u00e9n denunciaron desigualdad frente a otros sectores del sistema de salud. \u201cA los m\u00e9dicos se les han otorgado sus demandas, pero a enfermer\u00eda se le mantiene en el olvido\u201d, afirmaron, al tiempo que expresaron su inconformidad con las condiciones laborales, incluyendo la falta de incentivos, dificultades para acceder a pensiones y precariedades en aspectos b\u00e1sicos como la alimentaci\u00f3n durante la jornada.<\/p>\n<p><strong><em>Te puede interesar: <a href=\"https:\/\/deultimominuto.net\/nacionales\/enfermeras-del-moscoso-puello-apoyan-el-paro-de-24-horas-y-exigen-firma-de-acuerdos\/\">Enfermeras del Moscoso Puello apoyan el paro de 24 horas y exigen firma de acuerdos<\/a><\/em><\/strong><\/p>\n<p>Advirtieron que el paro podr\u00eda escalar si no obtienen respuestas concretas, y aseguraron que llevar\u00e1n sus reclamos hasta el Palacio Nacional.<\/p>\n<p>El personal concluy\u00f3 la protesta reiterando su unidad y determinaci\u00f3n de continuar la lucha hasta lograr que sus demandas sean atendidas.<\/p>\n<p>\u200bSanto Domingo Oeste.- Enfermeras del Hospital General Regional Doctor Marcelino V\u00e9lez Santana se integraron al paro nacional de 24 horas, en reclamo del cumplimiento de acuerdos laborales que, aseguran, han sido ignorados por las autoridades durante a\u00f1os. Durante la jornada de protesta, la licenciada B\u00e9rgez de la Rosa denunci\u00f3 que, pese a m\u00faltiples reuniones con\u00a0\u00a0Nacionales, Deultimominuto, ElPeri\u00f3dicodelaVerdad, enfermeras, Marcelino velez, Rep\u00fablica Dominicana\u00a0\u00a0<\/p>\n","protected":false},"excerpt":{"rendered":"<p>Santo Domingo Oeste.- Enfermeras del Hospital General Regional Doctor Marcelino V\u00e9lez Santana se integraron al paro nacional de 24 horas, en reclamo del cumplimiento de acuerdos laborales que, aseguran, han sido ignorados por las autoridades durante a\u00f1os. Durante la jornada de protesta, la licenciada B\u00e9rgez de la Rosa denunci\u00f3 que, pese a m\u00faltiples reuniones con [&hellip;]<\/p>\n","protected":false},"author":1,"featured_media":26107,"comment_status":"open","ping_status":"open","sticky":false,"template":"","format":"standard","meta":{"amp_status":"","footnotes":""},"categories":[3],"tags":[],"class_list":["post-26106","post","type-post","status-publish","format-standard","has-post-thumbnail","hentry","category-de-ultimo-minuto"],"_links":{"self":[{"href":"https:\/\/ermdigital.com\/index.php?rest_route=\/wp\/v2\/posts\/26106","targetHints":{"allow":["GET"]}}],"collection":[{"href":"https:\/\/ermdigital.com\/index.php?rest_route=\/wp\/v2\/posts"}],"about":[{"href":"https:\/\/ermdigital.com\/index.php?rest_route=\/wp\/v2\/types\/post"}],"author":[{"embeddable":true,"href":"https:\/\/ermdigital.com\/index.php?rest_route=\/wp\/v2\/users\/1"}],"replies":[{"embeddable":true,"href":"https:\/\/ermdigital.com\/index.php?rest_route=%2Fwp%2Fv2%2Fcomments&post=26106"}],"version-history":[{"count":0,"href":"https:\/\/ermdigital.com\/index.php?rest_route=\/wp\/v2\/posts\/26106\/revisions"}],"wp:featuredmedia":[{"embeddable":true,"href":"https:\/\/ermdigital.com\/index.php?rest_route=\/wp\/v2\/media\/26107"}],"wp:attachment":[{"href":"https:\/\/ermdigital.com\/index.php?rest_route=%2Fwp%2Fv2%2Fmedia&parent=26106"}],"wp:term":[{"taxonomy":"category","embeddable":true,"href":"https:\/\/ermdigital.com\/index.php?rest_route=%2Fwp%2Fv2%2Fcategories&post=26106"},{"taxonomy":"post_tag","embeddable":true,"href":"https:\/\/ermdigital.com\/index.php?rest_route=%2Fwp%2Fv2%2Ftags&post=26106"}],"curies":[{"name":"wp","href":"https:\/\/api.w.org\/{rel}","templated":true}]}}