{"id":26100,"date":"2026-04-29T13:48:13","date_gmt":"2026-04-29T17:48:13","guid":{"rendered":"https:\/\/ermdigital.com\/?p=26100"},"modified":"2026-04-29T13:48:13","modified_gmt":"2026-04-29T17:48:13","slug":"faride-raful-firma-tratado-internacional-con-espana-para-fortalecer-la-prevencion-y-deteccion-del-crimen-organizado","status":"publish","type":"post","link":"https:\/\/ermdigital.com\/?p=26100","title":{"rendered":"Faride Raful firma tratado internacional con Espa\u00f1a para fortalecer la prevenci\u00f3n y detecci\u00f3n del crimen organizado"},"content":{"rendered":"<p><strong>Santo Domingo, RD.- <\/strong>La Rep\u00fablica Dominicana y Espa\u00f1a firmaron un tratado internacional, con el objetivo de fortalecer la lucha contra la delincuencia organizada y mejorar los niveles de seguridad ciudadana en ambos pa\u00edses.<\/p>\n<p>El acuerdo fue suscrito por la ministra de Interior y Polic\u00eda, <a href=\"https:\/\/deultimominuto.net\/nacionales\/faride-raful-propone-aprendizaje\/\" data-type=\"post\" data-id=\"619813\">Faride Raful <\/a>y el ministro de Interior de Espa\u00f1a, Fernando Grande-Marlaska G\u00f3mez, en el marco de la colaboraci\u00f3n bilateral para prevenir, detectar e investigar delitos que trascienden fronteras.<\/p>\n<h3 class=\"wp-block-heading\"><strong><em>Leer m\u00e1s: <a href=\"https:\/\/deultimominuto.net\/nacionales\/ministra-faride-raful-escucha\/\" data-type=\"post\" data-id=\"641816\">Ministra Faride Raful escucha reclamos y coordina soluciones en Bonao<\/a><\/em><\/strong><\/h3>\n<p>El tratado considera la cooperaci\u00f3n en una amplia gama de delitos, incluyendo el crimen organizado, el tr\u00e1fico de armas, el narcotr\u00e1fico, la trata de personas, los delitos financieros, la ciberdelincuencia, la violencia dom\u00e9stica y de g\u00e9nero, el robo y tr\u00e1fico de veh\u00edculos, el uso ilegal y la falsificaci\u00f3n de documentos de identidad, entre otras acciones delictivas que afectan la seguridad.<\/p>\n<p>Adem\u00e1s, establece mecanismos de intercambio de informaci\u00f3n, investigaciones en conjunto y asistencia operativa, que permitir\u00e1n fortalecer la identificaci\u00f3n de sospechosos, la b\u00fasqueda de personas desaparecidas, la localizaci\u00f3n de redes delictivas y la recuperaci\u00f3n de bienes vinculados a actividades il\u00edcitas.<\/p>\n<p>La ministra Faride Raful destac\u00f3 c\u00f3mo este tratado \u201choy ordena esa cooperaci\u00f3n en los frentes que la realidad criminal exige para convertirnos en m\u00e1s capaces, eficientes y m\u00e1s oportunos con esta cooperaci\u00f3n bilateral, Adem\u00e1s, subray\u00f3 que el esp\u00edritu que ordena este instrumento est\u00e1 basado en la \u201cigualdad, reciprocidad y asistencia mutua, siendo esa la base sobre la que se construye una cooperaci\u00f3n seria y duradera entre estados, y es la forma en que la Rep\u00fablica Dominicana entiende su lugar en el concierto internacional\u201d, indic\u00f3 la ministra.<\/p>\n<p>Por su parte, el ministro de Interior de Espa\u00f1a reconoci\u00f3 tambi\u00e9n la importancia de este tratado expres\u00f3 que: \u201cHoy damos un paso m\u00e1s en el fortalecimiento de nuestra alianza en materia de seguridad, incorporando un nuevo marco jur\u00eddico que refuerza los mecanismos de colaboraci\u00f3n y promueve el intercambio de informaci\u00f3n, la asistencia t\u00e9cnica y la formaci\u00f3n\u201d.<\/p>\n<p>El acuerdo tambi\u00e9n permitir\u00e1 el intercambio de experiencias, tecnolog\u00edas y buenas pr\u00e1cticas en procesos de investigaci\u00f3n criminal, as\u00ed como la formaci\u00f3n especializada de los cuerpos de seguridad, aportando al fortalecimiento de la seguridad ciudadana.<\/p>\n<p>Con esta firma, ambos pa\u00edses reafirman su compromiso de trabajar de forma coordinada en materia de seguridad frente a los desaf\u00edos de la criminalidad en un contexto donde la cooperaci\u00f3n internacional es clave para garantizar mayor orden y seguridad ciudadana.<\/p>\n<p>\u200bSanto Domingo, RD.- La Rep\u00fablica Dominicana y Espa\u00f1a firmaron un tratado internacional, con el objetivo de fortalecer la lucha contra la delincuencia organizada y mejorar los niveles de seguridad ciudadana en ambos pa\u00edses. El acuerdo fue suscrito por la ministra de Interior y Polic\u00eda, Faride Raful y el ministro de Interior de Espa\u00f1a, Fernando Grande-Marlaska\u00a0\u00a0Nacionales, crimen, Deultimominuto, Espa\u00f1a, Faride Raful, Ministra, prevenci\u00f3n, Rep\u00fablica Dominicana\u00a0\u00a0<\/p>\n","protected":false},"excerpt":{"rendered":"<p>Santo Domingo, RD.- La Rep\u00fablica Dominicana y Espa\u00f1a firmaron un tratado internacional, con el objetivo de fortalecer la lucha contra la delincuencia organizada y mejorar los niveles de seguridad ciudadana en ambos pa\u00edses. El acuerdo fue suscrito por la ministra de Interior y Polic\u00eda, Faride Raful y el ministro de Interior de Espa\u00f1a, Fernando Grande-Marlaska [&hellip;]<\/p>\n","protected":false},"author":1,"featured_media":26101,"comment_status":"open","ping_status":"open","sticky":false,"template":"","format":"standard","meta":{"amp_status":"","footnotes":""},"categories":[3],"tags":[],"class_list":["post-26100","post","type-post","status-publish","format-standard","has-post-thumbnail","hentry","category-de-ultimo-minuto"],"_links":{"self":[{"href":"https:\/\/ermdigital.com\/index.php?rest_route=\/wp\/v2\/posts\/26100","targetHints":{"allow":["GET"]}}],"collection":[{"href":"https:\/\/ermdigital.com\/index.php?rest_route=\/wp\/v2\/posts"}],"about":[{"href":"https:\/\/ermdigital.com\/index.php?rest_route=\/wp\/v2\/types\/post"}],"author":[{"embeddable":true,"href":"https:\/\/ermdigital.com\/index.php?rest_route=\/wp\/v2\/users\/1"}],"replies":[{"embeddable":true,"href":"https:\/\/ermdigital.com\/index.php?rest_route=%2Fwp%2Fv2%2Fcomments&post=26100"}],"version-history":[{"count":0,"href":"https:\/\/ermdigital.com\/index.php?rest_route=\/wp\/v2\/posts\/26100\/revisions"}],"wp:featuredmedia":[{"embeddable":true,"href":"https:\/\/ermdigital.com\/index.php?rest_route=\/wp\/v2\/media\/26101"}],"wp:attachment":[{"href":"https:\/\/ermdigital.com\/index.php?rest_route=%2Fwp%2Fv2%2Fmedia&parent=26100"}],"wp:term":[{"taxonomy":"category","embeddable":true,"href":"https:\/\/ermdigital.com\/index.php?rest_route=%2Fwp%2Fv2%2Fcategories&post=26100"},{"taxonomy":"post_tag","embeddable":true,"href":"https:\/\/ermdigital.com\/index.php?rest_route=%2Fwp%2Fv2%2Ftags&post=26100"}],"curies":[{"name":"wp","href":"https:\/\/api.w.org\/{rel}","templated":true}]}}